{"id":92148,"date":"2025-10-14T08:30:03","date_gmt":"2025-10-14T06:30:03","guid":{"rendered":"https:\/\/appelloalpopolo.it\/?p=92148"},"modified":"2025-10-12T13:57:22","modified_gmt":"2025-10-12T11:57:22","slug":"germania-sipario-sul-burgergeld-la-riforma-che-scuote-il-welfare-europeo-tra-sanzioni-e-dignita-cosa-ci-insegna-il-modello-tedesco","status":"publish","type":"post","link":"https:\/\/appelloalpopolo.it\/?p=92148","title":{"rendered":"Germania, sipario sul B\u00fcrgergeld: la riforma che scuote il welfare europeo. Tra sanzioni e dignit\u00e0, cosa ci insegna il modello tedesco?"},"content":{"rendered":"<p><strong>di VOCIDALLAGERMANIA (redazione)<\/strong><\/p>\n<p>&nbsp;<\/p>\n<div class=\"bs-blog-thumb\"><img loading=\"lazy\" decoding=\"async\" class=\"img-fluid attachment-full size-full wp-post-image\" src=\"https:\/\/vocidallagermania.it\/wp-content\/uploads\/2025\/06\/Gemini_Generated_Image_au5vt1au5vt1au5v.jpg\" alt=\"riforma b\u00fcrgergeld germania\" width=\"2048\" height=\"2048\" \/><\/div>\n<article class=\"small single\">\n<div class=\"wp-block-spacer\" aria-hidden=\"true\"><\/div>\n<p class=\"has-medium-font-size\"><strong>Qual \u00e8 il confine esatto tra un aiuto e un\u2019imposizione?<\/strong>\u00a0Tra un sostegno offerto per ripartire e una pressione che, anzich\u00e9 sollevare, rischia di schiacciare? Questa non \u00e8 una domanda astratta. In Germania, cuore economico e sociale d\u2019Europa, una riforma radicale sta ridisegnando proprio questo confine, cancellando una parola dal vocabolario del suo welfare:\u00a0<em>B\u00fcrgergeld<\/em>.<\/p>\n<p class=\"has-medium-font-size\"><strong>Il\u00a0<a href=\"https:\/\/vocidallagermania.it\/tag\/burgergeld\/\">\u201creddito del cittadino\u201d,<\/a>\u00a0nato con la promessa\u00a0<\/strong>di un patto di fiducia tra lo Stato e chi si trova in difficolt\u00e0, sta per essere archiviato. Al suo posto, avanza una logica che molti credevano superata: quella della paura, del controllo, della sanzione. Ma questa non \u00e8 solo una notizia per addetti ai lavori o un arido cambio di legge. \u00c8 una storia che parla a tutti noi. Parla del valore che diamo al lavoro, della dignit\u00e0 di chi si trova senza, e della perenne tensione tra responsabilit\u00e0 individuale e solidariet\u00e0 collettiva. \u00c8 davvero una questione di pigrizia, come sostengono i promotori della riforma, o c\u2019\u00e8 in gioco qualcosa di molto pi\u00f9 profondo?<\/p>\n<div class=\"wp-block-spacer\" aria-hidden=\"true\"><\/div>\n<figure class=\"wp-block-image size-large\"><img loading=\"lazy\" decoding=\"async\" class=\"wp-image-2762\" src=\"https:\/\/vocidallagermania.it\/wp-content\/uploads\/2025\/05\/Gemini_Generated_Image_4y8wxk4y8wxk4y8w-960x960.jpeg\" alt=\"B\u00fcrgergeld vs. Stipendio in Germania\" width=\"960\" height=\"960\" \/><\/figure>\n<div class=\"wp-block-spacer\" aria-hidden=\"true\"><\/div>\n<h4 class=\"wp-block-heading has-medium-font-size\"><strong>Dal \u201cB\u00fcrgergeld\u201d alla \u201cNuova Sicurezza di Base\u201d: non solo un cambio di nome<\/strong><\/h4>\n<p class=\"has-medium-font-size\">La prima mossa della riforma \u00e8 simbolica ma potentissima: la parola \u201cB\u00fcrgergeld\u201d verr\u00e0 cancellata dai testi di legge. Al suo posto, un\u2019espressione pi\u00f9 fredda e burocratica:\u00a0<strong>\u201cNeue Grundsicherung\u201d<\/strong>, ovvero \u201cNuova Sicurezza di Base\u201d. Non \u00e8 un semplice rebranding. \u00c8 la dichiarazione di un cambio di filosofia. Come sottolinea la stampa tedesca pi\u00f9 critica, si sta passando dall\u2019idea del Jobcenter come \u201cpartner di cooperazione\u201d a quella di \u201cistituto di correzione\u201d (<em>Besserungsanstalt<\/em>).<\/p>\n<p class=\"has-medium-font-size\"><a href=\"https:\/\/vocidallagermania.it\/category\/burgergeld\/\">L\u2019ambizione del B\u00fcrgergeld,<\/a>\u00a0introdotto per superare la famigerata durezza del precedente sistema \u201cHartz IV\u201d, era quella di mettere al centro la persona. Si parlava di considerare le aspirazioni dei disoccupati, di investire in formazione a lungo termine, di costruire un rapporto di fiducia. Oggi, quella fiducia sembra essere venuta meno. Il nuovo paradigma si basa su un vecchio principio, quello del\u00a0<em>F\u00f6rdern und Fordern<\/em>, \u201csostenere e pretendere\u201d. Ma l\u2019equilibrio, secondo molti osservatori, si sta spostando pericolosamente tutto sul secondo termine:\u00a0<strong>pretendere<\/strong>.<\/p>\n<div class=\"wp-block-spacer\" aria-hidden=\"true\"><\/div>\n<div class=\"wp-block-image\">\n<figure class=\"aligncenter size-full is-resized\"><img loading=\"lazy\" decoding=\"async\" class=\"wp-image-3107\" src=\"https:\/\/vocidallagermania.it\/wp-content\/uploads\/2025\/08\/Gemini_Generated_Image_v3an05v3an05v3an.png\" alt=\"polemica burgergeld\" width=\"600\" height=\"327\" \/><\/figure>\n<\/div>\n<div class=\"wp-block-spacer\" aria-hidden=\"true\"><\/div>\n<h4 class=\"wp-block-heading has-medium-font-size\"><strong>\u201cPriorit\u00e0 al Collocamento\u201d: la dottrina del lavoro a ogni costo in Germania<\/strong><\/h4>\n<p class=\"has-medium-font-size\">Al centro della riforma c\u2019\u00e8 un concetto chiave: il\u00a0<strong>\u201cVermittlungsvorrang\u201d<\/strong>, la priorit\u00e0 assoluta al collocamento. Cosa significa in pratica? Pensiamo alla storia di un tecnico specializzato, un uomo di 45 anni con una carriera nell\u2019industria meccanica, che ha perso il lavoro a causa di una ristrutturazione aziendale. Con il B\u00fcrgergeld, il suo consulente del Jobcenter avrebbe potuto pianificare un corso di aggiornamento sulle nuove tecnologie digitali, un investimento per renderlo pi\u00f9 competitivo nel suo settore.<\/p>\n<p class=\"has-medium-font-size\">Con la<a href=\"https:\/\/vocidallagermania.it\/tag\/riforma-burgergeld-2025-2\/\">\u00a0nuova Grundsicherung,<\/a>\u00a0lo scenario cambia radicalmente. Se si presenta un\u2019offerta di lavoro immediata in un magazzino, in un\u2019azienda di pulizie o come rider per le consegne, quella avr\u00e0 la precedenza. L\u2019obiettivo non \u00e8 pi\u00f9 trovare il lavoro\u00a0<em>giusto<\/em>, ma trovare un lavoro,\u00a0<em>qualsiasi<\/em>\u00a0lavoro, il pi\u00f9 in fretta possibile. La logica del governo \u00e8 chiara: il modo migliore per uscire dalla disoccupazione \u00e8 lavorare, anche in un settore a bassa qualifica e con un salario minimo. Ma questa logica non \u00e8 priva di conseguenze. Spinge le persone verso un potenziale de-skilling, una svalutazione delle proprie competenze, e rischia di intrappolarle in un settore a basso salario dal quale \u00e8 poi difficile uscire.<\/p>\n<div class=\"wp-block-spacer\" aria-hidden=\"true\"><\/div>\n<figure class=\"wp-block-image size-large\"><img loading=\"lazy\" decoding=\"async\" class=\"wp-image-70\" src=\"https:\/\/vocidallagermania.it\/wp-content\/uploads\/2024\/06\/4a524175-beb6-4441-8f38-d7b1b784fb87-960x960.jpeg\" alt=\"B\u00fcrgergeld 2025\" width=\"960\" height=\"960\" \/><\/figure>\n<div class=\"wp-block-spacer\" aria-hidden=\"true\"><\/div>\n<h4 class=\"wp-block-heading has-medium-font-size\"><strong>Le Sanzioni: come la Germania stringe le viti sul sussidio di disoccupazione<\/strong><\/h4>\n<p class=\"has-medium-font-size\">Il braccio operativo di questa nuova dottrina \u00e8 un sistema di sanzioni pi\u00f9 rapido e severo. La regola \u00e8 diventata spietatamente semplice: chi non si presenta ripetutamente agli appuntamenti o rifiuta un\u2019offerta di lavoro \u201cragionevole\u201d (secondo i nuovi criteri) subir\u00e0 tagli drastici. Si parla di una logica a scalare:\u00a0<strong>tre assenze ingiustificate e il sussidio viene azzerato<\/strong>. Alla quarta, si rischia di perdere anche il contributo per l\u2019affitto.<\/p>\n<p class=\"has-medium-font-size\">Questa non \u00e8 una novit\u00e0 assoluta. La minaccia delle sanzioni \u00e8 sempre stata un filo rosso nel dibattito sul welfare tedesco. Ma la nuova durezza e la retorica che la accompagna segnano un deciso cambio di passo. Si vuole mandare un messaggio forte e chiaro: l\u2019assistenza dello Stato non \u00e8 un diritto incondizionato, ma un\u2019ancora di salvezza temporanea, condizionata a una piena e totale collaborazione. Il rischio, per\u00f2, \u00e8 che questa pressione non colpisca solo i pochi \u201cfinti pigri\u201d, ma si abbatta con violenza su chi \u00e8 gi\u00e0 fragile: persone con problemi di salute mentale, con difficolt\u00e0 linguistiche o con complesse situazioni familiari che rendono difficile rispettare la rigida burocrazia.<\/p>\n<div class=\"wp-block-spacer\" aria-hidden=\"true\"><\/div>\n<figure class=\"wp-block-image size-large\"><img loading=\"lazy\" decoding=\"async\" class=\"wp-image-2982\" src=\"https:\/\/vocidallagermania.it\/wp-content\/uploads\/2025\/06\/Gemini_Generated_Image_5dphqh5dphqh5dph-960x960.jpeg\" alt=\"Riforma del Lavoro in Germania\" width=\"960\" height=\"960\" \/><\/figure>\n<div class=\"wp-block-spacer\" aria-hidden=\"true\"><\/div>\n<h4 class=\"wp-block-heading has-medium-font-size\"><strong>\u201cBasta furbetti\u201d: la narrazione politica dietro la stretta sul welfare tedesco<\/strong><\/h4>\n<p class=\"has-medium-font-size\">Perch\u00e9 questa svolta, e perch\u00e9 proprio ora? La risposta sta nella potente narrazione politica costruita attorno alla riforma. Il Cancelliere Merz \u00e8 stato esplicito: il B\u00fcrgergeld, ha dichiarato, \u00e8 stato \u201cfrainteso da molti come una specie di reddito di base incondizionato\u201d. L\u2019obiettivo \u00e8 \u201crimuovere questo malinteso\u201d e combattere gli abusi. Secondo le stime del governo, riportare al lavoro 100.000 persone genererebbe un risparmio di oltre un miliardo di euro.<\/p>\n<p class=\"has-medium-font-size\">\u00c8 un discorso che risuona familiare anche in Italia, dove il dibattito sul Reddito di Cittadinanza \u00e8 stato dominato da temi simili. \u00c8 la narrazione dei \u201cfurbetti\u201d contro i cittadini onesti che lavorano e pagano le tasse. Una narrazione potente, che crea un senso di ingiustizia percepita e costruisce consenso politico per le misure restrittive. Si offre una soluzione apparentemente semplice a un problema complesso: se la gente non lavora, \u00e8 perch\u00e9 non vuole.\u00a0<strong>Basta costringerla.<\/strong>\u00a0Ma questa narrazione, per quanto politicamente efficace, si scontra con una realt\u00e0 ben pi\u00f9 sfaccettata.<\/p>\n<div class=\"wp-block-spacer\" aria-hidden=\"true\"><\/div>\n<figure class=\"wp-block-image size-large\"><img loading=\"lazy\" decoding=\"async\" class=\"wp-image-3045\" src=\"https:\/\/vocidallagermania.it\/wp-content\/uploads\/2025\/06\/Gemini_Generated_Image_au5vt1au5vt1au5v-960x960.jpg\" alt=\"riforma b\u00fcrgergeld germania\" width=\"960\" height=\"960\" \/><\/figure>\n<div class=\"wp-block-spacer\" aria-hidden=\"true\"><\/div>\n<h4 class=\"wp-block-heading has-medium-font-size\"><strong>Una Riforma Inefficace? Le voci critiche dalla stampa tedesca e il paradosso dei costi<\/strong><\/h4>\n<p class=\"has-medium-font-size\">Mentre il governo celebra la \u201cnuova giustizia\u201d del suo sistema, molte voci critiche, emerse con forza sulla stampa tedesca, la definiscono una \u201cbancarotta della politica sociale\u201d. L\u2019argomento centrale \u00e8 che questa riforma si basa su una premessa sbagliata. I cosiddetti\u00a0<em>Totalverweigerer<\/em>, coloro che rifiutano categoricamente ogni forma di collaborazione, sono una minoranza infinitesimale. La stragrande maggioranza dei beneficiari del sussidio non \u00e8 composta da persone che non vogliono lavorare, ma da persone che\u00a0<em>non possono<\/em>, o che affrontano ostacoli enormi.<\/p>\n<p class=\"has-medium-font-size\">Ci sono persone con problemi di salute cronici, madri sole senza una rete di supporto, lavoratori anziani espulsi dal mercato, persone con qualifiche obsolete. Per loro, le sanzioni non sono un incentivo, ma un ulteriore passo verso l\u2019emarginazione. Inoltre, emerge un paradosso sorprendente, evidenziato da uno studio della Fondazione Bertelsmann:\u00a0<strong>amministrare le sanzioni \u00e8 incredibilmente costoso<\/strong>. Ogni caso richiede un\u2019istruttoria, documentazione, audizioni e spesso finisce in tribunale. Questi costi burocratici rischiano di erodere i risparmi promessi, in un meccanismo perverso in cui lo Stato spende di pi\u00f9 per punire, invece che per formare. La critica pi\u00f9 radicale, espressa da testate come<a href=\"https:\/\/www.jungewelt.de\/artikel\/510082.an-die-existenz.html\">\u00a0la\u00a0<em>junge Welt<\/em>,\u00a0<\/a>vede in questa mossa una precisa strategia economica: aumentare la pressione sulla forza lavoro per alimentare il vasto settore dei bassi salari, a tutto vantaggio delle imprese.<\/p>\n<div class=\"wp-block-spacer\" aria-hidden=\"true\"><\/div>\n<figure class=\"wp-block-image size-large\"><img loading=\"lazy\" decoding=\"async\" class=\"wp-image-3035\" src=\"https:\/\/vocidallagermania.it\/wp-content\/uploads\/2025\/06\/Gemini_Generated_Image_sxs81gsxs81gsxs8-960x960.jpg\" alt=\"Esperienze Scioccanti dal Jobcenter in Germania\" width=\"960\" height=\"960\" \/><\/figure>\n<div class=\"wp-block-spacer\" aria-hidden=\"true\"><\/div>\n<h4 class=\"wp-block-heading has-medium-font-size\"><strong>Oltre i numeri: storie di dignit\u00e0, paura e il ruolo del Jobcenter<\/strong><\/h4>\n<p class=\"has-medium-font-size\">Al di l\u00e0 delle analisi politiche ed economiche, c\u2019\u00e8 una dimensione umana che non pu\u00f2 essere ignorata. Cosa prova un ingegnere a cui viene detto che il suo futuro, per ora, \u00e8 scaricare casse in un supermercato? Che impatto ha sulla fiducia in se stessi e nelle istituzioni? La riforma trasforma anche il ruolo dei dipendenti del Jobcenter. Da consulenti e guide, rischiano di diventare meri esecutori di sanzioni, intrappolati tra la pressione dei superiori e la disperazione degli utenti.<\/p>\n<p class=\"has-medium-font-size\">Un dettaglio significativo della riforma prevede di \u201cformare i dipendenti del Jobcenter a riconoscere le malattie mentali\u201d. A prima vista sembra un passo avanti, ma nasconde un\u2019inquietante ambiguit\u00e0. Saranno formati per aiutare o per smascherare chi usa una depressione come scusa? Quando un sistema si basa sul sospetto, anche le migliori intenzioni rischiano di trasformarsi in strumenti di controllo. La domanda fondamentale rimane: stiamo costruendo un sistema che aiuta le persone a rialzarsi o uno che le punisce per essere cadute?<\/p>\n<div class=\"wp-block-spacer\" aria-hidden=\"true\"><\/div>\n<figure class=\"wp-block-image size-large\"><img loading=\"lazy\" decoding=\"async\" class=\"wp-image-64\" src=\"https:\/\/vocidallagermania.it\/wp-content\/uploads\/2024\/06\/2a023eef-ce73-44a6-ad0e-a9667e6540bc-960x960.jpeg\" alt=\"povert\u00e0 in germania\" width=\"960\" height=\"960\" \/><\/figure>\n<div class=\"wp-block-spacer\" aria-hidden=\"true\"><\/div>\n<h4 class=\"wp-block-heading has-medium-font-size\"><strong>Il modello tedesco allo specchio: cosa ci dice la fine del B\u00fcrgergeld sul futuro del lavoro in Europa?<\/strong><\/h4>\n<p class=\"has-medium-font-size\">La fine del B\u00fcrgergeld in Germania non \u00e8 un evento isolato. \u00c8 il capitolo pi\u00f9 recente di un dibattito che attraversa tutta l\u2019Europa, Italia compresa. Rappresenta lo scontro tra due visioni opposte del welfare e del lavoro. Da un lato, una visione che enfatizza la responsabilit\u00e0 individuale, l\u2019etica del lavoro e la necessit\u00e0 di rendere la disoccupazione una condizione il pi\u00f9 scomoda possibile per spingere le persone ad accettare qualsiasi impiego. Dall\u2019altro, una visione che considera il welfare come un investimento sociale, uno strumento per proteggere la dignit\u00e0 delle persone e dare loro gli strumenti per riqualificarsi e trovare un lavoro stabile e di qualit\u00e0.<\/p>\n<p class=\"has-medium-font-size\">La Germania, con la sua mossa, sembra aver scelto decisamente la prima strada. Ma \u00e8 davvero questa la via per una societ\u00e0 pi\u00f9 giusta ed efficiente in un mondo in cui la globalizzazione, la digitalizzazione e l\u2019intelligenza artificiale stanno trasformando la natura stessa del lavoro? O stiamo forse sacrificando la dignit\u00e0 e il potenziale a lungo termine di milioni di persone sull\u2019altare di un risparmio illusorio e di un consenso politico a breve termine?<\/p>\n<p class=\"has-medium-font-size\">E l\u2019Italia, che ha da poco archiviato il suo Reddito di Cittadinanza per introdurre l\u2019Assegno di Inclusione, cosa pu\u00f2 imparare da questa vicenda? Forse, che la risposta alla povert\u00e0 e alla disoccupazione non \u00e8 mai una formula semplice. E che dietro ogni legge, ogni taglio e ogni sanzione, ci sono storie, volti e vite che meritano di essere considerate. La discussione \u00e8 appena iniziata. E ci riguarda tutti.<\/p>\n<\/article>\n<p>&nbsp;<\/p>\n<p><strong>FONTE:<\/strong>\u00a0<a href=\"https:\/\/vocidallagermania.it\/germania-sipario-sul-burgergeld-la-riforma-che-scuote-il-welfare-europeo-tra-sanzioni-e-dignita-cosa-ci-insegna-il-modello-tedesco\/\">https:\/\/vocidallagermania.it\/germania-sipario-sul-burgergeld-la-riforma-che-scuote-il-welfare-europeo-tra-sanzioni-e-dignita-cosa-ci-insegna-il-modello-tedesco\/<\/a><\/p>\n","protected":false},"excerpt":{"rendered":"<p>di VOCIDALLAGERMANIA (redazione) &nbsp; Qual \u00e8 il confine esatto tra un aiuto e un\u2019imposizione?\u00a0Tra un sostegno offerto per ripartire e una pressione che, anzich\u00e9 sollevare, rischia di schiacciare? Questa non \u00e8 una domanda astratta. In Germania, cuore economico e sociale d\u2019Europa, una riforma radicale sta ridisegnando proprio questo confine, cancellando una parola dal vocabolario del suo welfare:\u00a0B\u00fcrgergeld. Il\u00a0\u201creddito del cittadino\u201d,\u00a0nato con la promessa\u00a0di un patto di fiducia tra lo Stato e chi si trova in&#46;&#46;&#46;<\/p>\n","protected":false},"author":99,"featured_media":81877,"comment_status":"open","ping_status":"open","sticky":false,"template":"","format":"standard","meta":{"jetpack_post_was_ever_published":false,"_jetpack_newsletter_access":"","_jetpack_dont_email_post_to_subs":false,"_jetpack_newsletter_tier_id":0,"_jetpack_memberships_contains_paywalled_content":false,"_jetpack_memberships_contains_paid_content":false,"footnotes":"","jetpack_publicize_message":"","jetpack_publicize_feature_enabled":true,"jetpack_social_post_already_shared":true,"jetpack_social_options":{"image_generator_settings":{"template":"highway","enabled":false},"version":2}},"categories":[32],"tags":[],"jetpack_publicize_connections":[],"jetpack_featured_media_url":"https:\/\/appelloalpopolo.it\/wp-content\/uploads\/2023\/10\/cropped-cropped-cropped-cropped-cropped-cropped-cropped-cropped-cropped-Voci-dalla-Germania_logo-1.jpg","jetpack_sharing_enabled":true,"jetpack_shortlink":"https:\/\/wp.me\/p7ZaJ4-nYg","_links":{"self":[{"href":"https:\/\/appelloalpopolo.it\/index.php?rest_route=\/wp\/v2\/posts\/92148"}],"collection":[{"href":"https:\/\/appelloalpopolo.it\/index.php?rest_route=\/wp\/v2\/posts"}],"about":[{"href":"https:\/\/appelloalpopolo.it\/index.php?rest_route=\/wp\/v2\/types\/post"}],"author":[{"embeddable":true,"href":"https:\/\/appelloalpopolo.it\/index.php?rest_route=\/wp\/v2\/users\/99"}],"replies":[{"embeddable":true,"href":"https:\/\/appelloalpopolo.it\/index.php?rest_route=%2Fwp%2Fv2%2Fcomments&post=92148"}],"version-history":[{"count":1,"href":"https:\/\/appelloalpopolo.it\/index.php?rest_route=\/wp\/v2\/posts\/92148\/revisions"}],"predecessor-version":[{"id":92149,"href":"https:\/\/appelloalpopolo.it\/index.php?rest_route=\/wp\/v2\/posts\/92148\/revisions\/92149"}],"wp:featuredmedia":[{"embeddable":true,"href":"https:\/\/appelloalpopolo.it\/index.php?rest_route=\/wp\/v2\/media\/81877"}],"wp:attachment":[{"href":"https:\/\/appelloalpopolo.it\/index.php?rest_route=%2Fwp%2Fv2%2Fmedia&parent=92148"}],"wp:term":[{"taxonomy":"category","embeddable":true,"href":"https:\/\/appelloalpopolo.it\/index.php?rest_route=%2Fwp%2Fv2%2Fcategories&post=92148"},{"taxonomy":"post_tag","embeddable":true,"href":"https:\/\/appelloalpopolo.it\/index.php?rest_route=%2Fwp%2Fv2%2Ftags&post=92148"}],"curies":[{"name":"wp","href":"https:\/\/api.w.org\/{rel}","templated":true}]}}