{"id":92188,"date":"2025-10-15T08:30:45","date_gmt":"2025-10-15T06:30:45","guid":{"rendered":"https:\/\/appelloalpopolo.it\/?p=92188"},"modified":"2025-10-14T18:18:54","modified_gmt":"2025-10-14T16:18:54","slug":"la-tregua-che-non-era-una-tregua","status":"publish","type":"post","link":"https:\/\/appelloalpopolo.it\/?p=92188","title":{"rendered":"La tregua che non era una tregua"},"content":{"rendered":"<p style=\"text-align: justify\"><strong>di GABRIELE GERMANI (Canale Telegram)<\/strong><\/p>\n<p style=\"text-align: justify\">Dopo oltre sessanta anni di tentativi di annessione coloniale Israele ha capito che non pu\u00f2 piegare la resistenza palestinese.<\/p>\n<p style=\"text-align: justify\">Dunque \u00e8 passato (in concomitanza con i cambiamenti strutturali interni al capitalismo occidentale) alla fase due del piano: il genocidio compiuto.<\/p>\n<p style=\"text-align: justify\">C&#8217;\u00e8 solo un modo per fermare la resistenza palestinese: ucciderli tutti.<\/p>\n<p style=\"text-align: justify\">Il problema reale \u00e8 che a Tel Aviv e alla Casa Bianca (non fosse per un po&#8217; di cosmesi) sarebbero ben disposti a proseguire su questa strada, pur di chiudere la partita e controllare uno snodo geografico fondamentale Est-Ovest e vicino allo Stretto di Suez.<\/p>\n<p style=\"text-align: justify\">Quello che accade a Gaza ci riguarda tutti, \u00e8 non \u00e8 un tregua per i gazawi che conserveranno un&#8217;entit\u00e0 coloniale e occupante a pochi chilometri da casa.<\/p>\n<p style=\"text-align: justify\">Non \u00e8 una tregua neanche per noi.<\/p>\n<p style=\"text-align: justify\">L&#8217;ordine imperialista sta reagendo alla crescita del Sud globale nel peggiore dei modi possibili: aggredendo, restringendo, depredando, mentendo.<\/p>\n<p style=\"text-align: justify\">Nel Regno Unito 12.000 fermi per post e commenti su internet in un anno: record assoluto nel mondo.<\/p>\n<p style=\"text-align: justify\">Negli USA, il presidente invita l&#8217;esercito a operare contro i propri cittadini.<\/p>\n<p style=\"text-align: justify\">Nel resto d&#8217;Europa dilagano misure repressive.<\/p>\n<p style=\"text-align: justify\">Non \u00e8 il bau bau dello spauracchio a doverci far paura, quanto un mondo artificiale, levigato, controllato, profondamente non-democratico, in cui tutti noi diventiamo unicamente strumenti.<\/p>\n<p style=\"text-align: justify\">Lo spirito nichilista dell&#8217;Occidente che seicento anni fa part\u00ec alla conquista dei mari e degli altri popoli, \u00e8 ora al suo apice, da qui pu\u00f2 proseguire o distruggendo tutto e finendo col divorarci tutti o pu\u00f2 perdere uno scontro, mortale, in cui soffriremo tutti, tanto.<\/p>\n<p style=\"text-align: justify\">Facciamoci trovare pronti a questa nuova sfida, metafisica direi.<\/p>\n<p style=\"text-align: justify\">Siamo tutti in pericolo&#8230;<\/p>\n<p style=\"text-align: justify\"><strong>Fonte:\u00a0<a href=\"https:\/\/t.me\/gabgerm\/3131\">https:\/\/t.me\/gabgerm\/3131<\/a><\/strong><\/p>\n","protected":false},"excerpt":{"rendered":"<p>di GABRIELE GERMANI (Canale Telegram) Dopo oltre sessanta anni di tentativi di annessione coloniale Israele ha capito che non pu\u00f2 piegare la resistenza palestinese. Dunque \u00e8 passato (in concomitanza con i cambiamenti strutturali interni al capitalismo occidentale) alla fase due del piano: il genocidio compiuto. C&#8217;\u00e8 solo un modo per fermare la resistenza palestinese: ucciderli tutti. Il problema reale \u00e8 che a Tel Aviv e alla Casa Bianca (non fosse per un po&#8217; di cosmesi)&#46;&#46;&#46;<\/p>\n","protected":false},"author":95,"featured_media":84606,"comment_status":"open","ping_status":"open","sticky":false,"template":"","format":"standard","meta":{"jetpack_post_was_ever_published":false,"_jetpack_newsletter_access":"","_jetpack_dont_email_post_to_subs":false,"_jetpack_newsletter_tier_id":0,"_jetpack_memberships_contains_paywalled_content":false,"_jetpack_memberships_contains_paid_content":false,"footnotes":"","jetpack_publicize_message":"","jetpack_publicize_feature_enabled":true,"jetpack_social_post_already_shared":true,"jetpack_social_options":{"image_generator_settings":{"template":"highway","enabled":false},"version":2}},"categories":[32],"tags":[],"jetpack_publicize_connections":[],"jetpack_featured_media_url":"https:\/\/appelloalpopolo.it\/wp-content\/uploads\/2024\/03\/Gabriele-Germani.jpg","jetpack_sharing_enabled":true,"jetpack_shortlink":"https:\/\/wp.me\/p7ZaJ4-nYU","_links":{"self":[{"href":"https:\/\/appelloalpopolo.it\/index.php?rest_route=\/wp\/v2\/posts\/92188"}],"collection":[{"href":"https:\/\/appelloalpopolo.it\/index.php?rest_route=\/wp\/v2\/posts"}],"about":[{"href":"https:\/\/appelloalpopolo.it\/index.php?rest_route=\/wp\/v2\/types\/post"}],"author":[{"embeddable":true,"href":"https:\/\/appelloalpopolo.it\/index.php?rest_route=\/wp\/v2\/users\/95"}],"replies":[{"embeddable":true,"href":"https:\/\/appelloalpopolo.it\/index.php?rest_route=%2Fwp%2Fv2%2Fcomments&post=92188"}],"version-history":[{"count":1,"href":"https:\/\/appelloalpopolo.it\/index.php?rest_route=\/wp\/v2\/posts\/92188\/revisions"}],"predecessor-version":[{"id":92189,"href":"https:\/\/appelloalpopolo.it\/index.php?rest_route=\/wp\/v2\/posts\/92188\/revisions\/92189"}],"wp:featuredmedia":[{"embeddable":true,"href":"https:\/\/appelloalpopolo.it\/index.php?rest_route=\/wp\/v2\/media\/84606"}],"wp:attachment":[{"href":"https:\/\/appelloalpopolo.it\/index.php?rest_route=%2Fwp%2Fv2%2Fmedia&parent=92188"}],"wp:term":[{"taxonomy":"category","embeddable":true,"href":"https:\/\/appelloalpopolo.it\/index.php?rest_route=%2Fwp%2Fv2%2Fcategories&post=92188"},{"taxonomy":"post_tag","embeddable":true,"href":"https:\/\/appelloalpopolo.it\/index.php?rest_route=%2Fwp%2Fv2%2Ftags&post=92188"}],"curies":[{"name":"wp","href":"https:\/\/api.w.org\/{rel}","templated":true}]}}