{"id":92329,"date":"2025-10-24T10:30:23","date_gmt":"2025-10-24T08:30:23","guid":{"rendered":"https:\/\/appelloalpopolo.it\/?p=92329"},"modified":"2025-10-23T11:15:07","modified_gmt":"2025-10-23T09:15:07","slug":"nexperia-lennesimo-suicidio-europeo","status":"publish","type":"post","link":"https:\/\/appelloalpopolo.it\/?p=92329","title":{"rendered":"Nexperia, l&#8217;ennesimo suicidio europeo"},"content":{"rendered":"<p style=\"text-align: justify\"><strong>di L&#8217;ANTIDIPLOMATICO (Alessandro Volpi*)<\/strong><\/p>\n<p style=\"text-align: justify\">Suicidi europei. Pochi giorni fa, il governo olandese su chiara indicazione americana ha &#8220;nazionalizzato&#8221; Nexperia, di propriet\u00e0 al 100% di WingTech, societ\u00e0 cinese con sede a Shangai che ha nel capitale le banche di Stato cinesi e altre societ\u00e0 di quel paese.<\/p>\n<p style=\"text-align: justify\">Il motivo della nazionalizzazione olandese \u00e8 stato infatti l&#8217;inserimento di WingTech, che peraltro aveva resistito al tentativo di scalata dei grandi fondi Usa, nella &#8220;black list&#8221; del governo federale statunitense perch\u00e9 ritenuta &#8220;pericolosa&#8221; in termini tecnologici. La misura olandese ha determinato l&#8217;immediata ritorsione cinese con il blocco parziale della vendita all&#8217;estero dei semiconduttori che ha colpito duramente la filiera dell&#8217;automotive, a cominciare da Wolkswagen, destinata a chiudere almeno temporaneamente alcuni stabilimenti.<\/p>\n<p style=\"text-align: justify\">In sintesi, gli Usa impongono all&#8217;Europa di comprare il gas americano a prezzi altissimi e impediscono agli europei di avere le materie prime necessarie per la produzione. Il progetto di distruggere l&#8217;Europa sta andando benissimo con il consenso degli europei.<\/p>\n<p style=\"text-align: justify\"><em>*Post Facebook del 22 ottobre 2025<\/em><\/p>\n<p style=\"text-align: justify\"><strong>Fonte:\u00a0<a href=\"https:\/\/www.lantidiplomatico.it\/dettnews-nexperia_lennesimo_suicidio_europeo\/11_63220\/\">https:\/\/www.lantidiplomatico.it\/dettnews-nexperia_lennesimo_suicidio_europeo\/11_63220\/<\/a><\/strong><\/p>\n","protected":false},"excerpt":{"rendered":"<p>di L&#8217;ANTIDIPLOMATICO (Alessandro Volpi*) Suicidi europei. Pochi giorni fa, il governo olandese su chiara indicazione americana ha &#8220;nazionalizzato&#8221; Nexperia, di propriet\u00e0 al 100% di WingTech, societ\u00e0 cinese con sede a Shangai che ha nel capitale le banche di Stato cinesi e altre societ\u00e0 di quel paese. Il motivo della nazionalizzazione olandese \u00e8 stato infatti l&#8217;inserimento di WingTech, che peraltro aveva resistito al tentativo di scalata dei grandi fondi Usa, nella &#8220;black list&#8221; del governo federale&#46;&#46;&#46;<\/p>\n","protected":false},"author":95,"featured_media":91597,"comment_status":"open","ping_status":"open","sticky":false,"template":"","format":"standard","meta":{"jetpack_post_was_ever_published":false,"_jetpack_newsletter_access":"","_jetpack_dont_email_post_to_subs":false,"_jetpack_newsletter_tier_id":0,"_jetpack_memberships_contains_paywalled_content":false,"_jetpack_memberships_contains_paid_content":false,"footnotes":"","jetpack_publicize_message":"","jetpack_publicize_feature_enabled":true,"jetpack_social_post_already_shared":true,"jetpack_social_options":{"image_generator_settings":{"template":"highway","enabled":false},"version":2}},"categories":[32],"tags":[],"jetpack_publicize_connections":[],"jetpack_featured_media_url":"https:\/\/appelloalpopolo.it\/wp-content\/uploads\/2025\/09\/Lantidiplomatico.jpg","jetpack_sharing_enabled":true,"jetpack_shortlink":"https:\/\/wp.me\/p7ZaJ4-o1b","_links":{"self":[{"href":"https:\/\/appelloalpopolo.it\/index.php?rest_route=\/wp\/v2\/posts\/92329"}],"collection":[{"href":"https:\/\/appelloalpopolo.it\/index.php?rest_route=\/wp\/v2\/posts"}],"about":[{"href":"https:\/\/appelloalpopolo.it\/index.php?rest_route=\/wp\/v2\/types\/post"}],"author":[{"embeddable":true,"href":"https:\/\/appelloalpopolo.it\/index.php?rest_route=\/wp\/v2\/users\/95"}],"replies":[{"embeddable":true,"href":"https:\/\/appelloalpopolo.it\/index.php?rest_route=%2Fwp%2Fv2%2Fcomments&post=92329"}],"version-history":[{"count":1,"href":"https:\/\/appelloalpopolo.it\/index.php?rest_route=\/wp\/v2\/posts\/92329\/revisions"}],"predecessor-version":[{"id":92330,"href":"https:\/\/appelloalpopolo.it\/index.php?rest_route=\/wp\/v2\/posts\/92329\/revisions\/92330"}],"wp:featuredmedia":[{"embeddable":true,"href":"https:\/\/appelloalpopolo.it\/index.php?rest_route=\/wp\/v2\/media\/91597"}],"wp:attachment":[{"href":"https:\/\/appelloalpopolo.it\/index.php?rest_route=%2Fwp%2Fv2%2Fmedia&parent=92329"}],"wp:term":[{"taxonomy":"category","embeddable":true,"href":"https:\/\/appelloalpopolo.it\/index.php?rest_route=%2Fwp%2Fv2%2Fcategories&post=92329"},{"taxonomy":"post_tag","embeddable":true,"href":"https:\/\/appelloalpopolo.it\/index.php?rest_route=%2Fwp%2Fv2%2Ftags&post=92329"}],"curies":[{"name":"wp","href":"https:\/\/api.w.org\/{rel}","templated":true}]}}