{"id":92405,"date":"2025-10-31T09:30:44","date_gmt":"2025-10-31T08:30:44","guid":{"rendered":"https:\/\/appelloalpopolo.it\/?p=92405"},"modified":"2025-10-30T12:14:07","modified_gmt":"2025-10-30T11:14:07","slug":"gaza-e-il-tribunale-morale-di-pasolini","status":"publish","type":"post","link":"https:\/\/appelloalpopolo.it\/?p=92405","title":{"rendered":"Gaza e il tribunale morale di Pasolini"},"content":{"rendered":"<p style=\"text-align: left;\"><strong>di\u00a0GAZZETTA FILOSOFICA (Ahmed Marouani)<\/strong><\/p>\n<div id=\"cc-m-12096695277\" class=\"j-module n j-text \" style=\"text-align: left;\">\n<h4><em>Per giudicare la complicit\u00e0 di una classe politica non basta un processo strettamente legale, seppur necessario, ma serve quello che Pasolini chiamava tribunale morale.\u00a0<\/em><\/h4>\n<\/div>\n<div id=\"cc-m-12096695477\" class=\"j-module n j-imageSubtitle \" style=\"text-align: left;\">\n<figure class=\"cc-imagewrapper cc-m-image-align-3 cc-m-width-maxed\"><img decoding=\"async\" id=\"cc-m-imagesubtitle-image-12096695477\" class=\"\" src=\"https:\/\/image.jimcdn.com\/app\/cms\/image\/transf\/dimension=910x10000:format=jpg\/path\/se92683c1190d29b1\/image\/i07a671abb1be4c0c\/version\/1760886406\/image.jpg\" alt=\"F. Goya, &quot;Il tribunale dell'Inquisizione&quot;\" data-src-width=\"960\" data-src-height=\"585\" data-src=\"https:\/\/image.jimcdn.com\/app\/cms\/image\/transf\/dimension=910x10000:format=jpg\/path\/se92683c1190d29b1\/image\/i07a671abb1be4c0c\/version\/1760886406\/image.jpg\" data-image-id=\"7803505177\" \/><figcaption><em>F. Goya, &#8220;Il tribunale dell&#8217;Inquisizione&#8221;<\/em><\/figcaption><\/figure>\n<\/div>\n<div id=\"cc-m-12096695377\" class=\"j-module n j-text \" style=\"text-align: left;\">\n<p>&nbsp;<\/p>\n<blockquote><p><strong>\u00ab Parlo proprio di un processo penale, dentro un tribunale. Andreotti, Fanfani, Rumor, e almeno una dozzina di altri potenti democristiani (compreso forse per correttezza qualche presidente della Repubblica) dovrebbero essere trascinati, come Nixon, sul banco degli imputati. \u00bb<\/strong><\/p><\/blockquote>\n<p>Pasolini scriveva nelle\u00a0<em>Lettere Luterane<\/em>\u00a0che bisognava portare tutti in tribunale: Andreotti, Fanfani, i Democristiani, tutti coloro che avevano contribuito,\u00a0<strong>con complicit\u00e0 o indifferenza<\/strong>, al male inflitto all\u2019Italia. Ma attenzione non parlava di tribunale legale, di condanna penale. <strong>Parlava di un tribunale morale, storico, <\/strong>necessario, dove ogni cittadino ha il diritto di sapere chi ha causato dolore e ingiustizia, e il dovere di chiedersi il perch\u00e9.\u00a0<strong>Sapeva che il vero crimine non \u00e8 solo quello manifesto, ma quello sistemico:<\/strong>\u00a0le omissioni, i silenzi, la complicit\u00e0 di chi detiene il potere.\u00a0<strong>Portare tutti in tribunale significava pretendere che ogni individuo e ogni istituzione si confrontasse con la propria coscienza,<\/strong>\u00a0che la storia non fosse lasciata nelle mani di chi l\u2019ha manipolata. E non era un discorso limitato al passato; era\u00a0<strong>una lente per leggere ogni crisi contemporanea, ogni luogo dove il potere agisce senza responsabilit\u00e0, e il danno ricade sui cittadini.<\/strong><\/p>\n<p>Oggi, guardando alla tragedia di Gaza, la stessa necessit\u00e0 morale si impone con urgenza. La responsabilit\u00e0 non \u00e8 lontana, non riguarda solo chi bombarda o chi resiste riguarda anche chi finanzia, chi arma, chi tace, chi normalizza la guerra. E l\u2019Italia, nel contesto internazionale, non pu\u00f2 lavarsi le mani. Dalla politica estera al sostegno militare indiretto, fino alla complicit\u00e0 diplomatica nel silenzio, il nostro governo \u2013 dalla Meloni ai ministri coinvolti \u2013 \u00e8 parte attiva in un sistema che permette che civili muoiano, che scuole e ospedali siano bombardati, che le vite siano ridotte a numeri su un comunicato stampa.<\/p>\n<p><strong>Il \u201ctribunale morale\u201d di Pasolini sarebbe chiamato a giudicare non solo le azioni evidenti, ma le scelte politiche\u00a0 e morali implicite.<\/strong>\u00a0Ogni governo italiano, oggi come ieri, dovrebbe spiegare perch\u00e9 le decisioni di politica estera privilegiano interessi economici, militari o geopolitici a scapito della vita dei civili. Dovrebbe rispondere di ogni silenzio diplomatico, di ogni parola non detta, di ogni pressione politica internazionale che ha reso possibile l\u2019inerzia davanti alla sofferenza umana.<\/p>\n<p>Non si tratta di ideologia, ma di responsabilit\u00e0 concreta. Quando lo Stato italiano invia armi indirettamente, quando approva sanzioni selettive, quando partecipa a alleanze militari senza mai mettere al centro la vita dei civili, sta producendo un danno concreto. Ogni cittadino ha il diritto di sapere chi ha deciso, chi ha firmato, chi ha autorizzato, chi ha chiuso gli occhi. E ha il dovere di chiedersi perch\u00e9.<\/p>\n<p>Il tribunale che Pasolini evocava non \u00e8 retorico: \u00e8 la chiamata a mettere la politica italiana di fronte alla propria coscienza. Dal Parlamento ai vertici del governo, dai partiti di maggioranza all\u2019opposizione complice dell\u2019inerzia, tutti devono rendere conto delle scelte che influenzano direttamente il destino di Gaza. L\u2019Italia, con la sua storia recente e il suo ruolo internazionale, non pu\u00f2 esimersi. Come scriveva Pasolini,\u00a0<strong>il diritto di sapere e il dovere di chiedersi il perch\u00e9 non \u00e8 negoziabile, \u00e8 il fondamento della responsabilit\u00e0 civile e morale.<\/strong><\/p>\n<\/div>\n<div id=\"cc-m-12096695577\" class=\"j-module n j-imageSubtitle \" style=\"text-align: left;\">\n<figure class=\"cc-imagewrapper cc-m-image-align-3\"><img decoding=\"async\" id=\"cc-m-imagesubtitle-image-12096695577\" class=\"\" src=\"https:\/\/image.jimcdn.com\/app\/cms\/image\/transf\/dimension=668x10000:format=jpg\/path\/se92683c1190d29b1\/image\/i64f2a3b5231be838\/version\/1760885800\/image.jpg\" alt=\"\" data-src-width=\"1280\" data-src-height=\"720\" data-src=\"https:\/\/image.jimcdn.com\/app\/cms\/image\/transf\/dimension=668x10000:format=jpg\/path\/se92683c1190d29b1\/image\/i64f2a3b5231be838\/version\/1760885800\/image.jpg\" data-image-id=\"7803505277\" \/><\/figure>\n<\/div>\n<div id=\"cc-m-12096695677\" class=\"j-module n j-text \" style=\"text-align: left;\">\n<p><strong>E allora sediamoli.<\/strong>\u00a0Sediamoli sul banco degli imputati della storia. Ogni ministro, ogni parlamentare, ogni leader politico italiano. Seduti l\u00ec, a rispondere del sangue che scorre, delle scuole ridotte in macerie, degli ospedali cancellati, dei bambini uccisi. Sediamoli e facciamogli sentire il peso delle loro decisioni, delle loro omissioni, dei loro silenzi.<\/p>\n<p>Qui non ci sono giustificazioni. Qui non ci sono interessi da proteggere. Qui c\u2019\u00e8 solo la vita dei civili, calpestata dal potere. Ogni firma, ogni parola non detta, ogni complicit\u00e0 diplomatica diventa accusa. Ogni calcolo geopolitico diventa condanna. Non possono scappare. Non possono girarsi dall\u2019altra parte.\u00a0<strong>La storia li giudica. Noi li giudichiamo. E se tenteranno di mentire, di negare, di nascondersi dietro la retorica, la verit\u00e0 li travolger\u00e0. Ogni silenzio sar\u00e0 esposto.<\/strong>\u00a0Ogni calcolo opportunistico sar\u00e0 inchiodato davanti agli occhi di chi ha sofferto, davanti agli occhi di chi ancora soffre.<\/p>\n<p>Sediamoli, e guardiamoli. Fino a quando non risponderanno. Fino a quando non riconosceranno la loro colpa. Fino a quando non smetteranno di trasformare la vita in mero strumento di potere. Qui non ci sono scuse. Qui non c\u2019\u00e8 piet\u00e0. Qui c\u2019\u00e8 solo la condanna della storia, del popolo e della coscienza di chi ancora osa voltarsi dall\u2019altra parte.<\/p>\n<p>Che la loro coscienza tremi. Che il loro silenzio sia spezzato. Che la verit\u00e0 li inchiodi come meritano.<\/p>\n<\/div>\n<p style=\"text-align: left;\"><strong>FONTE<\/strong>:\u00a0<a href=\"https:\/\/www.gazzettafilosofica.net\/2025-1\/ottobre\/gaza-e-il-tribunale-morale\/\">https:\/\/www.gazzettafilosofica.net\/2025-1\/ottobre\/gaza-e-il-tribunale-morale\/<\/a><\/p>\n","protected":false},"excerpt":{"rendered":"<p>di\u00a0GAZZETTA FILOSOFICA (Ahmed Marouani) Per giudicare la complicit\u00e0 di una classe politica non basta un processo strettamente legale, seppur necessario, ma serve quello che Pasolini chiamava tribunale morale.\u00a0 F. Goya, &#8220;Il tribunale dell&#8217;Inquisizione&#8221; &nbsp; \u00ab Parlo proprio di un processo penale, dentro un tribunale. Andreotti, Fanfani, Rumor, e almeno una dozzina di altri potenti democristiani (compreso forse per correttezza qualche presidente della Repubblica) dovrebbero essere trascinati, come Nixon, sul banco degli imputati. \u00bb Pasolini scriveva&#46;&#46;&#46;<\/p>\n","protected":false},"author":97,"featured_media":90004,"comment_status":"open","ping_status":"open","sticky":false,"template":"","format":"standard","meta":{"jetpack_post_was_ever_published":false,"_jetpack_newsletter_access":"","_jetpack_dont_email_post_to_subs":false,"_jetpack_newsletter_tier_id":0,"_jetpack_memberships_contains_paywalled_content":false,"_jetpack_memberships_contains_paid_content":false,"footnotes":"","jetpack_publicize_message":"","jetpack_publicize_feature_enabled":true,"jetpack_social_post_already_shared":true,"jetpack_social_options":{"image_generator_settings":{"template":"highway","enabled":false},"version":2}},"categories":[32],"tags":[],"jetpack_publicize_connections":[],"jetpack_featured_media_url":"https:\/\/appelloalpopolo.it\/wp-content\/uploads\/2025\/05\/IMG_0521.jpeg","jetpack_sharing_enabled":true,"jetpack_shortlink":"https:\/\/wp.me\/p7ZaJ4-o2p","_links":{"self":[{"href":"https:\/\/appelloalpopolo.it\/index.php?rest_route=\/wp\/v2\/posts\/92405"}],"collection":[{"href":"https:\/\/appelloalpopolo.it\/index.php?rest_route=\/wp\/v2\/posts"}],"about":[{"href":"https:\/\/appelloalpopolo.it\/index.php?rest_route=\/wp\/v2\/types\/post"}],"author":[{"embeddable":true,"href":"https:\/\/appelloalpopolo.it\/index.php?rest_route=\/wp\/v2\/users\/97"}],"replies":[{"embeddable":true,"href":"https:\/\/appelloalpopolo.it\/index.php?rest_route=%2Fwp%2Fv2%2Fcomments&post=92405"}],"version-history":[{"count":4,"href":"https:\/\/appelloalpopolo.it\/index.php?rest_route=\/wp\/v2\/posts\/92405\/revisions"}],"predecessor-version":[{"id":92447,"href":"https:\/\/appelloalpopolo.it\/index.php?rest_route=\/wp\/v2\/posts\/92405\/revisions\/92447"}],"wp:featuredmedia":[{"embeddable":true,"href":"https:\/\/appelloalpopolo.it\/index.php?rest_route=\/wp\/v2\/media\/90004"}],"wp:attachment":[{"href":"https:\/\/appelloalpopolo.it\/index.php?rest_route=%2Fwp%2Fv2%2Fmedia&parent=92405"}],"wp:term":[{"taxonomy":"category","embeddable":true,"href":"https:\/\/appelloalpopolo.it\/index.php?rest_route=%2Fwp%2Fv2%2Fcategories&post=92405"},{"taxonomy":"post_tag","embeddable":true,"href":"https:\/\/appelloalpopolo.it\/index.php?rest_route=%2Fwp%2Fv2%2Ftags&post=92405"}],"curies":[{"name":"wp","href":"https:\/\/api.w.org\/{rel}","templated":true}]}}