{"id":92423,"date":"2025-10-29T10:44:37","date_gmt":"2025-10-29T09:44:37","guid":{"rendered":"https:\/\/appelloalpopolo.it\/?p=92423"},"modified":"2025-10-29T10:44:37","modified_gmt":"2025-10-29T09:44:37","slug":"la-germania-ferma-la-riconversione-delle-aree-militari-per-dare-spazio-alle-forze-armate","status":"publish","type":"post","link":"https:\/\/appelloalpopolo.it\/?p=92423","title":{"rendered":"La Germania ferma la riconversione delle aree militari per dare spazio alle forze armate"},"content":{"rendered":"<p><strong>DA START MAGAZINE (Di Pierluigi Mennitti)<\/strong><\/p>\n<p><img loading=\"lazy\" decoding=\"async\" class=\"aligncenter\" src=\"https:\/\/www.startmag.it\/wp-content\/uploads\/merz-4-1170x550.jpeg\" alt=\"germania\" width=\"477\" height=\"224\" \/><\/p>\n<p style=\"text-align: justify\">La Germania sospende la riconversione civile di circa 200 immobili militari per garantire spazio alla crescita della Bundeswehr, le forze armate. Tutti i dettagli.<\/p>\n<p style=\"text-align: justify\">\n<p style=\"text-align: justify\">Centri di ricerca e aziende innovative avrebbero dovuto occupare hangar e piste un tempo utilizzate dagli aerei in quello che fu l\u2019aeroporto internazionale di Tegel, Berlino Ovest. Ma lo scalo, chiuso cinque anni fa dopo 46 anni di onorata carriera, non ospiter\u00e0 alcun incubatore di futuro. Il progetto \u201cBerlin TXL \u2013 The Urban Tech Republic\u201d potrebbe non vedere mai la luce, perch\u00e9 il sito \u00e8 nella lista delle ex aree militari di cui ora la Germania mette in pausa la cessione.<\/p>\n<p style=\"text-align: justify\">Dopo anni in cui caserme e basi dismesse si trasformavano in quartieri residenziali o infrastrutture civiche, il governo federale blocca la riconversione per far fronte alla prevista crescita delle forze armate. La Bundeswehr, tornata a puntare sull\u2019espansione dopo un lungo periodo di ridimensionamento, chiede pi\u00f9 spazi e riprende possesso di un patrimonio immobiliare strategico distribuito in tutto il paese.<\/p>\n<p style=\"text-align: justify\"><strong><span style=\"font-size: 14pt\">SVOLTA NELLA GESTIONE DEL PATRIMONIO MILITARE<\/span><\/strong><\/p>\n<p style=\"text-align: justify\">Il ministero della Difesa ha annunciato la sospensione delle procedure che avrebbero dovuto consegnare circa 200 immobili a progetti civili. Si tratta in totale di 187 aree che, pur essendo gi\u00e0 passate all\u2019Istituto federale per la gestione immobiliare, restano pienamente idonee a un uso militare, oltre a 13 siti ancora gestiti direttamente dalla Bundeswehr e inizialmente destinati alla dismissione. Queste propriet\u00e0 non verranno dunque restituite ai territori, ma torneranno nella disponibilit\u00e0 operativa delle forze armate.<\/p>\n<p style=\"text-align: justify\">Il sottosegretario alla Difesa Nils Hilmer ha riconosciuto che lo stop incide su pianificazioni gi\u00e0 avviate da L\u00e4nder e comuni, alcuni dei quali avevano programmato nuovi insediamenti abitativi o centri di sviluppo economico. \u00c8 ad esempio il caso dell\u2019ex aeroporto di Tegel. Il ministero, ha aggiunto, cercher\u00e0 comunque soluzioni che tengano conto degli investimenti locali gi\u00e0 immaginati negli ultimi anni.<\/p>\n<p style=\"text-align: justify\"><strong><span style=\"font-size: 14pt\">LA RISERVA STRATEGICA DI IMMOBILI<\/span><\/strong><\/p>\n<p style=\"text-align: justify\">L\u2019ampia conversione delle ex aree militari era iniziata agli albori degli anni Novanta, quando la fine della guerra fredda aveva ridotto in modo significativo la presenza della Bundeswehr sul territorio. Il processo era poi proseguito nei primi anni Dieci di questo secolo, con la sospensione del servizio militare obbligatorio e un ulteriore taglio del fabbisogno infrastrutturale. Quartieri interi sono nati sulle superfici liberate, contribuendo alla risposta alla crescente domanda abitativa soprattutto nei centri urbani.<\/p>\n<p style=\"text-align: justify\">Oggi, per\u00f2, lo scenario \u00e8 mutato: la Bundeswehr \u00e8 chiamata a rafforzarsi e ad ampliare l\u2019organico, obiettivo che secondo il governo necessita di spazi adeguati dove formare, alloggiare e addestrare le nuove unit\u00e0. Per questo \u00e8 stata istituita una \u201criserva strategica di immobili\u201d, un portafoglio di aree immediatamente disponibili in caso di necessit\u00e0.<\/p>\n<p style=\"text-align: justify\"><strong><span style=\"font-size: 14pt\">I SITI COINVOLTI NEL BLOCCO<\/span><\/strong><\/p>\n<p style=\"text-align: justify\">Tra le propriet\u00e0 che resteranno militari compaiono luoghi di particolare rilevanza. Oltre a parti dell\u2019ex aeroporto di Tegel a Berlino, anche l\u2019ex basi aeree di F\u00fcrstenfeldbruck e di Erding in Baviera e il centro di smistamento merci di Willich in Renania Settentrionale-Vestfalia. Il provvedimento riguarda aree distribuite sull\u2019intero territorio federale: in Baviera resteranno operative due caserme e i gi\u00e0 citati due aeroporti; in Renania Settentrionale-Vestfalia, Renania-Palatinato e Schleswig-Holstein alcune sedi non saranno pi\u00f9 riconvertite; in Bassa Sassonia e in Baden-W\u00fcrttemberg \u00e8 stata annullata la trasformazione prevista per una caserma in ciascuna delle due regioni. Tutte le strutture comprese nell\u2019elenco \u2013 conclude il ministero della Difesa \u2013 saranno conservate per assicurare una disponibilit\u00e0 immediata nel caso di un rafforzamento improvviso delle esigenze militari.<\/p>\n<p><strong>FONTE:\u00a0<a href=\"https:\/\/www.startmag.it\/mondo\/germania-stop-cessione-aree-militari\/\">https:\/\/www.startmag.it\/mondo\/germania-stop-cessione-aree-militari\/<\/a><\/strong><\/p>\n","protected":false},"excerpt":{"rendered":"<p>DA START MAGAZINE (Di Pierluigi Mennitti) La Germania sospende la riconversione civile di circa 200 immobili militari per garantire spazio alla crescita della Bundeswehr, le forze armate. Tutti i dettagli. Centri di ricerca e aziende innovative avrebbero dovuto occupare hangar e piste un tempo utilizzate dagli aerei in quello che fu l\u2019aeroporto internazionale di Tegel, Berlino Ovest. Ma lo scalo, chiuso cinque anni fa dopo 46 anni di onorata carriera, non ospiter\u00e0 alcun incubatore di&#46;&#46;&#46;<\/p>\n","protected":false},"author":111,"featured_media":48474,"comment_status":"open","ping_status":"open","sticky":false,"template":"","format":"standard","meta":{"jetpack_post_was_ever_published":false,"_jetpack_newsletter_access":"","_jetpack_dont_email_post_to_subs":false,"_jetpack_newsletter_tier_id":0,"_jetpack_memberships_contains_paywalled_content":false,"_jetpack_memberships_contains_paid_content":false,"footnotes":"","jetpack_publicize_message":"","jetpack_publicize_feature_enabled":true,"jetpack_social_post_already_shared":true,"jetpack_social_options":{"image_generator_settings":{"template":"highway","enabled":false},"version":2}},"categories":[32],"tags":[],"jetpack_publicize_connections":[],"jetpack_featured_media_url":"https:\/\/appelloalpopolo.it\/wp-content\/uploads\/2019\/02\/start-magazine.png","jetpack_sharing_enabled":true,"jetpack_shortlink":"https:\/\/wp.me\/p7ZaJ4-o2H","_links":{"self":[{"href":"https:\/\/appelloalpopolo.it\/index.php?rest_route=\/wp\/v2\/posts\/92423"}],"collection":[{"href":"https:\/\/appelloalpopolo.it\/index.php?rest_route=\/wp\/v2\/posts"}],"about":[{"href":"https:\/\/appelloalpopolo.it\/index.php?rest_route=\/wp\/v2\/types\/post"}],"author":[{"embeddable":true,"href":"https:\/\/appelloalpopolo.it\/index.php?rest_route=\/wp\/v2\/users\/111"}],"replies":[{"embeddable":true,"href":"https:\/\/appelloalpopolo.it\/index.php?rest_route=%2Fwp%2Fv2%2Fcomments&post=92423"}],"version-history":[{"count":1,"href":"https:\/\/appelloalpopolo.it\/index.php?rest_route=\/wp\/v2\/posts\/92423\/revisions"}],"predecessor-version":[{"id":92424,"href":"https:\/\/appelloalpopolo.it\/index.php?rest_route=\/wp\/v2\/posts\/92423\/revisions\/92424"}],"wp:featuredmedia":[{"embeddable":true,"href":"https:\/\/appelloalpopolo.it\/index.php?rest_route=\/wp\/v2\/media\/48474"}],"wp:attachment":[{"href":"https:\/\/appelloalpopolo.it\/index.php?rest_route=%2Fwp%2Fv2%2Fmedia&parent=92423"}],"wp:term":[{"taxonomy":"category","embeddable":true,"href":"https:\/\/appelloalpopolo.it\/index.php?rest_route=%2Fwp%2Fv2%2Fcategories&post=92423"},{"taxonomy":"post_tag","embeddable":true,"href":"https:\/\/appelloalpopolo.it\/index.php?rest_route=%2Fwp%2Fv2%2Ftags&post=92423"}],"curies":[{"name":"wp","href":"https:\/\/api.w.org\/{rel}","templated":true}]}}