{"id":92476,"date":"2025-11-03T10:30:30","date_gmt":"2025-11-03T09:30:30","guid":{"rendered":"https:\/\/appelloalpopolo.it\/?p=92476"},"modified":"2025-11-02T07:19:38","modified_gmt":"2025-11-02T06:19:38","slug":"roma-manifestanti-filosionisti-aggrediscono-una-giornalista-video","status":"publish","type":"post","link":"https:\/\/appelloalpopolo.it\/?p=92476","title":{"rendered":"Roma. Manifestanti filosionisti aggrediscono una giornalista (VIDEO)"},"content":{"rendered":"<p style=\"text-align: justify\"><strong>di L&#8217;ANTIDIPLOMATICO (Agata Iacono)<\/strong><\/p>\n<p><img loading=\"lazy\" decoding=\"async\" class=\"alignnone size-medium wp-image-92477\" src=\"https:\/\/appelloalpopolo.it\/wp-content\/uploads\/2025\/11\/350x200c50-20-300x171.jpg\" alt=\"\" width=\"300\" height=\"171\" srcset=\"https:\/\/appelloalpopolo.it\/wp-content\/uploads\/2025\/11\/350x200c50-20-300x171.jpg 300w, https:\/\/appelloalpopolo.it\/wp-content\/uploads\/2025\/11\/350x200c50-20.jpg 350w\" sizes=\"(max-width: 300px) 100vw, 300px\" \/><\/p>\n<p style=\"text-align: justify\"><em>La nostra totale e incondizionata solidariet\u00e0 alla collega Giulia Bertotto<\/em><\/p>\n<p style=\"text-align: justify\">Gioved\u00ec 30 ottobre si \u00e8 tenuta a Roma una &#8220;manifestazione nazionale a favore di Israele e contro l&#8217;antisemitismo.&#8221;<\/p>\n<p style=\"text-align: justify\">\u00c8 stata indetta da L&#8217;Associazione Setteottobre, con &#8220;oltre 50 realt\u00e0 fra cui le Comunit\u00e0 ebraiche di Roma, Milano, Torino, Genova, Bologna, Livorno&#8221;.<\/p>\n<p style=\"text-align: justify\">Hanno aderito anche Ucei (Unione comunit\u00e0 ebraiche italiane), Ugei (Unione giovani ebrei italiani), le associazioni e federazioni di Amicizia Italia-Israele, la FIAP (Federazione Italiana Associazioni Partigiane), Evangelici d&#8217;Italia per Israele, le Fondazioni Luigi Einaudi, Studi Storici Gaetano Salvemini, Camis De Fonseca e Keshet (Gruppo ebraico LGBTQAI+).<\/p>\n<p style=\"text-align: justify\">Presenti anche i partiti.<\/p>\n<p style=\"text-align: justify\">Leggiamo da https:\/\/share.google\/IDUEUsgv7DaRqyFnH che erano presenti anche molti partiti dell&#8217;arco parlamentare.<\/p>\n<p style=\"text-align: justify\">&#8220;Per Fdi, sono intervenuti il capogruppo Lucio Malan e Giovanni Donzelli, presente anche l\u2019ex ministro Giulio Terzi di Sant\u2019Agata. Per Forza Italia il capogrupppo Maurizio Gasparri e Andrea Orsini, per la Lega Simonetta Matone, per i renziani Maria Elena Boschi, per Azione Elena Bonetti. A rappresentare il Pd, che per\u00f2 non ha aderito, c\u2019era Pina Picierno, leader della corrente moderata. Nel pubblico anche Renato Brunetta, il presidente del Cnel che proprio recentemente ha ospitato un convegno dei filo-israeliani nel quale sono circolate affermazioni che hanno suscitato indignazione&#8221;.<\/p>\n<p style=\"text-align: justify\">L&#8217;evento \u00e8 stato un flop.<\/p>\n<p style=\"text-align: justify\">Infatti, i media mainstream hanno preferito tacere, censurare, omettere: non pi\u00f9 di un centinaio, in una piazza che, solitamente, (come sappiamo i romani), si sceglie sempre prefigurando un fallimento, visto che permette uno sguardo d&#8217;insieme fuorviante, come se piazza Santi Apostoli fosse comunque piena.<\/p>\n<p style=\"text-align: justify\">Non sono state previste contestazioni n\u00e9 flash mob o sit-in contro la manifestazione sionista, ma non per trascuratezza.<\/p>\n<p style=\"text-align: justify\">Al contrario: le associazioni palestinesi e i comitati per la Palestina hanno concordato di non dare visibilit\u00e0 all&#8217;evento e non offrire alcuna opportunit\u00e0 di essere criminalizzati.<\/p>\n<p style=\"text-align: justify\">La giornalista Giulia Bertotto \u00e8 andata a fare il suo lavoro di documentazione per Byoblu.<\/p>\n<p style=\"text-align: justify\">Ha posto domande legittime, deontologicamente ineccepibili , ai manifestanti che affermavano &#8221; i palestinesi sono fortunati&#8221; perch\u00e9 possono andarsene altrove&#8230;<\/p>\n<p><a href=\"https:\/\/www.instagram.com\/lantidiplomatico\/?utm_source=ig_embed&amp;ig_mid=D9A06D11-B898-4DAB-9A7E-2C9C5ED2D782\">https:\/\/www.instagram.com\/lantidiplomatico\/?utm_source=ig_embed&amp;ig_mid=D9A06D11-B898-4DAB-9A7E-2C9C5ED2D782<\/a><\/p>\n<p style=\"text-align: justify\">Alla domanda della dottoressa e collega Bertotto &#8221; e se invece i palestinesi volessero restare in Palestina?&#8221;, si \u00e8 scatenata un&#8217;aggressione anche fisica vergognosa.<\/p>\n<p style=\"text-align: justify\">Giulia \u00e8 stata spintonata e insultata con epiteti sessisti, con una violenza che avrebbe dovuto imporre alle forze dell&#8217;ordine l&#8217;identificazione degli aggressori e provvedimenti nei loro confronti.<\/p>\n<p style=\"text-align: justify\">\n<p style=\"text-align: justify\">Invece \u00e8 avvenuto l&#8217;esatto contrario.<\/p>\n<p style=\"text-align: justify\">\n<p style=\"text-align: justify\">Le forze dell&#8217;ordine hanno fermato la giornalista, identificando lei e sottoponendola a controlli. Giulia \u00e8 stata bravissima a mantenere la calma, a restare sempre professionale e a documentare tutto.<\/p>\n<p style=\"text-align: justify\">\n<p style=\"text-align: justify\">Scrive su facebook:<\/p>\n<p style=\"text-align: justify\">\n<p style=\"text-align: justify\">&#8220;Ieri 30 ottobre a Roma, alla manifestazione &#8220;Per la nostra libert\u00e0- a testa alta con gli ebrei&#8221; organizzata dalla associazione SetteOttobre in piazza Santi Apostoli, ho ricevuto gravi e volgari offese a sfondo sessuale, sono stata afferrata per i polsi da un manifestante, mi \u00e8 stato gridato \u201cantisemita\u201d perch\u00e9 ho replicato &#8220;e se i palestinesi volessero restare in Palestina?&#8221; ad un manifestante, il quale asseriva che i palestinesi dovrebbero andare a vivere nello Yemen o altrove. Nessuno ha voluto sentir parlare di colonizzazione e di risoluzioni ONU, gli unici termini ammessi sono \u201cAntisemitismo\u201d e \u201cterrorismo\u201d.<\/p>\n<p style=\"text-align: justify\">Mentre alcuni manifestanti gridavano male parole, le forze dell&#8217;ordine sono intervenute allontanando me, una giornalista in servizio durante lo svolgimento del proprio lavoro. Ma il fatto pi\u00f9 grave oltre all&#8217;oltraggio alla libert\u00e0 di informazione, \u00e8 che in questa piazza non \u00e8 stata detta una sola parola per le pi\u00f9 di 60mila persone uccise dallo stato occupante di Israele in due anni. Pi\u00f9 di 20mila sono bambini. Il dovere di cronaca di Byoblu non si piega a queste intimidazioni, continueremo ad andare in tutte le piazze ad ascoltare e tentare il dialogo con tutti i cittadini.&#8221;<\/p>\n<p style=\"text-align: justify\">Massima solidariet\u00e0 a Giulia Bertotto, che ha scritto spesso anche per l&#8217;AntiDiplomatico.<\/p>\n<p style=\"text-align: justify\">Ma non fermiamoci qui.<\/p>\n<p style=\"text-align: justify\">Occorre che dall&#8217;espressione di solidariet\u00e0 si passi ai fatti.<\/p>\n<p style=\"text-align: justify\">Un giornalista ha il diritto e il dovere di informare liberamente senza dover essere minacciato e insultato.<\/p>\n<p style=\"text-align: justify\">Altrimenti, tutte le &#8220;belle parole&#8221; sulla libert\u00e0 di stampa, (abusate bipartisan per Ranucci), rimarranno, appunto, parole vuote.<\/p>\n<p style=\"text-align: justify\">Sarebbe intanto indispensabile un&#8217;interrogazione parlamentare (con risposta scritta) al ministro degli interni per chiedere ragione del comportamento delle forze dell&#8217;ordine che non hanno fermato e identificato chi l&#8217;ha aggredita nello svolgimento della propria funzione.<\/p>\n<p style=\"text-align: justify\"><strong>Fonte:\u00a0<a href=\"https:\/\/www.lantidiplomatico.it\/dettnews-roma_manifestanti_filosionisti_aggrediscono_una_giornalista_video\/45289_63375\/\">https:\/\/www.lantidiplomatico.it\/dettnews-roma_manifestanti_filosionisti_aggrediscono_una_giornalista_video\/45289_63375\/<\/a><\/strong><\/p>\n","protected":false},"excerpt":{"rendered":"<p>di L&#8217;ANTIDIPLOMATICO (Agata Iacono) La nostra totale e incondizionata solidariet\u00e0 alla collega Giulia Bertotto Gioved\u00ec 30 ottobre si \u00e8 tenuta a Roma una &#8220;manifestazione nazionale a favore di Israele e contro l&#8217;antisemitismo.&#8221; \u00c8 stata indetta da L&#8217;Associazione Setteottobre, con &#8220;oltre 50 realt\u00e0 fra cui le Comunit\u00e0 ebraiche di Roma, Milano, Torino, Genova, Bologna, Livorno&#8221;. Hanno aderito anche Ucei (Unione comunit\u00e0 ebraiche italiane), Ugei (Unione giovani ebrei italiani), le associazioni e federazioni di Amicizia Italia-Israele, la&#46;&#46;&#46;<\/p>\n","protected":false},"author":95,"featured_media":91597,"comment_status":"open","ping_status":"open","sticky":false,"template":"","format":"standard","meta":{"jetpack_post_was_ever_published":false,"_jetpack_newsletter_access":"","_jetpack_dont_email_post_to_subs":false,"_jetpack_newsletter_tier_id":0,"_jetpack_memberships_contains_paywalled_content":false,"_jetpack_memberships_contains_paid_content":false,"footnotes":"","jetpack_publicize_message":"","jetpack_publicize_feature_enabled":true,"jetpack_social_post_already_shared":true,"jetpack_social_options":{"image_generator_settings":{"template":"highway","enabled":false},"version":2}},"categories":[32],"tags":[],"jetpack_publicize_connections":[],"jetpack_featured_media_url":"https:\/\/appelloalpopolo.it\/wp-content\/uploads\/2025\/09\/Lantidiplomatico.jpg","jetpack_sharing_enabled":true,"jetpack_shortlink":"https:\/\/wp.me\/p7ZaJ4-o3y","_links":{"self":[{"href":"https:\/\/appelloalpopolo.it\/index.php?rest_route=\/wp\/v2\/posts\/92476"}],"collection":[{"href":"https:\/\/appelloalpopolo.it\/index.php?rest_route=\/wp\/v2\/posts"}],"about":[{"href":"https:\/\/appelloalpopolo.it\/index.php?rest_route=\/wp\/v2\/types\/post"}],"author":[{"embeddable":true,"href":"https:\/\/appelloalpopolo.it\/index.php?rest_route=\/wp\/v2\/users\/95"}],"replies":[{"embeddable":true,"href":"https:\/\/appelloalpopolo.it\/index.php?rest_route=%2Fwp%2Fv2%2Fcomments&post=92476"}],"version-history":[{"count":1,"href":"https:\/\/appelloalpopolo.it\/index.php?rest_route=\/wp\/v2\/posts\/92476\/revisions"}],"predecessor-version":[{"id":92478,"href":"https:\/\/appelloalpopolo.it\/index.php?rest_route=\/wp\/v2\/posts\/92476\/revisions\/92478"}],"wp:featuredmedia":[{"embeddable":true,"href":"https:\/\/appelloalpopolo.it\/index.php?rest_route=\/wp\/v2\/media\/91597"}],"wp:attachment":[{"href":"https:\/\/appelloalpopolo.it\/index.php?rest_route=%2Fwp%2Fv2%2Fmedia&parent=92476"}],"wp:term":[{"taxonomy":"category","embeddable":true,"href":"https:\/\/appelloalpopolo.it\/index.php?rest_route=%2Fwp%2Fv2%2Fcategories&post=92476"},{"taxonomy":"post_tag","embeddable":true,"href":"https:\/\/appelloalpopolo.it\/index.php?rest_route=%2Fwp%2Fv2%2Ftags&post=92476"}],"curies":[{"name":"wp","href":"https:\/\/api.w.org\/{rel}","templated":true}]}}