{"id":92486,"date":"2025-11-03T09:30:56","date_gmt":"2025-11-03T08:30:56","guid":{"rendered":"https:\/\/appelloalpopolo.it\/?p=92486"},"modified":"2025-11-02T16:24:13","modified_gmt":"2025-11-02T15:24:13","slug":"motori-silenziosi-a-stoccarda-e-wolfsburg-come-la-crisi-dei-chip-cinesi-sta-spegnendo-il-cuore-dellindustria-automobilistica-tedesca","status":"publish","type":"post","link":"https:\/\/appelloalpopolo.it\/?p=92486","title":{"rendered":"Motori Silenziosi a Stoccarda e Wolfsburg: Come la Crisi dei Chip Cinesi sta Spegnendo il Cuore dell\u2019Industria Automobilistica Tedesca"},"content":{"rendered":"<p><strong>di VOCIDALLAGERMANIA (redazione)<\/strong><\/p>\n<p>&nbsp;<\/p>\n<div class=\"bs-blog-thumb\"><img loading=\"lazy\" decoding=\"async\" class=\"img-fluid attachment-full size-full wp-post-image\" src=\"https:\/\/vocidallagermania.it\/wp-content\/uploads\/2025\/10\/Gemini_Generated_Image_qycs7qqycs7qqycs.png\" alt=\"crisi chip auto germania\" width=\"983\" height=\"923\" \/><\/div>\n<article class=\"small single\">\n<h3 class=\"wp-block-heading\"><\/h3>\n<div class=\"wp-block-spacer\" aria-hidden=\"true\"><\/div>\n<p class=\"has-medium-font-size\"><strong>C\u2019\u00e8 un suono che, pi\u00f9 di ogni altro,<\/strong>\u00a0terrorizza i colossi dell\u2019industria automobilistica tedesca. Non \u00e8 il boato di una crisi finanziaria, n\u00e9 il clangore di uno sciopero generale. \u00c8 un suono molto pi\u00f9 sottile e insidioso: il silenzio. Il silenzio che minaccia di calare sulle immense linee di produzione di Wolfsburg e\u00a0<a href=\"https:\/\/vocidallagermania.it\/fine-di-unera-a-stoccarda-guida-allabfindung-bosch-in-germania-e-al-futuro-del-lavoro\/\">Stoccarda<\/a>, dove il ronzio costante dei bracci robotici e la sinfonia orchestrata di migliaia di operai rischiano di spegnersi da un momento all\u2019altro. Questo non \u00e8 lo scenario di un film distopico, ma la realt\u00e0 che incombe sull\u2019industria tedesca alla fine di ottobre 2025. E la causa di questo arresto cardiaco industriale non \u00e8 un cataclisma economico, ma un componente elettronico cos\u00ec piccolo da poterlo tenere sulla punta di un dito, un \u201cchip discreto\u201d che costa pochi centesimi.<\/p>\n<p class=\"has-medium-font-size\"><strong>Come \u00e8 possibile che un\u00a0<a href=\"https:\/\/vocidallagermania.it\/crisi-vw-e-futuro-dellindustria-tedesca-flassbeck-svela-gli-errori-del-governo\/\">colosso industriale<\/a>,<\/strong>\u00a0orgoglio di un\u2019intera nazione, possa essere messo in ginocchio da un granello di silicio? E cosa ci svela questa crisi sulla vera natura della globalizzazione e sulle fragilit\u00e0 nascoste del modello economico tedesco? Questa non \u00e8 solo la storia di una carenza di semiconduttori; \u00e8 la cronaca di un risveglio geopolitico che sta scuotendo la Germania dalle fondamenta.<\/p>\n<div class=\"wp-block-spacer\" aria-hidden=\"true\"><\/div>\n<figure class=\"wp-block-image size-large\"><img loading=\"lazy\" decoding=\"async\" class=\"wp-image-992\" src=\"https:\/\/vocidallagermania.it\/wp-content\/uploads\/2024\/09\/30b01f04-ba0a-4a84-8e28-afe95d1bf81b-960x960.jpg\" alt=\"vw crisi\" width=\"960\" height=\"960\" \/><\/figure>\n<div class=\"wp-block-spacer\" aria-hidden=\"true\"><\/div>\n<h4 class=\"wp-block-heading has-medium-font-size\"><strong>Perch\u00e9 le Linee di Produzione di Volkswagen e Mercedes Rischiano di Fermarsi da un Giorno all\u2019Altro?<\/strong><\/h4>\n<p class=\"has-medium-font-size\"><strong>La risposta breve \u00e8 tanto semplice\u00a0<\/strong>quanto terrificante: le scorte si stanno esaurendo. Secondo l\u2019associazione dei costruttori europei, Acea, per le case automobilistiche tedesche non \u00e8 pi\u00f9 una questione di \u201cse\u201d ma di \u201cquando\u201d. Anzi, \u00e8\u00a0<strong>\u201csolo una questione di giorni\u201d<\/strong>\u00a0prima che le catene di montaggio si fermino. Aziende\u00a0<a href=\"https:\/\/vocidallagermania.it\/vw-in-caduta-libera-come-politica-e-sanzioni-stanno-spegnendo-il-motore-dellindustria-tedesca\/\">come Volkswagen<\/a>, il cuore pulsante dell\u2019economia della Bassa Sassonia, e persino colossi del lusso come Mercedes, si trovano ad affrontare un blocco imminente. I loro fornitori di componenti, come il gigante Bosch, hanno smesso di ricevere le parti necessarie e, di conseguenza, hanno interrotto le loro consegne.<\/p>\n<p class=\"has-medium-font-size\"><strong>La situazione si \u00e8 aggravata \u201cdi giorno in giorno\u201d,\u00a0<\/strong>trasformandosi da un problema logistico a un\u2019emergenza nazionale. Mentre i portavoce di Mercedes-Benz, con la tipica compostezza di Stoccarda, assicurano che l\u2019approvvigionamento \u201ca breve termine\u201d \u00e8 garantito, la realt\u00e0 nei corridoi del potere industriale \u00e8 di febbrile ricerca di soluzioni. Le riserve strategiche, accumulate dopo la grande crisi dei chip durante la pandemia, si stanno esaurendo a una velocit\u00e0 \u201crapida\u201d, svelando quanto sia fragile l\u2019equilibrio su cui poggia la produzione just-in-time.\u00a0<strong>L\u2019impensabile sta per accadere: il motore economico della Germania potrebbe presto iniziare a girare a vuoto.<\/strong><\/p>\n<div class=\"wp-block-spacer\" aria-hidden=\"true\"><\/div>\n<figure class=\"wp-block-image size-large\"><img loading=\"lazy\" decoding=\"async\" class=\"wp-image-723\" src=\"https:\/\/vocidallagermania.it\/wp-content\/uploads\/2024\/07\/aa2c8efc-3cae-4407-ad61-7ffeefc1403f-960x960.jpeg\" alt=\"fallimento northvolt\" width=\"960\" height=\"960\" \/><\/figure>\n<div class=\"wp-block-spacer\" aria-hidden=\"true\"><\/div>\n<h4 class=\"wp-block-heading has-medium-font-size\"><strong>Nexperia: La Scatola Nera della Crisi dei Semiconduttori in Germania<\/strong><\/h4>\n<p class=\"has-medium-font-size\">Al centro di questo\u00a0<a href=\"https:\/\/vocidallagermania.it\/crisi-economica-in-germania-un-2024-segnato-dalla-recessione\/\">terremoto industriale<\/a>\u00a0c\u2019\u00e8 un nome che fino a poche settimane fa era noto solo agli addetti ai lavori: Nexperia. Per capire la crisi, dobbiamo seguire il viaggio di uno dei suoi chip. Non stiamo parlando di un processore ultra-avanzato per l\u2019intelligenza artificiale, ma di umili \u201ccomponenti discreti\u201d come diodi e transistor. Sono i mattoni fondamentali dell\u2019elettronica di un\u2019auto: gestiscono gli alzacristalli, attivano i sensori, proteggono le batterie dei veicoli elettrici da sbalzi di tensione. Un\u2019auto moderna ne contiene centinaia, forse migliaia.<\/p>\n<p class=\"has-medium-font-size\">Nexperia, una costola della storica Philips olandese, ha i suoi principali impianti di produzione di wafer di silicio in Europa, inclusa una fabbrica chiave ad Amburgo, in Germania. Qui nasce il \u201ccervello\u201d grezzo del chip. Ma il viaggio non finisce qui. Per diventare un componente utilizzabile, questo wafer deve essere spedito in Cina. L\u00ec, negli stabilimenti di propriet\u00e0 della casa madre di Nexperia, il colosso cinese Wingtech, avviene la fase cruciale del\u00a0<strong>\u201cpackaging\u201d<\/strong>: il wafer viene tagliato, i singoli chip vengono incapsulati in plastica protettiva, testati e preparati per essere montati sui circuiti.<\/p>\n<p class=\"has-medium-font-size\">Ed \u00e8 qui che si \u00e8 inceppato l\u2019ingranaggio. In seguito a una mossa senza precedenti del governo olandese, che ha preso il controllo di Nexperia per timori legati alla sicurezza nazionale e al trasferimento di tecnologia, Pechino ha reagito. Ha bloccato l\u2019esportazione di tutti i chip Nexperia che avevano completato il loro \u201cpackaging\u201d in Cina.\u00a0<strong>Il risultato \u00e8 un paradosso devastante: un prodotto ideato e parzialmente fabbricato in Europa, in Germania, non pu\u00f2 pi\u00f9 tornare a casa per essere montato sulle<a href=\"https:\/\/vocidallagermania.it\/la-crisi-dellindustria-automobilistica-tedesca-cosa-ne-pensano-i-lavoratori-delle-aziende-in-crisi\/\">\u00a0auto tedesche.<\/a><\/strong><\/p>\n<div class=\"wp-block-spacer\" aria-hidden=\"true\"><\/div>\n<figure class=\"wp-block-image size-large\"><img loading=\"lazy\" decoding=\"async\" class=\"wp-image-2527\" src=\"https:\/\/vocidallagermania.it\/wp-content\/uploads\/2025\/04\/Gemini_Generated_Image_dhs6l0dhs6l0dhs6-960x960.jpeg\" alt=\"insolvenze in germania\" width=\"960\" height=\"960\" \/><\/figure>\n<div class=\"wp-block-spacer\" aria-hidden=\"true\"><\/div>\n<h4 class=\"wp-block-heading has-medium-font-size\"><strong>Dalla Fabbrica di Amburgo alla Geopolitica: Come la Germania \u00e8 Finita sulla Scacchiera Globale dei Chip<\/strong><\/h4>\n<p class=\"has-medium-font-size\">La crisi dei chip non \u00e8 un semplice incidente commerciale. \u00c8 una battaglia combattuta su una scacchiera geopolitica globale dove la Germania si trova improvvisamente in una posizione scomoda, quasi di debolezza. Per anni, la politica estera tedesca, spinta dalla sua potente lobby industriale, si \u00e8 basata sul principio del\u00a0<em>Wandel durch Handel<\/em>\u00a0(cambiamento attraverso il commercio). L\u2019idea era che legami economici stretti con potenze come la Cina avrebbero garantito stabilit\u00e0 e prosperit\u00e0. La crisi Nexperia dimostra che quel modello \u00e8 in frantumi.<\/p>\n<p class=\"has-medium-font-size\"><strong>Le tensioni erano nell\u2019aria da tempo<\/strong>. L\u2019Unione Europea e la Germania hanno inasprito il tono\u00a0<a href=\"https:\/\/vocidallagermania.it\/dazi-contro-la-cina-perche-i-politici-non-comprendono-i-processi-economici\/\">verso Pechino,<\/a>\u00a0imponendo sanzioni a aziende cinesi per il loro presunto sostegno alla Russia e alzando barriere commerciali. Allo stesso tempo, Berlino ha iniziato a intensificare i rapporti con Taiwan, un gesto che Pechino considera una provocazione intollerabile. In questo clima, la cancellazione all\u2019ultimo minuto di un viaggio programmato in Cina del Ministro degli Esteri tedesco Johann Wadephul, a cui Pechino avrebbe concesso solo un incontro di cortesia, non \u00e8 un dettaglio, ma un segnale. Un segnale che indica chi, in questo momento, si sente\u00a0<a href=\"https:\/\/www.german-foreign-policy.com\/news\/detail\/10171\"><strong>\u201cam k\u00fcrzeren Hebel\u201d<\/strong>,<\/a>\u00a0ovvero dalla parte del manico pi\u00f9 corto, con meno potere contrattuale.<\/p>\n<p class=\"has-medium-font-size\">La Germania ha scoperto bruscamente che mentre si ergeva a paladina dei valori in politica estera, la sua industria era diventata dipendente da catene di approvvigionamento controllate da chi non condivide necessariamente quegli stessi valori. La speranza \u00e8 che la diplomazia possa risolvere la questione, ma il danno all\u2019illusione di una globalizzazione felice e apolitica \u00e8 gi\u00e0 fatto.<\/p>\n<div class=\"wp-block-spacer\" aria-hidden=\"true\"><\/div>\n<figure class=\"wp-block-image size-large\"><img loading=\"lazy\" decoding=\"async\" class=\"wp-image-989\" src=\"https:\/\/vocidallagermania.it\/wp-content\/uploads\/2024\/09\/c3bfe9cd-f982-4a2e-8acd-7d1e84561a27-960x960.jpg\" alt=\"problemi in Germania\" width=\"960\" height=\"960\" \/><\/figure>\n<div class=\"wp-block-spacer\" aria-hidden=\"true\"><\/div>\n<h4 class=\"wp-block-heading has-medium-font-size\"><strong>Il Tallone d\u2019Achille dell\u2019Industria Tedesca: Cos\u2019\u00e8 il \u201cPackaging\u201d dei Chip e Perch\u00e9 si Fa in Asia?<\/strong><\/h4>\n<p class=\"has-medium-font-size\">Per decenni, i manager delle grandi\u00a0<a href=\"https:\/\/vocidallagermania.it\/la-crisi-dellindustria-automobilistica-tedesca-gravi-conseguenze-anche-per-leuropa-dellest\/\">aziende tedesche\u00a0<\/a>hanno ottimizzato ogni singolo anello della catena del valore. Hanno inseguito l\u2019efficienza, la riduzione dei costi, la perfezione logistica. In questo processo, hanno deciso che il \u201cpackaging\u201d dei semiconduttori, la fase finale ma tecnologicamente meno \u201cnobile\u201d e ad alta intensit\u00e0 di manodopera, dovesse essere delocalizzata. \u201cPaesi come la Cina, la Malesia o il Vietnam offrono bassi costi di manodopera ed energia e una fitta struttura di fornitori\u201d, spiega un esperto del settore. Era una scelta economicamente razionale. Oggi, si sta rivelando un errore strategico colossale.<\/p>\n<p class=\"has-medium-font-size\">Il packaging, in parole semplici, \u00e8 l\u2019arte di vestire e proteggere un chip. \u00c8 come costruire il corpo di una tartaruga attorno ai suoi organi vitali. Senza questo guscio, il delicato pezzo di silicio \u00e8 inutile e vulnerabile. Affidare questa fase quasi interamente all\u2019Asia ha creato un\u00a0<strong>tallone d\u2019Achille sistemico per l\u2019intera industria europea<\/strong>. Mentre si parla tanto di \u201cAdvanced Packaging\u201d \u2013 una tecnica pi\u00f9 sofisticata per combinare pi\u00f9 chip \u2013 come una possibile area di rilocalizzazione in Europa, per i chip pi\u00f9 semplici e maturi, quelli che ora mancano, la dipendenza rimane quasi totale.<\/p>\n<p class=\"has-medium-font-size\">Questa crisi, quindi, non riguarda solo Nexperia. Riguarda una filosofia industriale che ha privilegiato il costo immediato sulla resilienza strategica. Cosa succederebbe se domani un conflitto simile si verificasse su altri componenti essenziali?<\/p>\n<div class=\"wp-block-spacer\" aria-hidden=\"true\"><\/div>\n<figure class=\"wp-block-image size-large\"><img loading=\"lazy\" decoding=\"async\" class=\"wp-image-1340\" src=\"https:\/\/vocidallagermania.it\/wp-content\/uploads\/2024\/10\/a7a6a364-12b0-4246-87d0-d6f638959463-960x960.jpeg\" alt=\"dazi auto elettriche cinesi\" width=\"960\" height=\"960\" \/><\/figure>\n<div class=\"wp-block-spacer\" aria-hidden=\"true\"><\/div>\n<h4 class=\"wp-block-heading has-medium-font-size\"><strong>Trovare Alternative ai Chip Nexperia: \u00c8 Davvero Cos\u00ec Semplice per l\u2019Automotive Tedesco?<\/strong><\/h4>\n<p class=\"has-medium-font-size\">La domanda sorge spontanea: se Nexperia \u00e8 il problema, perch\u00e9 non comprare i chip da qualcun altro? La risposta, purtroppo, \u00e8 molto pi\u00f9 complessa di cos\u00ec. Sebbene Nexperia detenga \u201csolo\u201d il 9% del mercato mondiale, per alcune tipologie specifiche di chip pi\u00f9 datati, ma ancora fondamentali per l\u2019industria automobilistica, \u00e8 uno dei pochi fornitori rimasti. Molti concorrenti hanno semplicemente smesso di produrre questi componenti a basso margine.<\/p>\n<p class=\"has-medium-font-size\">Ma anche quando un\u2019alternativa esiste, il processo non \u00e8 immediato. L\u2019industria automobilistica \u00e8 una delle pi\u00f9 regolamentate al mondo. Ogni singolo componente, anche il pi\u00f9 umile diodo, deve passare attraverso un rigoroso e lungo processo di certificazione e qualificazione per garantire sicurezza e affidabilit\u00e0. Non si pu\u00f2 semplicemente sostituire un chip con un altro come si cambia una lampadina.\u00a0<strong>Questo processo pu\u00f2 richiedere diversi mesi.<\/strong>\u00a0Mesi duringi i quali le fabbriche rimarrebbero ferme. E questo \u00e8 un lusso che l\u2019economia tedesca, gi\u00e0 alle prese con costi energetici elevati e una transizione ecologica complessa, non pu\u00f2 permettersi.<\/p>\n<div class=\"wp-block-spacer\" aria-hidden=\"true\"><\/div>\n<figure class=\"wp-block-image size-large\"><img loading=\"lazy\" decoding=\"async\" class=\"wp-image-3392\" src=\"https:\/\/vocidallagermania.it\/wp-content\/uploads\/2025\/10\/Gemini_Generated_Image_qycs7qqycs7qqycs-960x901.png\" alt=\"crisi chip auto germania\" width=\"960\" height=\"901\" \/><\/figure>\n<div class=\"wp-block-spacer\" aria-hidden=\"true\"><\/div>\n<h4 class=\"wp-block-heading has-medium-font-size\"><strong>Un \u201cWeckruf\u201d per Berlino: La Crisi dei Chip \u00e8 il Sintomo di una Malattia Pi\u00f9 Profonda?<\/strong><\/h4>\n<p class=\"has-medium-font-size\">Nelle discussioni tra gli esperti dell\u2019industria tedesca, una parola tedesca risuona con particolare forza:\u00a0<strong>\u201cWeckruf\u201d<\/strong>, una sveglia, un campanello d\u2019allarme. Wolfgang Weber, della ZVEI (l\u2019associazione dell\u2019industria elettrotecnica tedesca), ha definito\u00a0<a href=\"https:\/\/vocidallagermania.it\/germania-al-punto-di-non-ritorno-la-crisi-economica-che-scuote-leuropa\/\">la crisi\u00a0<\/a>proprio cos\u00ec. \u00c8 il momento in cui ci si rende conto che il modello su cui si \u00e8 basata la propria prosperit\u00e0 nascondeva delle vulnerabilit\u00e0 critiche.<\/p>\n<p class=\"has-medium-font-size\"><strong>Questa crisi costringe la Germania\u00a0<\/strong>a guardarsi allo specchio e a porsi domande scomode. La sua dipendenza dalle esportazioni e da catene del valore globali \u00e8 ancora un punto di forza o \u00e8 diventata una fonte di debolezza strategica? L\u2019European Chips Act, con i suoi miliardi di investimenti per riportare la produzione di semiconduttori in Europa, \u00e8 una risposta sufficiente? E siamo sicuri che baster\u00e0 costruire nuove fabbriche di wafer se poi la fase finale del packaging rimane un collo di bottiglia in mano ad altre potenze?<\/p>\n<p class=\"has-medium-font-size\"><strong>La crisi dei chip Nexperia non \u00e8 un evento isolato.<\/strong>\u00a0\u00c8 il canarino nella miniera di carbone di un nuovo ordine mondiale, dove le catene di approvvigionamento sono diventate armi e la tecnologia \u00e8 il campo di battaglia. Per la Germania, la sfida non \u00e8 solo trovare un modo per far ripartire le linee di produzione di Volkswagen e Mercedes. La sfida \u00e8 reinventare una parte del proprio modello industriale per un\u2019era in cui l\u2019efficienza non pu\u00f2 pi\u00f9 essere l\u2019unico metro di giudizio. La resilienza, la sovranit\u00e0 tecnologica e la sicurezza economica sono diventate altrettanto, se non pi\u00f9, importanti.<\/p>\n<p class=\"has-medium-font-size\">La vera domanda, forse, \u00e8 questa: quanto \u00e8 disposta a pagare la Germania per questa sicurezza? E come cambier\u00e0 il volto del \u201cMade in Germany\u201d in questo nuovo, incerto mondo? La risposta a queste domande definir\u00e0 il futuro non solo dell\u2019industria automobilistica, ma dell\u2019intera economia tedesca per i decenni a venire.<\/p>\n<\/article>\n<p>&nbsp;<\/p>\n<p><strong>FONTE:<\/strong>\u00a0<a href=\"https:\/\/vocidallagermania.it\/motori-silenziosi-a-stoccarda-e-wolfsburg-come-la-crisi-dei-chip-cinesi-sta-spegnendo-il-cuore-dellindustria-automobilistica-tedesca\/\">https:\/\/vocidallagermania.it\/motori-silenziosi-a-stoccarda-e-wolfsburg-come-la-crisi-dei-chip-cinesi-sta-spegnendo-il-cuore-dellindustria-automobilistica-tedesca\/<\/a><\/p>\n","protected":false},"excerpt":{"rendered":"<p>di VOCIDALLAGERMANIA (redazione) &nbsp; C\u2019\u00e8 un suono che, pi\u00f9 di ogni altro,\u00a0terrorizza i colossi dell\u2019industria automobilistica tedesca. Non \u00e8 il boato di una crisi finanziaria, n\u00e9 il clangore di uno sciopero generale. \u00c8 un suono molto pi\u00f9 sottile e insidioso: il silenzio. Il silenzio che minaccia di calare sulle immense linee di produzione di Wolfsburg e\u00a0Stoccarda, dove il ronzio costante dei bracci robotici e la sinfonia orchestrata di migliaia di operai rischiano di spegnersi da&#46;&#46;&#46;<\/p>\n","protected":false},"author":99,"featured_media":81877,"comment_status":"open","ping_status":"open","sticky":false,"template":"","format":"standard","meta":{"jetpack_post_was_ever_published":false,"_jetpack_newsletter_access":"","_jetpack_dont_email_post_to_subs":false,"_jetpack_newsletter_tier_id":0,"_jetpack_memberships_contains_paywalled_content":false,"_jetpack_memberships_contains_paid_content":false,"footnotes":"","jetpack_publicize_message":"","jetpack_publicize_feature_enabled":true,"jetpack_social_post_already_shared":true,"jetpack_social_options":{"image_generator_settings":{"template":"highway","enabled":false},"version":2}},"categories":[32],"tags":[],"jetpack_publicize_connections":[],"jetpack_featured_media_url":"https:\/\/appelloalpopolo.it\/wp-content\/uploads\/2023\/10\/cropped-cropped-cropped-cropped-cropped-cropped-cropped-cropped-cropped-Voci-dalla-Germania_logo-1.jpg","jetpack_sharing_enabled":true,"jetpack_shortlink":"https:\/\/wp.me\/p7ZaJ4-o3I","_links":{"self":[{"href":"https:\/\/appelloalpopolo.it\/index.php?rest_route=\/wp\/v2\/posts\/92486"}],"collection":[{"href":"https:\/\/appelloalpopolo.it\/index.php?rest_route=\/wp\/v2\/posts"}],"about":[{"href":"https:\/\/appelloalpopolo.it\/index.php?rest_route=\/wp\/v2\/types\/post"}],"author":[{"embeddable":true,"href":"https:\/\/appelloalpopolo.it\/index.php?rest_route=\/wp\/v2\/users\/99"}],"replies":[{"embeddable":true,"href":"https:\/\/appelloalpopolo.it\/index.php?rest_route=%2Fwp%2Fv2%2Fcomments&post=92486"}],"version-history":[{"count":1,"href":"https:\/\/appelloalpopolo.it\/index.php?rest_route=\/wp\/v2\/posts\/92486\/revisions"}],"predecessor-version":[{"id":92487,"href":"https:\/\/appelloalpopolo.it\/index.php?rest_route=\/wp\/v2\/posts\/92486\/revisions\/92487"}],"wp:featuredmedia":[{"embeddable":true,"href":"https:\/\/appelloalpopolo.it\/index.php?rest_route=\/wp\/v2\/media\/81877"}],"wp:attachment":[{"href":"https:\/\/appelloalpopolo.it\/index.php?rest_route=%2Fwp%2Fv2%2Fmedia&parent=92486"}],"wp:term":[{"taxonomy":"category","embeddable":true,"href":"https:\/\/appelloalpopolo.it\/index.php?rest_route=%2Fwp%2Fv2%2Fcategories&post=92486"},{"taxonomy":"post_tag","embeddable":true,"href":"https:\/\/appelloalpopolo.it\/index.php?rest_route=%2Fwp%2Fv2%2Ftags&post=92486"}],"curies":[{"name":"wp","href":"https:\/\/api.w.org\/{rel}","templated":true}]}}