{"id":92504,"date":"2025-11-04T10:00:37","date_gmt":"2025-11-04T09:00:37","guid":{"rendered":"https:\/\/appelloalpopolo.it\/?p=92504"},"modified":"2025-11-03T15:48:31","modified_gmt":"2025-11-03T14:48:31","slug":"politicamente-corretto-e-intransigenza","status":"publish","type":"post","link":"https:\/\/appelloalpopolo.it\/?p=92504","title":{"rendered":"Politicamente corretto e intransigenza"},"content":{"rendered":"<p><strong>di FERDINANDO PASTORE (Pagina Facebook)<\/strong><\/p>\n<p>Entro in un terreno di discussione molto accidentato perch\u00e9 trovo scabroso e insolente pubblicare conversazioni private confidenziali. In quei contesti ognuno di noi, nessuno escluso, utilizza un linguaggio tagliato con l\u2019accetta, privo di sofismi e di arzigogoli, che definisce un giudizio o una qualsiasi presa di posizione con elementi di surrealt\u00e0, di enfatizzazione e di volgare schiettezza. In pi\u00f9 ci troviamo di fronte a un caso giudiziario, tutto ancora da verificare e da soppesare, che riguarda tre giovani femministe, di cui una \u00e8 stimabile saggista. Tralascio dunque gli aspetti legali della vicenda che, spero senza troppe enfatizzazioni a mezzo stampa, saranno oggetto delle indagini e delle strategie di difesa. In pi\u00f9, si pu\u00f2 affermare con certezza che i giornaloni mainstream diano cos\u00ec tanta eco alla questione perch\u00e9 \u00e8 stato rintracciato il reato di lesa maest\u00e0 nei confronti di Mattarella, di Cecilia Sala o di Michela Murgia. Ci\u00f2 che mi preme sottolineare, per\u00f2, \u00e8 il costume sociale emerso in questa gazzarra interpersonale che mi sembra indicativo di tendenze pi\u00f9 generali.<\/p>\n<p>Sembra difatti che il caso in questione possa essere emblematico di una dinamica tipica dei gruppi identitari; quelli, per intenderci, non tenuti insieme da una visione politica generale che abbraccia la contrapposizione verticale della societ\u00e0. Sono gruppi spesso sorretti da un orgoglio inacidito dove si pensa di aver trovato la pietra filosofale da cui tutto discende. La lotta interclassista al patriarcato globale \u00e8 sicuramente una di esse. Questi agglomerati si organizzano tenendo conto di un galateo comportamentale, definito \u201cpoliticamente corretto\u201d, che separa in partenza un noi e un loro. Un noi composto da vittime e un loro da carnefici. Ma con gli altri, in questo caso, non pu\u00f2 esservi alcun rapporto dialettico, perch\u00e9 nessuno pu\u00f2 comprendere in nessun modo l\u2019esperienza traumatica della vittima, che \u00e8 tale anche in via astratta in quanto appartenente a un genere, a un\u2019etnia o a una qualsiasi condizione esistenziale. Il grado di separazione \u00e8 netto, per cui per gli estranei quel politicamente corretto pu\u00f2 facilmente rovesciarsi in vero e proprio squadrismo sociale, in espulsione inappellabile, in pettegolezzo ideologico, in diffamazione ostentata, sadica ma soprattutto moralizzata.<\/p>\n<p>Questo tipo di atteggiamenti possono trasformarsi in chiacchierata disinvolta e autoindulgente: il linguaggio politicamente corretto stabilisce una rigidit\u00e0 aprioristica, un\u2019irremovibilit\u00e0 ideologica che non contempla alcuna comunicazione con chi \u00e8 fuori dal giro. Si avvera cos\u00ec nel suo contrario quando la tortura psicologica diventa mezzo di persuasione per chi non comunica con i canoni estetici del gruppo. Questa spinta all\u2019efferatezza si esalta con la mentalit\u00e0 individualista del nuovo attivismo postmoderno connesso alla Rete, alle chat, ai flash mob, all\u2019inglesizzazione delle mansioni. Content creator, influencer digitale, indicano una spoliticizzazione di fondo rispetto ai vecchi incarichi dei militanti di partito che sfidavano l\u2019ostilit\u00e0 ambientale delle sezioni di provincia per fregiarsi del titolo di \u201cquadro\u201d. Non si assolve pi\u00f9 a una funzione ma a una insaziabile aspirazione che spesso si dissolve in pochi attimi. Il tempo del nuovo attivismo identitario \u00e8 consumato dall\u2019eterno presente, \u00e8 concentrato sul proprio arrivismo, sulla propria popolarit\u00e0 numerata in classifica dai followers, sulla freschezza e sulla vivacit\u00e0 intellettuale del proprio capitale sociale che sa affollare gli eventi.<\/p>\n<p>Non si fa altro che riprodurre in scala ci\u00f2 che i cosiddetti personaggi pubblici fanno comunemente. Proprio perch\u00e9 anche quel contesto \u00e8 sorretto da piccoli agglomerati chiusi, ermetici, che ricalcano le dinamiche del clan. Cos\u00ec vivono il personale politico parlamentare, lo star system della spettacolarizzazione mediatica e i circoletti della mondanit\u00e0 letteraria generalmente sovraesposti su Robinson di Repubblica e nelle giurie dei festival. L\u2019antagonismo politico diventa passatempo patinato a imitazione dilettantesca del professionismo salottiero della nostra vita politica, sociale e culturale e del nostro decadimento umano. Un declino antropologico che, in tutta sincerit\u00e0, spaventa e che dovrebbe far riflettere i tanti compagni affascinati dall\u2019impeto assolutistico delle cause civili americanizzate. Difficilmente si coniugano poi con l\u2019orizzonte della lotta di classe, della giustizia sociale e con la durata dell&#8217;impegno.<\/p>\n<p><strong>FONTE:\u00a0<a href=\"https:\/\/m.facebook.com\/story.php?story_fbid=pfbid02NZEuwwatUwcNBWYBpfFRBHWd1zJoTpFJ14ujn2f6gy156YnWaKVbvuX4qcYvso16l&amp;id=100085532455971\">https:\/\/m.facebook.com\/story.php?story_fbid=pfbid02NZEuwwatUwcNBWYBpfFRBHWd1zJoTpFJ14ujn2f6gy156YnWaKVbvuX4qcYvso16l&amp;id=100085532455971<\/a><\/strong><\/p>\n","protected":false},"excerpt":{"rendered":"<p>di FERDINANDO PASTORE (Pagina Facebook) Entro in un terreno di discussione molto accidentato perch\u00e9 trovo scabroso e insolente pubblicare conversazioni private confidenziali. In quei contesti ognuno di noi, nessuno escluso, utilizza un linguaggio tagliato con l\u2019accetta, privo di sofismi e di arzigogoli, che definisce un giudizio o una qualsiasi presa di posizione con elementi di surrealt\u00e0, di enfatizzazione e di volgare schiettezza. In pi\u00f9 ci troviamo di fronte a un caso giudiziario, tutto ancora da&#46;&#46;&#46;<\/p>\n","protected":false},"author":103,"featured_media":89105,"comment_status":"open","ping_status":"open","sticky":false,"template":"","format":"standard","meta":{"jetpack_post_was_ever_published":false,"_jetpack_newsletter_access":"","_jetpack_dont_email_post_to_subs":false,"_jetpack_newsletter_tier_id":0,"_jetpack_memberships_contains_paywalled_content":false,"_jetpack_memberships_contains_paid_content":false,"footnotes":"","jetpack_publicize_message":"","jetpack_publicize_feature_enabled":true,"jetpack_social_post_already_shared":true,"jetpack_social_options":{"image_generator_settings":{"template":"highway","enabled":false},"version":2}},"categories":[32],"tags":[],"jetpack_publicize_connections":[],"jetpack_featured_media_url":"https:\/\/appelloalpopolo.it\/wp-content\/uploads\/2025\/02\/Ferdinando-Pastore.jpg","jetpack_sharing_enabled":true,"jetpack_shortlink":"https:\/\/wp.me\/p7ZaJ4-o40","_links":{"self":[{"href":"https:\/\/appelloalpopolo.it\/index.php?rest_route=\/wp\/v2\/posts\/92504"}],"collection":[{"href":"https:\/\/appelloalpopolo.it\/index.php?rest_route=\/wp\/v2\/posts"}],"about":[{"href":"https:\/\/appelloalpopolo.it\/index.php?rest_route=\/wp\/v2\/types\/post"}],"author":[{"embeddable":true,"href":"https:\/\/appelloalpopolo.it\/index.php?rest_route=\/wp\/v2\/users\/103"}],"replies":[{"embeddable":true,"href":"https:\/\/appelloalpopolo.it\/index.php?rest_route=%2Fwp%2Fv2%2Fcomments&post=92504"}],"version-history":[{"count":1,"href":"https:\/\/appelloalpopolo.it\/index.php?rest_route=\/wp\/v2\/posts\/92504\/revisions"}],"predecessor-version":[{"id":92505,"href":"https:\/\/appelloalpopolo.it\/index.php?rest_route=\/wp\/v2\/posts\/92504\/revisions\/92505"}],"wp:featuredmedia":[{"embeddable":true,"href":"https:\/\/appelloalpopolo.it\/index.php?rest_route=\/wp\/v2\/media\/89105"}],"wp:attachment":[{"href":"https:\/\/appelloalpopolo.it\/index.php?rest_route=%2Fwp%2Fv2%2Fmedia&parent=92504"}],"wp:term":[{"taxonomy":"category","embeddable":true,"href":"https:\/\/appelloalpopolo.it\/index.php?rest_route=%2Fwp%2Fv2%2Fcategories&post=92504"},{"taxonomy":"post_tag","embeddable":true,"href":"https:\/\/appelloalpopolo.it\/index.php?rest_route=%2Fwp%2Fv2%2Ftags&post=92504"}],"curies":[{"name":"wp","href":"https:\/\/api.w.org\/{rel}","templated":true}]}}