{"id":92519,"date":"2025-11-05T08:30:15","date_gmt":"2025-11-05T07:30:15","guid":{"rendered":"https:\/\/appelloalpopolo.it\/?p=92519"},"modified":"2025-11-04T21:15:33","modified_gmt":"2025-11-04T20:15:33","slug":"riflessione-storica","status":"publish","type":"post","link":"https:\/\/appelloalpopolo.it\/?p=92519","title":{"rendered":"Riflessione storica"},"content":{"rendered":"<p style=\"text-align: justify\"><strong>di TERMOMETRO GEOPOLITICO (Daniele Lanza)<\/strong><\/p>\n<p style=\"text-align: justify\"><img loading=\"lazy\" decoding=\"async\" class=\"alignnone size-medium wp-image-92520\" src=\"https:\/\/appelloalpopolo.it\/wp-content\/uploads\/2025\/11\/FB_IMG_1762287184545-300x250.jpg\" alt=\"\" width=\"300\" height=\"250\" srcset=\"https:\/\/appelloalpopolo.it\/wp-content\/uploads\/2025\/11\/FB_IMG_1762287184545-300x250.jpg 300w, https:\/\/appelloalpopolo.it\/wp-content\/uploads\/2025\/11\/FB_IMG_1762287184545.jpg 600w\" sizes=\"(max-width: 300px) 100vw, 300px\" \/><\/p>\n<p style=\"text-align: justify\">Lo stato germanico dell&#8217;et\u00e0 moderna si genera ed espande a partire da EST: assai pi\u00f9 di quanto la sagoma dell&#8217;attuale Repubblica federale non faccia supporre.<\/p>\n<p style=\"text-align: justify\">Le radici antiche della Germania-stato sono rivolte ad oriente: \u00e8 la PRUSSIA il suo nerbo vitale. L&#8217;unit\u00e0 pan-tedesca di met\u00e0 XIX secolo ha fatto s\u00ec che si espandesse ad occidente, verso Renania et affini&#8230;..ma la linfa vitale rimase la Prussia (le uniformi dei vari Reich e l&#8217;estetica marziale, derivano da loro in ultima istanza).<\/p>\n<p style=\"text-align: justify\">I conflitti globali &#8211; perduti &#8211; del secolo XX hanno trasfigurato tale identit\u00e0: in particolare dopo il 1945, tutto il segmento orientale dello stato tedesco scompare: cessa di esistere legalmente la Prussia stessa.<\/p>\n<p style=\"text-align: justify\">Lo stato tedesco democratico che oggi conosciamo, NON \u00e8 pi\u00f9 la Germania storica della sua unit\u00e0 in et\u00e0 romantica: \u00e8 uno stato che ha perduto sia geograficamente che spiritualmente TUTTO il suo segmento orientale per l&#8217;appunto (cos\u00ec si \u00e8 voluto) annullando pertanto quell&#8217;identit\u00e0 originaria, sostituendola con un pi\u00f9 pacifico occidentalismo.<\/p>\n<p style=\"text-align: justify\">La contemporanea Repubblica federale tedesca \u00e8 una cultura di lingua tedesca s\u00ec, ma essenzialmente OCCIDENTALE, de prussianizzata. Assai divergente dal conservatorismo nazionale pre-1945 (e non mi riferisco al nazismo, ma solo all&#8217;identit\u00e0 culturale di base).<\/p>\n<p style=\"text-align: justify\">QUESITO<\/p>\n<p style=\"text-align: justify\">Da una prospettiva RUSSA&#8230;&#8230;&#8230;&#8230;&#8230;cosa significa tutto questo ? La Germania \u00e8, de facto, un avversario culturale e geopolitico ETERNO, a prescindere (&#8230;), tuttavia una differenza si pone: la Germania Prussiana era pi\u00f9 aggressiva e militarista, ma in fondo affine culturalmente. L&#8217;attuale Germania democratica e occidentale, sar\u00e0 invece pacifista, ma culturalmente \u00e8 assai pi\u00f9 distante: un alieno vero e proprio per Mosca. Quindi alla lunga&#8230;.persino pi\u00f9 problematica e pericolosa.<\/p>\n<p style=\"text-align: justify\"><em>#TGP #Germania #Prussia #Storia #Geopolitica<\/em><\/p>\n<p style=\"text-align: justify\"><em>Fonte: https:\/\/www.facebook.com\/daniele.conti.5203\/posts\/pfbid02K8NLReaC5izAgGzJ8BEx2EmY7bgmWodJmQLHGrFGHLJG21wPpXucbGYJsV324QT2l?rdid=dsYYGc0jVBhQi6Nk#<\/em><\/p>\n<p style=\"text-align: justify\"><strong>Fonte:\u00a0<a href=\"https:\/\/www.facebook.com\/share\/p\/1CLZduo89u\/\">https:\/\/www.facebook.com\/share\/p\/1CLZduo89u\/<\/a><\/strong><\/p>\n","protected":false},"excerpt":{"rendered":"<p>di TERMOMETRO GEOPOLITICO (Daniele Lanza) Lo stato germanico dell&#8217;et\u00e0 moderna si genera ed espande a partire da EST: assai pi\u00f9 di quanto la sagoma dell&#8217;attuale Repubblica federale non faccia supporre. Le radici antiche della Germania-stato sono rivolte ad oriente: \u00e8 la PRUSSIA il suo nerbo vitale. L&#8217;unit\u00e0 pan-tedesca di met\u00e0 XIX secolo ha fatto s\u00ec che si espandesse ad occidente, verso Renania et affini&#8230;..ma la linfa vitale rimase la Prussia (le uniformi dei vari Reich&#46;&#46;&#46;<\/p>\n","protected":false},"author":95,"featured_media":84835,"comment_status":"open","ping_status":"open","sticky":false,"template":"","format":"standard","meta":{"jetpack_post_was_ever_published":false,"_jetpack_newsletter_access":"","_jetpack_dont_email_post_to_subs":false,"_jetpack_newsletter_tier_id":0,"_jetpack_memberships_contains_paywalled_content":false,"_jetpack_memberships_contains_paid_content":false,"footnotes":"","jetpack_publicize_message":"","jetpack_publicize_feature_enabled":true,"jetpack_social_post_already_shared":true,"jetpack_social_options":{"image_generator_settings":{"template":"highway","enabled":false},"version":2}},"categories":[32],"tags":[],"jetpack_publicize_connections":[],"jetpack_featured_media_url":"https:\/\/appelloalpopolo.it\/wp-content\/uploads\/2024\/04\/termometro-geopolitico.png","jetpack_sharing_enabled":true,"jetpack_shortlink":"https:\/\/wp.me\/p7ZaJ4-o4f","_links":{"self":[{"href":"https:\/\/appelloalpopolo.it\/index.php?rest_route=\/wp\/v2\/posts\/92519"}],"collection":[{"href":"https:\/\/appelloalpopolo.it\/index.php?rest_route=\/wp\/v2\/posts"}],"about":[{"href":"https:\/\/appelloalpopolo.it\/index.php?rest_route=\/wp\/v2\/types\/post"}],"author":[{"embeddable":true,"href":"https:\/\/appelloalpopolo.it\/index.php?rest_route=\/wp\/v2\/users\/95"}],"replies":[{"embeddable":true,"href":"https:\/\/appelloalpopolo.it\/index.php?rest_route=%2Fwp%2Fv2%2Fcomments&post=92519"}],"version-history":[{"count":1,"href":"https:\/\/appelloalpopolo.it\/index.php?rest_route=\/wp\/v2\/posts\/92519\/revisions"}],"predecessor-version":[{"id":92521,"href":"https:\/\/appelloalpopolo.it\/index.php?rest_route=\/wp\/v2\/posts\/92519\/revisions\/92521"}],"wp:featuredmedia":[{"embeddable":true,"href":"https:\/\/appelloalpopolo.it\/index.php?rest_route=\/wp\/v2\/media\/84835"}],"wp:attachment":[{"href":"https:\/\/appelloalpopolo.it\/index.php?rest_route=%2Fwp%2Fv2%2Fmedia&parent=92519"}],"wp:term":[{"taxonomy":"category","embeddable":true,"href":"https:\/\/appelloalpopolo.it\/index.php?rest_route=%2Fwp%2Fv2%2Fcategories&post=92519"},{"taxonomy":"post_tag","embeddable":true,"href":"https:\/\/appelloalpopolo.it\/index.php?rest_route=%2Fwp%2Fv2%2Ftags&post=92519"}],"curies":[{"name":"wp","href":"https:\/\/api.w.org\/{rel}","templated":true}]}}