{"id":92613,"date":"2025-11-11T10:01:26","date_gmt":"2025-11-11T09:01:26","guid":{"rendered":"https:\/\/appelloalpopolo.it\/?p=92613"},"modified":"2025-11-10T15:05:12","modified_gmt":"2025-11-10T14:05:12","slug":"il-progetto-mediorientale-di-israele-e-stati-uniti-egemonia-o-collasso","status":"publish","type":"post","link":"https:\/\/appelloalpopolo.it\/?p=92613","title":{"rendered":"Il progetto mediorientale di Israele e Stati Uniti: egemonia o collasso?"},"content":{"rendered":"<p style=\"text-align: justify\"><strong>di INTELLIGENCE FOR THE PEOPLE (Roberto Iannuzzi)<\/strong><\/p>\n<div class=\"pencraft pc-display-flex pc-gap-8 pc-reset\" style=\"text-align: justify\"><\/div>\n<div class=\"pencraft pc-display-flex pc-gap-8 pc-reset\" style=\"text-align: justify\"><\/div>\n<div class=\"visibility-check\" style=\"text-align: justify\"><\/div>\n<div style=\"text-align: justify\">\n<div data-headlessui-state=\"\"><\/div>\n<\/div>\n<div class=\"available-content\" style=\"text-align: justify\">\n<div class=\"body markup\" dir=\"auto\">\n<div class=\"captioned-image-container\">\n<figure>\n<div class=\"image2-inset\"><img loading=\"lazy\" decoding=\"async\" class=\"sizing-normal\" src=\"https:\/\/substackcdn.com\/image\/fetch\/$s_!_VDg!,w_1456,c_limit,f_auto,q_auto:good,fl_progressive:steep\/https%3A%2F%2Fsubstack-post-media.s3.amazonaws.com%2Fpublic%2Fimages%2F597d3b2b-6f94-4f1d-a378-5b61afb29600_1993x1667.jpeg\" alt=\"\" width=\"1456\" height=\"1218\" data-attrs=\"{&quot;src&quot;:&quot;https:\/\/substack-post-media.s3.amazonaws.com\/public\/images\/597d3b2b-6f94-4f1d-a378-5b61afb29600_1993x1667.jpeg&quot;,&quot;srcNoWatermark&quot;:null,&quot;fullscreen&quot;:null,&quot;imageSize&quot;:null,&quot;height&quot;:1218,&quot;width&quot;:1456,&quot;resizeWidth&quot;:null,&quot;bytes&quot;:393776,&quot;alt&quot;:null,&quot;title&quot;:null,&quot;type&quot;:&quot;image\/jpeg&quot;,&quot;href&quot;:null,&quot;belowTheFold&quot;:false,&quot;topImage&quot;:true,&quot;internalRedirect&quot;:&quot;https:\/\/robertoiannuzzi.substack.com\/i\/178271145?img=https%3A%2F%2Fsubstack-post-media.s3.amazonaws.com%2Fpublic%2Fimages%2F597d3b2b-6f94-4f1d-a378-5b61afb29600_1993x1667.jpeg&quot;,&quot;isProcessing&quot;:false,&quot;align&quot;:null,&quot;offset&quot;:false}\" \/><\/p>\n<div class=\"image-link-expand\">\n<div class=\"pencraft pc-display-flex pc-gap-8 pc-reset\"><\/div>\n<\/div>\n<\/div>\n<\/figure>\n<\/div>\n<\/div>\n<\/div>\n<div class=\"captioned-image-container\" style=\"text-align: justify\">\n<figure><figcaption class=\"image-caption\">Il primo ministro israeliano Yitzhak Rabin (<a href=\"https:\/\/commons.wikimedia.org\/wiki\/File:Flickr_-_Israel_Defense_Forces_-_Life_of_Lt._Gen._Yitzhak_Rabin,_7th_IDF_Chief_of_Staff_in_photos_(11)_(cropped2).jpg\" rel=\"\">Yaakov Saar<\/a>, <a href=\"https:\/\/creativecommons.org\/licenses\/by-sa\/3.0\" rel=\"\">CC BY-SA 3.0<\/a> )<\/figcaption><\/figure>\n<\/div>\n<p style=\"text-align: justify\">Proprio nei giorni scorsi Israele ha commemorato il trentennale dell\u2019assassinio di Yitzhak Rabin, il primo ministro che nel 1993 aveva firmato gli Accordi di Oslo dando il via al \u201cprocesso di pace\u201d israelo-palestinese.<\/p>\n<p style=\"text-align: justify\">Rabin fu assassinato il 4 novembe 1995 da Yigal Amir, un estremista ebreo che si opponeva alla nascita di un\u2019autonomia palestinese in Cisgiordania in base agli Accordi di Oslo.<\/p>\n<p style=\"text-align: justify\">Ricordando Rabin, Dennis Ross (all\u2019epoca inviato USA per il Medio Oriente, e ora membro del Washington Institute for Near East Policy, un think tank filo-israeliano di orientamento neocon) <a href=\"https:\/\/www.washingtoninstitute.org\/policy-analysis\/yitzhak-rabin-knew-what-netanyahu-doesnt\" rel=\"\">ha tracciato<\/a> un parallelo fra quegli anni e la fase attuale.<\/p>\n<h3 class=\"header-anchor-post\" style=\"text-align: justify\">L\u2019idea di una \u201cnuova Oslo\u201d<\/h3>\n<div class=\"pencraft pc-display-flex pc-alignItems-center pc-position-absolute pc-reset header-anchor-parent\" style=\"text-align: justify\">\n<div class=\"pencraft pc-display-contents pc-reset pubTheme-yiXxQA\">\n<div id=\"\u00a7lidea-di-una-nuova-oslo\" class=\"pencraft pc-reset header-anchor offset-top\"><\/div>\n<\/div>\n<\/div>\n<p style=\"text-align: justify\">Allora, gli Stati Uniti avevano appena sconfitto Saddam Hussein, e il presidente George H. W. Bush ne approfitt\u00f2 per lanciare la Conferenza di Madrid (1991) che avrebbe fatto da premessa agli Accordi di Oslo.<\/p>\n<p style=\"text-align: justify\">Oggi come allora, \u201ci nemici di Israele sono in rotta\u201d, ha scritto Ross. Tel Aviv \u201cha duramente colpito Hezbollah e Hamas; il regime di Assad in Siria \u00e8 crollato; e la guerra dei 12 giorni condotta da Israele e Stati Uniti ha inferto un colpo significativo all\u2019Iran\u201d.<\/p>\n<p style=\"text-align: justify\">Ross conclude che \u201ccome accadde con Bush nel 1991, pochi paesi sono disposti a dire di no al presidente Donald Trump\u201d.<\/p>\n<p style=\"text-align: justify\">Il ragionamento dell\u2019ex inviato statunitense \u00e8 indirizzato al premier israeliano Benjamin Netanyahu, accusato da Ross di non avere la stessa capacit\u00e0 di Rabin di cogliere le \u201copportunit\u00e0\u201d offerte dalla storia.<\/p>\n<p style=\"text-align: justify\">Ross ricorda che:<\/p>\n<blockquote><p>\u201cRabin cerc\u00f2 di trarre vantaggio da quelle circostanze collaborando con gli Stati Uniti per perseguire la pace con Siria, Giordania e palestinesi. I suoi sforzi si fondarono sulla Conferenza di pace di Madrid, che gli Stati Uniti avevano contribuito a organizzare poco dopo la guerra [del Golfo]. La conferenza infranse l\u2019annoso tab\u00f9 sui colloqui diretti tra arabi e israeliani, e Rabin ne approfitt\u00f2. Come egli spieg\u00f2 in un discorso dopo essere diventato primo ministro l\u2019anno successivo, Israele doveva promuovere la pace con i suoi vicini per concentrarsi sulla minaccia maggiore rappresentata dall\u2019Iran e dal suo programma nucleare\u201d.<\/p><\/blockquote>\n<h3 class=\"header-anchor-post\" style=\"text-align: justify\">Non pace, ma isolamento dell\u2019Iran<\/h3>\n<div class=\"pencraft pc-display-flex pc-alignItems-center pc-position-absolute pc-reset header-anchor-parent\" style=\"text-align: justify\">\n<div class=\"pencraft pc-display-contents pc-reset pubTheme-yiXxQA\">\n<div id=\"\u00a7non-pace-ma-isolamento-delliran\" class=\"pencraft pc-reset header-anchor offset-top\"><\/div>\n<\/div>\n<\/div>\n<p style=\"text-align: justify\">Rivolgendosi a Netanyahu, Ross sostiene che:<\/p>\n<blockquote><p>\u201cSe Rabin fosse vivo, riconoscerebbe questa apertura strategica e cercherebbe di coglierla. Vedrebbe nel piano di pace in 20 punti di Trump un\u2019opportunit\u00e0 per ricostruire una Gaza migliore e creare una coalizione con gli stati arabi per contrastare l\u2019Iran e le forze estremiste nella regione\u201d.<\/p><\/blockquote>\n<p style=\"text-align: justify\">In sostanza, nel suo articolo l\u2019ex inviato americano esorta Netanyahu a non boicottare il piano Trump adottando posizioni massimaliste perfino per l\u2019amministrazione USA.<\/p>\n<p style=\"text-align: justify\">Come ho spiegato in due <a href=\"https:\/\/robertoiannuzzi.substack.com\/i\/175189739\/ultimatum-ai-palestinesi\" rel=\"\">precedenti<\/a> <a href=\"https:\/\/robertoiannuzzi.substack.com\/i\/176412829\/un-piano-a-favore-di-israele\" rel=\"\">articoli<\/a>, il piano formulato dalla Casa Bianca per Gaza \u00e8 in realt\u00e0 un progetto neocoloniale che non offre nulla ai palestinesi, tantomeno la prospettiva di uno stato indipendente.<\/p>\n<p style=\"text-align: justify\">Ma il parallelismo storico tracciato da Ross \u00e8 sostanzialmente corretto.<\/p>\n<p style=\"text-align: justify\">Alla luce della nascente rivalit\u00e0 con l\u2019Iran, Rabin decise di <a href=\"https:\/\/robertoiannuzzi.substack.com\/i\/151697276\/esclusione-iraniana-dal-processo-di-pace-regionale\" rel=\"\">rinunciare<\/a> alla strategia di alleanze con i paesi della \u201cperiferia\u201d mediorientale, optando invece per un percorso di riconciliazione con i vicini arabi favorito da un processo di pace israelo-palestinese.<\/p>\n<p style=\"text-align: justify\">Contemporaneamente, Washington <a href=\"https:\/\/thediplomat.com\/2012\/04\/let-iran-save-face\/\" rel=\"\">escluse<\/a> l\u2019Iran dalla Conferenza di Madrid e dal processo di riconciliazione arabo-israeliano (malgrado le aperture compiute dall\u2019allora presidente iraniano Akbar Hashemi Rafsanjani), puntando invece sulla creazione di un fronte regionale arabo-israelo-americano che isolasse Teheran (come afferma lo stesso Ross).<\/p>\n<p style=\"text-align: justify\">Il processo di pace avviato dagli Accordi di Oslo non avrebbe mai dato vita ad uno stato palestinese indipendente. Al contrario, dopo il 1993 la costruzione di insediamenti israeliani in Cisgiordania crebbe in maniera <a href=\"https:\/\/peacenow.org.il\/en\/30-years-after-oslo-the-data-that-shows-how-the-settlements-proliferated-following-the-oslo-accords\" rel=\"\">esponenziale<\/a>.<\/p>\n<p style=\"text-align: justify\">Lo stesso Rabin non concepiva la possibilit\u00e0 di uno Stato palestinese, ma al pi\u00f9 di una \u201centit\u00e0\u201d autonoma che fosse \u201c<a href=\"https:\/\/www.palquest.org\/en\/historictext\/24965\/yitzhaq-rabin%E2%80%99s-address-knesset-after-israeli-palestinian-agreement\" rel=\"\">meno di uno Stato<\/a>\u201d. La sua idea di un\u2019autonomia palestinese, invisa all\u2019estrema destra israeliana, gli sarebbe per\u00f2 costata la vita.<\/p>\n<p style=\"text-align: justify\">Similmente, lanciando il proprio piano in 20 punti da Sharm el-Sheikh in Egitto, Trump ha trionfalmente parlato di una nuova \u201cera di pace\u201d in Medio Oriente.<\/p>\n<p style=\"text-align: justify\">Se il suo piano, che ufficialmente non prevede pi\u00f9 l\u2019espulsione dei palestinesi da Gaza, dovesse concedere a questi ultimi un minimo di autogoverno nella Striscia e impedire l\u2019annessione israeliana della Cisgiordania, diversi regimi arabi, fra cui l\u2019Arabia Saudita, potrebbero di nuovo prendere in esame l\u2019idea di una normalizzazione dei rapporti con Israele.<\/p>\n<p style=\"text-align: justify\">Come ha riconosciuto Ross, il vero obiettivo del piano non \u00e8 quello di giungere realmente ad una pace regionale, ma di \u201ccreare una coalizione con gli stati arabi per contrastare l\u2019Iran\u201d ed i suoi alleati nella regione, oltre che di ancorare le monarchie del Golfo agli USA strappandole all\u2019abbraccio cinese.<\/p>\n<p style=\"text-align: justify\">Una nuova \u201cOslo\u201d in scala ridotta servirebbe dunque non gi\u00e0 ad offrire una reale soluzione alla questione palestinese, ma a fornire un\u2019apparenza di soluzione in grado di compattare un fronte anti-iraniano che lasci Teheran completamente isolata nella regione.<\/p>\n<p style=\"text-align: justify\">Il paragone tra Oslo e il piano Trump lo ha <a href=\"https:\/\/www.timesofisrael.com\/three-decades-on-a-return-to-rabin-square-gives-the-slain-premiers-right-hand-man-hope\/\" rel=\"\">proposto<\/a> anche Shimon Sheves, che fu per anni il braccio destro di Rabin, proprio in occasione delle recenti commemorazioni dello scomparso leader.<\/p>\n<div class=\"captioned-image-container\" style=\"text-align: justify\">\n<figure>\n<div class=\"image2-inset\">\n<div><\/div>\n<\/div>\n<\/figure>\n<\/div>\n<h3 class=\"header-anchor-post\" style=\"text-align: justify\">Distruggere l\u2019asse iraniano<\/h3>\n<div class=\"pencraft pc-display-flex pc-alignItems-center pc-position-absolute pc-reset header-anchor-parent\" style=\"text-align: justify\">\n<div class=\"pencraft pc-display-contents pc-reset pubTheme-yiXxQA\">\n<div id=\"\u00a7distruggere-lasse-iraniano\" class=\"pencraft pc-reset header-anchor offset-top\"><\/div>\n<\/div>\n<\/div>\n<p style=\"text-align: justify\">Quanto il piano Trump sia sbilanciato a favore di Israele \u00e8 gi\u00e0 emerso in questi giorni, durante i quali Tel Aviv ha violato pi\u00f9 volte il cessate il fuoco con il consenso di Washington, <a href=\"https:\/\/www.bbc.com\/news\/articles\/c0rp4lrdv8ko\" rel=\"\">uccidendo<\/a> oltre 240 palestinesi, ed ha fatto entrare <a href=\"https:\/\/www.newarab.com\/news\/gaza-faces-harrowing-winter-less-quarter-aid-enters\" rel=\"\">meno di un quarto<\/a> degli aiuti previsti in base agli accordi, ed essenziali per alleviare l\u2019emergenza umanitaria nella Striscia, senza che la Casa Bianca sollevasse obiezioni.<\/p>\n<p style=\"text-align: justify\">Ma sia in Israele che negli ambienti neocon americani, vi \u00e8 chi <a href=\"https:\/\/www.criticalthreats.org\/analysis\/the-state-of-the-axis-of-resistance\" rel=\"\">pone l\u2019accento<\/a>, prima ancora che sulla realizzazione del piano Trump, sulla necessit\u00e0 di sfruttare il momento di debolezza attraversato dall\u2019Iran e dai suoi alleati, a seguito dei colpi loro inflitti da Israele nel corso della sua guerra \u201csu <a href=\"https:\/\/www.jpost.com\/israel-news\/article-835756\" rel=\"\">sette fronti<\/a>\u201d (Gaza, Cisgiordania, Libano, Siria, Yemen, Iraq, Iran), per smantellare definitivamente il cosiddetto \u201casse della resistenza\u201d filo-iraniano.<\/p>\n<p style=\"text-align: justify\">Come ha <a href=\"https:\/\/www.timesofisrael.com\/liveblog_entry\/pm-israel-needs-a-large-army-has-shifted-from-containment-to-initiative\/\" rel=\"\">dichiarato<\/a> lo stesso Netanyahu, Israele \u00e8 passato \u201cdal contenimento all\u2019iniziativa\u201d, in vista di una vittoria finale sui suoi avversari regionali.<\/p>\n<p style=\"text-align: justify\">Ad una riunione dello Stato maggiore dell\u2019esercito, lo scorso settembre, il premier israeliano ha <a href=\"https:\/\/www.ynet.co.il\/news\/article\/bk43ltaoeg\" rel=\"\">affermato<\/a> che il prossimo anno avr\u00e0 una portata storica, in quanto Israele porter\u00e0 a termine la \u201cdistruzione dell\u2019asse iraniano\u201d.<\/p>\n<p style=\"text-align: justify\">Quest\u2019idea non appartiene solo al governo, ma \u00e8 condivisa anche da importanti esponenti dell\u2019opposizione israeliana.<\/p>\n<p style=\"text-align: justify\">Presentando la \u201cVisione di sicurezza israeliana per il 2040\u201d, l\u2019ex generale e attuale leader del partito \u201cBlu e Bianco\u201d Benny Gantz <a href=\"https:\/\/www.fdd.org\/analysis\/2025\/11\/04\/either-we-are-the-strongest-or-we-dont-exist-gantz-presents-plan-for-israels-continued-security\/\" rel=\"\">ha parlato<\/a> della necessit\u00e0 di investire sulla difesa israeliana e di rendere inoffensivo l\u2019Iran, poich\u00e9 semplicemente \u201co siamo i pi\u00f9 forti senz\u2019ombra di dubbio, o non esistiamo\u201d.<\/p>\n<p style=\"text-align: justify\">Gantz ha aggiunto che l\u2019esistenza di Israele non \u00e8 solo una questione di interesse nazionale degli israeliani, ma del mondo occidentale.<\/p>\n<p style=\"text-align: justify\">In altre parole, siamo chiaramente in presenza di un progetto egemonico, o che quantomeno \u00e8 <a href=\"https:\/\/thecradle.co\/articles\/the-beasts-bargain-arab-states-israel-and-the-price-of-peace\" rel=\"\">percepito<\/a> come tale da molti paesi della regione.<\/p>\n<h3 class=\"header-anchor-post\" style=\"text-align: justify\">Offensiva israelo-americana, dalla Cisgiordania a Teheran<\/h3>\n<div class=\"pencraft pc-display-flex pc-alignItems-center pc-position-absolute pc-reset header-anchor-parent\" style=\"text-align: justify\">\n<div class=\"pencraft pc-display-contents pc-reset pubTheme-yiXxQA\">\n<div id=\"\u00a7offensiva-israelo-americana-dalla-cisgiordania-a-teheran\" class=\"pencraft pc-reset header-anchor offset-top\"><\/div>\n<\/div>\n<\/div>\n<p style=\"text-align: justify\">Tra il 2023 e il 2025 vi \u00e8 stato un aumento senza precedenti nell\u2019approvazione di nuovi insediamenti in Cisgiordania, mentre Netanyahu <a href=\"https:\/\/www.timesofisrael.com\/netanyahu-no-full-palestinian-state-no-surrender-in-exchange-for-gaza-hostages\/\" rel=\"\">dichiarava<\/a> che \u201cnon scender\u00f2 a compromessi sul pieno controllo [\u2026] israeliano di tutto il territorio a ovest del Giordano\u201d.<\/p>\n<p style=\"text-align: justify\">Fatti che contraddicono palesemente l\u2019idea di uno stato palestinese.<\/p>\n<p style=\"text-align: justify\">Tom Barrack, inviato speciale USA per Siria e Libano, <a href=\"https:\/\/www.thenationalnews.com\/news\/mena\/2025\/10\/20\/syria-and-lebanon-are-next-pieces-in-push-for-middle-east-peace-us-envoy-says\/\" rel=\"\">ha dichiarato<\/a> che questi due paesi sono gli altri due pezzi essenziali della nuova \u201carchitettura di pace\u201d regionale. Perch\u00e9 tale architettura si completi \u00e8 necessario che il governo libanese proceda al disarmo di Hezbollah e che la Siria firmi un accordo di sicurezza con Israele.<\/p>\n<p style=\"text-align: justify\">Mentre l\u2019amministrazione Trump sta esercitando enormi pressioni sul governo di Beirut affinch\u00e9 porti a termine il suo compito, Israele sta impedendo la ricostruzione nel sud del paese.<\/p>\n<p style=\"text-align: justify\">Nelle scorse settimane, aerei israeliani hanno bombardato <a href=\"https:\/\/www.aa.com.tr\/en\/middle-east\/israeli-airstrikes-target-heavy-machinery-yards-in-southern-lebanon-destroy-over-300-vehicles-report\/3714234\" rel=\"\">macchinari edili<\/a> e impianti per la produzione di <a href=\"https:\/\/today.lorientlejour.com\/article\/1481593\/in-ansar-a-lifetimes-work-lost-after-massive-israeli-strikes-on-a-cement-plant.html\" rel=\"\">cemento<\/a>.<\/p>\n<p style=\"text-align: justify\">Un altro successo per Israele \u00e8 l\u2019aver ottenuto la <a href=\"https:\/\/www.securitycouncilreport.org\/whatsinblue\/2025\/08\/un-interim-force-in-lebanon-unifil-vote-on-final-mandate-renewal-and-drawdown.php\" rel=\"\">terminazione<\/a> del mandato dell\u2019UNIFIL, la forza ONU dispiegata nel sud del Libano, entro la fine del 2026. Senza una presenza internazionale, Israele potr\u00e0 consolidare il proprio controllo su quella porzione di territorio dove gi\u00e0 oggi <a href=\"https:\/\/www.doctorswithoutborders.org\/latest\/lebanon-one-year-uncertainty-and-growing-needs\" rel=\"\">impedisce<\/a> il ritorno di pi\u00f9 di 82.000 sfollati libanesi.<\/p>\n<p style=\"text-align: justify\">Nel sud del Libano le forze armate israeliane, oltre a controllare cinque avamposti militari, hanno gi\u00e0 imposto una occupazione \u201c<a href=\"https:\/\/carnegieendowment.org\/middle-east\/diwan\/2025\/11\/an-automated-occupation-of-south-lebanon\" rel=\"\">da remoto<\/a>\u201d attraverso l\u2019impiego di droni ed altri sofisticati sistemi di sorveglianza e dissuasione.<\/p>\n<p style=\"text-align: justify\">In Siria, sebbene il nuovo governo di Damasco non abbia compiuto alcun atto ostile nei confronti di Israele, le forze armate israeliane hanno occupato <a href=\"https:\/\/thecradle.co\/articles\/israel-announces-permanent-occupation-of-new-areas-in-syria\" rel=\"\">altre porzioni<\/a> del Golan, hanno preso il Monte Hermon (la vetta pi\u00f9 alta del paese), hanno bombardato l\u2019aeroporto di Damasco e numerosi altri obiettivi, e si sono impadronite di <a href=\"https:\/\/thecradle.co\/articles\/southern-syria-where-israel-redraws-the-levant-through-water-and-gas\" rel=\"\">risorse idriche<\/a> strategiche.<\/p>\n<p style=\"text-align: justify\">Il governo Netanyahu \u00e8 anche intenzionato a impedire che l\u2019Iran ricostituisca il proprio programma nucleare danneggiato e le proprie capacit\u00e0 missilistiche, eventualmente attraverso un <a href=\"https:\/\/strategicreflections.substack.com\/p\/a-second-preventive-war-against-iran\" rel=\"\">secondo round<\/a> del conflitto militare avviato lo scorso giugno.<\/p>\n<p style=\"text-align: justify\">Anche su questo fronte Israele \u00e8 spalleggiato dall\u2019amministrazione Trump, che intende <a href=\"https:\/\/www.reuters.com\/world\/middle-east\/top-us-sanctions-official-travel-middle-east-europe-discuss-maximum-pressure-2025-10-31\/\" rel=\"\">mantenere<\/a> la propria politica di \u201cmassima pressione\u201d nei confronti di Teheran, in particolare attraverso un\u2019applicazione inflessibile delle sanzioni.<\/p>\n<p style=\"text-align: justify\">Washington \u00e8 altrettanto determinata a spingere il governo iracheno a sbarazzarsi dell\u2019influenza iraniana nel paese, soprattutto smantellando le milizie sciite vicine a Teheran.<\/p>\n<p style=\"text-align: justify\">La Casa Bianca \u00e8 anche pronta ad esortare Arabia Saudita ed Emirati Arabi Uniti a collaborare con \u201cpartner locali\u201d nello Yemen per contrastare il movimento di Ansar Allah (gli Houthi) che minaccia il traffico commerciale nel Mar Rosso ed \u00e8 ritenuto uno dei pochi membri dell\u2019asse iraniano a cui non sia stato ancora inferto un duro colpo.<\/p>\n<h3 class=\"header-anchor-post\" style=\"text-align: justify\">Gaza come hub dell\u2019integrazione economica arabo-israeliana<\/h3>\n<div class=\"pencraft pc-display-flex pc-alignItems-center pc-position-absolute pc-reset header-anchor-parent\" style=\"text-align: justify\">\n<div class=\"pencraft pc-display-contents pc-reset pubTheme-yiXxQA\">\n<div id=\"\u00a7gaza-come-hub-dellintegrazione-economica-arabo-israeliana\" class=\"pencraft pc-reset header-anchor offset-top\"><\/div>\n<\/div>\n<\/div>\n<p style=\"text-align: justify\">Nel quadro della nuova architettura regionale americana, Gaza va <a href=\"https:\/\/robertoiannuzzi.substack.com\/i\/176412829\/un-piano-a-favore-di-israele\" rel=\"\">trasformata<\/a>, attraverso l\u2019eliminazione di Hamas, \u201cda proxy iraniano demolito a prospero alleato abramitico\u201d, come <a href=\"https:\/\/www.washingtonpost.com\/documents\/f86dd56a-de7f-4943-af4a-84819111b727.pdf\" rel=\"\">recitava<\/a> il prospetto GREAT (Gaza Reconstitution, Economic Acceleration and Transformation) precursore del piano Trump.<\/p>\n<p style=\"text-align: justify\">La Striscia ricostruita viene concepita da tale piano non come un territorio abitato da una popolazione in possesso di diritti politici, ma come un hub logistico dell\u2019India\u2013Middle East\u2013Europe Economic Corridor (IMEC), <a href=\"https:\/\/robertoiannuzzi.substack.com\/i\/137066158\/un-corridoio-per-legare-gli-alleati\" rel=\"\">lanciato<\/a> gi\u00e0 dal predecessore di Trump, Joe Biden, nel settembre 2023.<\/p>\n<p style=\"text-align: justify\">L\u2019IMEC rappresenta l\u2019architettura economica degli Accordi di Abramo (i quali prevedono la normalizzazione dei rapporti diplomatici fra arabi e Israele), attraverso l\u2019integrazione dello stato ebraico nelle catene di fornitura del Golfo, al prezzo della marginalizzazione della sovranit\u00e0 e dei diritti dei palestinesi.<\/p>\n<p style=\"text-align: justify\">Per Washington l\u2019IMEC non \u00e8 mai stato solo un progetto logistico, bens\u00ec una visione geopolitica per controbilanciare la Belt and Road Initiative cinese mantenendo l\u2019India e le monarchie del Golfo ancorate al blocco transatlantico.<\/p>\n<p style=\"text-align: justify\">Il piano presenta per\u00f2 numerosi <a href=\"https:\/\/robertoiannuzzi.substack.com\/i\/137066158\/una-sfida-con-molte-incognite\" rel=\"\">problemi<\/a> di sostenibilit\u00e0 economica oltre che di fattibilit\u00e0 geopolitica, alla luce delle tensioni e dei conflitti che tormentano la regione.<\/p>\n<p style=\"text-align: justify\">Come accennato all\u2019inizio, tale piano \u00e8 poi messo in pericolo dall\u2019intransigenza del governo Netanyahu.<\/p>\n<p style=\"text-align: justify\">Quest\u2019ultimo \u00e8 ostile all\u2019idea di un ritorno dell\u2019Autorit\u00e0 Nazionale Palestinese (ANP) nella Striscia, e pi\u00f9 in generale a qualsiasi forma di autogoverno palestinese. E teme che la forza internazionale di stabilizzazione prevista dal piano Trump possa portare ad una <a href=\"https:\/\/www.inss.org.il\/publication\/israel-hamas-agreement\/\" rel=\"\">internazionalizzazione<\/a> della questione di Gaza.<\/p>\n<p style=\"text-align: justify\">Dal canto loro, le monarchie del Golfo sono preoccupate dall\u2019espansionismo israeliano, candidato a minacciare paesi essenziali per la stabilit\u00e0 regionale araba come il Libano, la Siria e la stessa Giordania, dove tali monarchie hanno interessi ed investimenti.<\/p>\n<p style=\"text-align: justify\">E il recente <a href=\"https:\/\/robertoiannuzzi.substack.com\/i\/173435813\/cade-un-altro-tabu\" rel=\"\">bombardamento<\/a> di Doha, la capitale del Qatar, per mano israeliana ha mostrato ai sovrani del Golfo che neanche i loro territori sono immuni dalla minaccia israeliana.<\/p>\n<h3 class=\"header-anchor-post\" style=\"text-align: justify\">Verso la disgregazione di Israele?<\/h3>\n<div class=\"pencraft pc-display-flex pc-alignItems-center pc-position-absolute pc-reset header-anchor-parent\" style=\"text-align: justify\">\n<div class=\"pencraft pc-display-contents pc-reset pubTheme-yiXxQA\">\n<div id=\"\u00a7verso-la-disgregazione-di-israele\" class=\"pencraft pc-reset header-anchor offset-top\"><\/div>\n<\/div>\n<\/div>\n<p style=\"text-align: justify\">Tali tensioni sono complicate dalle crescenti turbolenze politiche, economiche e sociali interne allo stato ebraico, le quali contribuiscono ulteriormente a minacciare la realizzazione del piano Trump.<\/p>\n<p style=\"text-align: justify\">Come ha scritto lo storico israeliano Ilan Papp\u00e9 nel suo ultimo libro nel quale arriva a prevedere la fine di Israele (si veda la recensione pi\u00f9 sotto), la destabilizzazione interna allo stato ebraico \u00e8 stata accelerata dall\u2019abbandono, da parte del governo Netanyahu, dell\u2019approccio incrementale adottato dai precedenti esecutivi nei confronti della questione palestinese.<\/p>\n<p style=\"text-align: justify\">La decisione di procedere ad una pulizia etnica nella Striscia, e di impegnarsi in una guerra su pi\u00f9 fronti protrattasi per due anni, ha acuito le tensioni interne al paese e affrettato il processo gi\u00e0 in atto di disgregazione della societ\u00e0 israeliana.<\/p>\n<p style=\"text-align: justify\">Il presidente Isaac Herzog ha citato questi pericoli nel suo intervento alla cerimonia di commemorazione per il trentesimo anniversario dell\u2019assassinio di Rabin.<\/p>\n<p style=\"text-align: justify\">Egli ha parlato degli \u201cimpressionanti traguardi\u201d raggiunti da Israele nella sua guerra su pi\u00f9 fronti che ha \u201ccambiato il volto del Medio Oriente\u201d, grazie anche all\u2019impegno dell\u2019amministrazione Trump la quale starebbe conducendo uno \u201csforzo storico per espandere il cerchio della pace e della normalizzazione nella regione\u201d.<\/p>\n<p style=\"text-align: justify\">Tutto ci\u00f2 \u201capre davanti a noi enormi opportunit\u00e0\u201d, ha detto Herzog, aggiungendo che \u201cper molti versi, questa \u00e8 la realizzazione della visione di Rabin\u201d.<\/p>\n<p style=\"text-align: justify\">Il presidente israeliano ha per\u00f2 ammonito che lo stato ebraico si trova \u201cancora una volta sull\u2019orlo di un baratro\u201d, poich\u00e9 a distanza di trent\u2019anni il paese sta vivendo gli stessi livelli di odio e prevaricazione.<\/p>\n<p style=\"text-align: justify\">Herzog ha avvertito che il clima di violenza nella societ\u00e0 israeliana \u201c\u00e8 una minaccia strategica in tutti i sensi\u201d per lo stato ebraico.<\/p>\n<p style=\"text-align: justify\">La stessa cerimonia di commemorazione di Rabin ha messo in evidenza le divisioni interne al paese, in particolare attraverso l\u2019assenza di importanti figure politiche.<\/p>\n<p style=\"text-align: justify\">Netanyahu, che era il leader dell\u2019opposizione all\u2019epoca dell\u2019assassinio di Rabin, e che un mese prima di quel tragico evento aveva parlato ad una manifestazione di protesta a Gerusalemme in presenza di poster che <a href=\"https:\/\/www.timesofisrael.com\/ahead-of-rabin-memorial-rally-son-says-israeli-leaders-reignite-hatred-and-division\/\" rel=\"\">raffiguravano<\/a> Rabin in uniforme nazista, ha saltato la cerimonia come fa ormai dal 2021.<\/p>\n<p style=\"text-align: justify\">Altri assenti illustri erano l\u2019ex premier Naftali Bennett, ritenuto lo sfidante pi\u00f9 credibile di Netanyahu alle prossime elezioni, e Benny Gantz.<\/p>\n<p style=\"text-align: justify\">In coincidenza con l\u2019anniversario, il ministro della sicurezza interna Itamar Ben Gvir <a href=\"https:\/\/www.timesofisrael.com\/liveblog_entry\/on-anniversary-of-rabins-murder-ben-gvir-swapped-slain-pms-portrait-with-that-of-assassinated-far-right-minister-report\/\" rel=\"\">ha sostituito<\/a> il ritratto di Rabin negli uffici del suo ministero con quello del ministro di estrema destra Rehavam Ze\u2019evi (anch\u2019egli assassinato, ma da uomini armati palestinesi) il quale invocava la deportazione dei palestinesi dalla Cisgiordania.<\/p>\n<p style=\"text-align: justify\">Alcune settimane prima dell\u2019assassinio di Rabin, Ben Gvir (allora giovane attivista di estrema destra) aveva <a href=\"https:\/\/www.timesofisrael.com\/ahead-of-rabin-memorial-rally-son-says-israeli-leaders-reignite-hatred-and-division\/\" rel=\"\">mostrato<\/a> uno stemma rubato all\u2019auto del premier ammonendo: \u201cSiamo arrivati \u200b\u200balla sua auto, arriveremo anche a lui\u201d.<\/p>\n<p style=\"text-align: justify\">Le turbolenze interne a Israele, l\u2019accelerazione del declino americano e le contraddizioni del piano Trump potrebbero mandare in fumo l\u2019intero progetto egemonico israelo-americano per la regione.<\/p>\n<div class=\"captioned-image-container\" style=\"text-align: justify\">\n<figure>\n<div class=\"image2-inset\">\n<div><\/div>\n<\/div>\n<\/figure>\n<\/div>\n<div style=\"text-align: justify\">\n<hr \/>\n<\/div>\n<h2 class=\"header-anchor-post\" style=\"text-align: justify\">La fine di Israele<\/h2>\n<div class=\"pencraft pc-display-flex pc-alignItems-center pc-position-absolute pc-reset header-anchor-parent\" style=\"text-align: justify\">\n<div class=\"pencraft pc-display-contents pc-reset pubTheme-yiXxQA\">\n<div id=\"\u00a7la-fine-di-israele\" class=\"pencraft pc-reset header-anchor offset-top\"><\/div>\n<\/div>\n<\/div>\n<figure style=\"text-align: justify\">\n<div class=\"image2-inset\"><img decoding=\"async\" class=\"sizing-normal\" src=\"https:\/\/substackcdn.com\/image\/fetch\/$s_!CcW4!,w_1456,c_limit,f_auto,q_auto:good,fl_progressive:steep\/https%3A%2F%2Fsubstack-post-media.s3.amazonaws.com%2Fpublic%2Fimages%2F21977c4a-0745-4be9-b73e-77cc0d9c388d_538x800.jpeg\" alt=\"\" width=\"358\" height=\"532.3420074349442\" data-attrs=\"{&quot;src&quot;:&quot;https:\/\/substack-post-media.s3.amazonaws.com\/public\/images\/21977c4a-0745-4be9-b73e-77cc0d9c388d_538x800.jpeg&quot;,&quot;srcNoWatermark&quot;:null,&quot;fullscreen&quot;:null,&quot;imageSize&quot;:null,&quot;height&quot;:800,&quot;width&quot;:538,&quot;resizeWidth&quot;:358,&quot;bytes&quot;:31660,&quot;alt&quot;:null,&quot;title&quot;:null,&quot;type&quot;:&quot;image\/jpeg&quot;,&quot;href&quot;:null,&quot;belowTheFold&quot;:true,&quot;topImage&quot;:false,&quot;internalRedirect&quot;:&quot;https:\/\/robertoiannuzzi.substack.com\/i\/178271145?img=https%3A%2F%2Fsubstack-post-media.s3.amazonaws.com%2Fpublic%2Fimages%2F21977c4a-0745-4be9-b73e-77cc0d9c388d_538x800.jpeg&quot;,&quot;isProcessing&quot;:false,&quot;align&quot;:null,&quot;offset&quot;:false}\" \/><\/p>\n<div class=\"image-link-expand\">\n<div class=\"pencraft pc-display-flex pc-gap-8 pc-reset\"><\/div>\n<\/div>\n<\/div>\n<\/figure>\n<p style=\"text-align: justify\">Le ragioni storiche alla base delle tensioni interne a Israele descritte nell\u2019articolo qui sopra sono esposte in maniera esemplare dal noto storico israeliano Ilan Pall\u00e9 nel suo <a href=\"https:\/\/store.fazieditore.it\/en\/products\/la-fine-di-israele-a995bafa-d98c-4ea5-b9d5-ec0445cb0c51\" rel=\"\">ultimo libro<\/a>, \u201cLa fine di Israele\u201d, da poco uscito in Italia per Fazi editore.<\/p>\n<p style=\"text-align: justify\">Autore di numerosi volumi che rappresentano altrettante pietre miliari nello studio della storia israelo-palestinese, Papp\u00e9 sostiene nella sua ultima opera che Israele si trovi ormai su una traiettoria insostenibile, di progressiva disgregazione.<\/p>\n<p style=\"text-align: justify\">Le ragioni di questa graduale implosione vanno ravvisate, secondo Papp\u00e9, nel lungo processo di trasformazione del sionismo, culminato con l\u2019ascesa al potere dell\u2019attuale governo Netanyahu, che egli definisce \u201cneo-sionista\u201d.<\/p>\n<p style=\"text-align: justify\">Lo stato neo-sionista di Israele \u00e8 caratterizzato da un\u2019estremizzazione dei valori del sionismo classico, e da un abbandono del vecchio approccio alla questione palestinese (che consisteva essenzialmente in una lenta e progressiva pulizia etnica), per passare all\u2019arma del genocidio al fine di svuotare Gaza dai palestinesi in vista di un\u2019operazione analoga da riprodurre in Cisgiordania.<\/p>\n<p style=\"text-align: justify\">La nuova entit\u00e0 neo-sionista fonde il sionismo religioso con l\u2019ebraismo ortodosso ed \u00e8 dominata da estremisti ebrei in gran parte emersi dal movimento dei coloni. Vi sono ormai 750.000 coloni in Cisgiordania e a Gerusalemme Est.<\/p>\n<p style=\"text-align: justify\">Oltre ad impadronirsi dei territori palestinesi occupati scacciandone i loro abitanti, lo stato neo-sionista punta a creare un\u2019egemonia israeliana regionale in grado di dominare i paesi vicini, primi fra tutti Libano, Siria e Giordania.<\/p>\n<p style=\"text-align: justify\">Detestati dai neo-sionisti sono non solo i palestinesi, ma anche gli ebrei laici, ritenuti un ostacolo alla nascita del nuovo stato. Questa tensione all\u2019interno del tessuto sociopolitico israeliano \u00e8 destinata a frammentare lo stato ebraico.<\/p>\n<p style=\"text-align: justify\">A questo processo di dissoluzione si accompagna la crisi degli Stati Uniti, il principale alleato di Israele e il pilastro che lo sostiene. Il declino dell\u2019influenza americana nella regione \u00e8 destinato ad accelerare la disgregazione israeliana.<\/p>\n<p style=\"text-align: justify\">Papp\u00e9 ripercorre le tappe dell\u2019ascesa del nuovo sionismo, individuando nell\u2019affermazione del Likud di Menachem Begin che nel 1977 pose fine al predominio del sionismo laburista nel panorama politico israeliano, un punto di svolta che permise a gruppi e ideologi di estrema destra di accrescere progressivamente la propria influenza.<\/p>\n<p style=\"text-align: justify\">Essi svilupparono una letteratura che individuava nell\u2019attuale fase storica un\u2019occasione irripetibile per la rinascita dell\u2019antico Israele biblico e per il ritorno al suo antico splendore.<\/p>\n<p style=\"text-align: justify\">Due ostacoli ad una simile realizzazione erano rispettivamente la presenza dei palestinesi, e quella degli ebrei laici i quali avevano ormai esaurito il loro ruolo storico.<\/p>\n<p style=\"text-align: justify\">Queste correnti neo-sioniste, marginali negli anni \u201970 e \u201980 del secolo scorso, sono divenute sempre pi\u00f9 rilevanti, ma il vero spartiacque per loro \u00e8 giunto con la salita al potere del nuovo governo guidato Netanyahu alla fine del 2022.<\/p>\n<p style=\"text-align: justify\">Quest\u2019ultimo, pur di rimanere al potere, ha deciso di schierarsi con le correnti della destra neo-sionista e di abbracciare la loro agenda politica. Ci\u00f2 ha fatto s\u00ec che l\u2019emergente stato neo-sionista stia gradualmente inghiottendo lo stato di Israele.<\/p>\n<p style=\"text-align: justify\"><strong>FONTE:<a href=\"https:\/\/robertoiannuzzi.substack.com\/p\/il-progetto-mediorientale-di-israele\">https:\/\/robertoiannuzzi.substack.com\/p\/il-progetto-mediorientale-di-israele<\/a><\/strong><\/p>\n","protected":false},"excerpt":{"rendered":"<p>di INTELLIGENCE FOR THE PEOPLE (Roberto Iannuzzi) Il primo ministro israeliano Yitzhak Rabin (Yaakov Saar, CC BY-SA 3.0 ) Proprio nei giorni scorsi Israele ha commemorato il trentennale dell\u2019assassinio di Yitzhak Rabin, il primo ministro che nel 1993 aveva firmato gli Accordi di Oslo dando il via al \u201cprocesso di pace\u201d israelo-palestinese. Rabin fu assassinato il 4 novembe 1995 da Yigal Amir, un estremista ebreo che si opponeva alla nascita di un\u2019autonomia palestinese in Cisgiordania&#46;&#46;&#46;<\/p>\n","protected":false},"author":109,"featured_media":84587,"comment_status":"open","ping_status":"open","sticky":false,"template":"","format":"standard","meta":{"jetpack_post_was_ever_published":false,"_jetpack_newsletter_access":"","_jetpack_dont_email_post_to_subs":false,"_jetpack_newsletter_tier_id":0,"_jetpack_memberships_contains_paywalled_content":false,"_jetpack_memberships_contains_paid_content":false,"footnotes":"","jetpack_publicize_message":"","jetpack_publicize_feature_enabled":true,"jetpack_social_post_already_shared":true,"jetpack_social_options":{"image_generator_settings":{"template":"highway","enabled":false},"version":2}},"categories":[32],"tags":[],"jetpack_publicize_connections":[],"jetpack_featured_media_url":"https:\/\/appelloalpopolo.it\/wp-content\/uploads\/2024\/03\/intelligence-iannuzzi.jpg","jetpack_sharing_enabled":true,"jetpack_shortlink":"https:\/\/wp.me\/p7ZaJ4-o5L","_links":{"self":[{"href":"https:\/\/appelloalpopolo.it\/index.php?rest_route=\/wp\/v2\/posts\/92613"}],"collection":[{"href":"https:\/\/appelloalpopolo.it\/index.php?rest_route=\/wp\/v2\/posts"}],"about":[{"href":"https:\/\/appelloalpopolo.it\/index.php?rest_route=\/wp\/v2\/types\/post"}],"author":[{"embeddable":true,"href":"https:\/\/appelloalpopolo.it\/index.php?rest_route=\/wp\/v2\/users\/109"}],"replies":[{"embeddable":true,"href":"https:\/\/appelloalpopolo.it\/index.php?rest_route=%2Fwp%2Fv2%2Fcomments&post=92613"}],"version-history":[{"count":1,"href":"https:\/\/appelloalpopolo.it\/index.php?rest_route=\/wp\/v2\/posts\/92613\/revisions"}],"predecessor-version":[{"id":92614,"href":"https:\/\/appelloalpopolo.it\/index.php?rest_route=\/wp\/v2\/posts\/92613\/revisions\/92614"}],"wp:featuredmedia":[{"embeddable":true,"href":"https:\/\/appelloalpopolo.it\/index.php?rest_route=\/wp\/v2\/media\/84587"}],"wp:attachment":[{"href":"https:\/\/appelloalpopolo.it\/index.php?rest_route=%2Fwp%2Fv2%2Fmedia&parent=92613"}],"wp:term":[{"taxonomy":"category","embeddable":true,"href":"https:\/\/appelloalpopolo.it\/index.php?rest_route=%2Fwp%2Fv2%2Fcategories&post=92613"},{"taxonomy":"post_tag","embeddable":true,"href":"https:\/\/appelloalpopolo.it\/index.php?rest_route=%2Fwp%2Fv2%2Ftags&post=92613"}],"curies":[{"name":"wp","href":"https:\/\/api.w.org\/{rel}","templated":true}]}}