{"id":92628,"date":"2025-11-13T09:30:38","date_gmt":"2025-11-13T08:30:38","guid":{"rendered":"https:\/\/appelloalpopolo.it\/?p=92628"},"modified":"2025-11-12T16:52:28","modified_gmt":"2025-11-12T15:52:28","slug":"la-ballata-della-finanziaria","status":"publish","type":"post","link":"https:\/\/appelloalpopolo.it\/?p=92628","title":{"rendered":"&#8220;Il Re \u00e8 Nudo&#8221;: intervista ad Angelo d&#8217;Orsi sul volto della censura liberale"},"content":{"rendered":"<p style=\"text-align: left\">di\u00a0<strong>L&#8217;ANTIDIPLOMATICO (Clara Statello)<\/strong><\/p>\n<div class=\"html-div xdj266r x14z9mp xat24cr x1lziwak xexx8yu xyri2b x18d9i69 x1c1uobl\" style=\"text-align: left\">\n<div class=\"html-div xdj266r x14z9mp xat24cr x1lziwak xexx8yu xyri2b x18d9i69 x1c1uobl\" dir=\"auto\">\n<div class=\"html-div xdj266r x14z9mp xat24cr x1lziwak xexx8yu xyri2b x18d9i69 x1c1uobl\" data-ad-rendering-role=\"story_message\">\n<div id=\"_R_1alqml9l5bb6ismj5ilipamH2_\" class=\"x1iorvi4 xjkvuk6 x1g0dm76 xpdmqnj\" data-ad-comet-preview=\"message\" data-ad-preview=\"message\">\n<div class=\"x78zum5 xdt5ytf xz62fqu x16ldp7u\">\n<div class=\"xu06os2 x1ok221b\">\n<div class=\"html-div xdj266r x14z9mp xat24cr x1lziwak xexx8yu xyri2b x18d9i69 x1c1uobl\">\n<div class=\"x14z9mp xat24cr x1lziwak x1vvkbs xtlvy1s x126k92a\"><\/div>\n<\/div>\n<\/div>\n<\/div>\n<\/div>\n<\/div>\n<\/div>\n<\/div>\n<div>\n<div class=\"xabvvm4 xeyy32k x1ia1hqs x1a2w583 x6ikm8r x10wlt62\" data-visualcompletion=\"ignore-dynamic\">\n<div>\n<div class=\"x1n2onr6\">\n<div class=\"x6s0dn4 xi81zsa x78zum5 x6prxxf x13a6bvl xvq8zen xdj266r xat24cr x1c1uobl xyri2b x1diwwjn xbmvrgn x1yrsyyn x18d9i69\">\n<div class=\"x6s0dn4 x78zum5 x1iyjqo2 x6ikm8r x10wlt62\" style=\"text-align: left\">\n<div class=\"entry-header\">\n<h4><img loading=\"lazy\" decoding=\"async\" class=\"alignnone  wp-image-92678\" src=\"https:\/\/appelloalpopolo.it\/wp-content\/uploads\/2025\/11\/720x410c50-1-1-300x171.jpg\" alt=\"\" width=\"502\" height=\"286\" srcset=\"https:\/\/appelloalpopolo.it\/wp-content\/uploads\/2025\/11\/720x410c50-1-1-300x171.jpg 300w, https:\/\/appelloalpopolo.it\/wp-content\/uploads\/2025\/11\/720x410c50-1-1.jpg 720w\" sizes=\"(max-width: 502px) 100vw, 502px\" \/><\/h4>\n<h4 class=\"post-subtitle\">Non si battono per la libert\u00e0, ma per il proprio potere. La censura a d&#8217;Orsi rivela il vero volto di Calenda, Picierno e compagni<\/h4>\n<\/div>\n<div class=\"post-media post-featured-image\">\n<div class=\"inimage-wrapper\"><\/div>\n<\/div>\n<div class=\"entry-content evo-first-article\" data-evolink=\"https:\/\/www.lantidiplomatico.it\/dettnews-il_re__nudo_intervista_ad_angelo_dorsi_sul_volto_della_censura_liberale\/45289_63578\/\" data-evotitle=\"&quot;Il Re \u00e8 Nudo&quot;: intervista ad Angelo d'Orsi sul volto della censura liberale - IN PRIMO PIANO - L'Antidiplomatico\" data-scrollama-index=\"0\">\n<p>Viviamo nell\u2019epoca del paradosso. Un\u2019epoca in cui il ministro di un governo composto da ex (si spera) neofascisti, pretende di darci lezioni di libert\u00e0 e democrazia. Un\u2019epoca in cui i radicali, da sempre strenui attivisti della libert\u00e0 di espressione, si battono per la censura. Un\u2019epoca in cui il vicepresidente dell\u2019europarlamento, anzich\u00e9 rappresentare gli interessi degli italiani a Bruxelles, si comporta come la cheerleader di un Paese straniero, ed esulta sui social per l\u2019annullamento di un dibattito pubblico, in nome della democrazia. Un\u2019epoca in cui uno storico di fama internazionale, studioso di Antonio Gramsci e dell\u2019antifascismo, viene accusato di essere un propagandista dal fan club italo-ucraino di Volodymir Zelensky. Un\u2019epoca in cui si afferma sempre pi\u00f9 il concetto che la censura rende liberi.<\/p>\n<p>\u00c8 un\u2019epoca strana, in cui i liberali di sinistra mutuano gli atteggiamenti squadristi del ventennio e li utilizzano per lo stesso scopo: tappare la bocca alle voci politicamente scomode, le voci degli antifascisti.<\/p>\n<p>La disavventura capitata al professor Angelo d\u2019Orsi \u00e8 la punta dell\u2019iceberg di una persecuzione politica, insidiosa ma invisibile, che colpisce chiunque si opponga alle politiche internazionali e di guerra di Roma (imposte dall\u2019estero). Da anni gli attivisti per la Palestina o i pacifisti che si oppongono all\u2019invio di armi all\u2019Ucraina o la sinistra che sostiene gli antifascisti ucraini o i giornalisti che cercano di fare luce sulla guerra in Donbass, subiscono la gogna mediatica, le minacce e lo stalking di NAFO, sionisti, e dagli \u201camici\u201d di Pina Picierno.<\/p>\n<p>Bisogna ricordare che la Picierno ha chiesto sanzioni persino contro il famoso street artist Jorit, per il solo fatto di aver incontrato Putin e avergli chiesto una foto assieme. L\u2019artista napoletano ha fatto il giro del mondo mandando, con i suoi murales, un messaggio di umanit\u00e0, resistenza e pace. Dal \u201cpicernaio\u201d \u00e8 stato trattato alla stregua di un criminale di guerra.<\/p>\n<div class=\"gptslot evo-intext1\" data-adunitid=\"2\">\n<div id=\"gpt-slot-4\" class=\"optiload\" data-google-query-id=\"CKCVier47JADFcST_Qcd8N4EEQ\">\n<div id=\"google_ads_iframe_\/5966054,22788468173\/Lantidiplomatico_it\/Lantidiplomatico_it_Intext_1__container__\"><\/div>\n<\/div>\n<\/div>\n<p>E bisogna ricordare anche che, assieme a Sputnik Italia, pure l\u2019AntiDiplomatico \u00e8 stato travolto dalla scure censorea e duramente penalizzato dalla dittatura dell\u2019algoritmo. Con un semplice obiettivo: farci sparire.<\/p>\n<p>Il bello \u00e8 che questa parte politica, che utilizza la diffamazione, la calunnia, la gogna mediatica come metodo comunicativo e politico, con la finalit\u00e0 di distruggere moralmente e pubblicamente la propria \u201cvittima\u201d, ha una manifesta pretesa di superiorit\u00e0 morale e crede di poter dare lezioni di democrazia.<\/p>\n<p>Lo stesso potere che ha fatto quadrato attorno al leader di Sinistra per Israele, Emanuele Fiano, difendendo sempre e comunque e in ogni luogo la libert\u00e0 di espressione in nome del confronto democratico, accusando di fascismo un gruppo di studenti antifascisti e antisionisti in protesta al Ca\u2019 Foscari, adesso fa annullare la conferenza del prof. Angelo d\u2019Orsi ed esulta per la sospensione del dibattito pubblico.<\/p>\n<p>Il punto \u00e8 che quando degli studenti si oppongono alla presenza di un rappresentante del potere \u00e8 libert\u00e0 politica, quando il potere colpisce dei privati cittadini o, peggio ancora, degli intellettuali, per le loro opinioni o per ci\u00f2 che dicono, si chiama fascismo. Ci\u00f2 che ha origini dal basso \u00e8 democrazia, ci\u00f2 che si impone dall\u2019alto \u00e8 dispotismo.<\/p>\n<div class=\"gptslot evo-intext2\" data-adunitid=\"2\">\n<div id=\"gpt-slot-5\" class=\"optiload\" data-google-query-id=\"CKn5r-747JADFVrnEQgd9pcXNQ\">\n<div id=\"google_ads_iframe_\/5966054,22788468173\/Lantidiplomatico_it\/Lantidiplomatico_it_Intext_2__container__\"><\/div>\n<\/div>\n<\/div>\n<p>\u00c8 questo il punto di arrivo della traiettoria che ha preso il nostro paese? Abbiamo un parlamento che di fatto non rappresenta nessuno, se non il capitalismo finanziario e l\u2019industria di armi; una stampa che si \u00e8 irreggimentata come nel periodo precedente alla prima guerra mondiale; dei politici che colpiscono e criminalizzano l\u2019opposizione, forti del loro potere. Sullo sfondo una miseria crescente, con dei dati spaventosi sui minori in povert\u00e0 assoluta, con l\u2019ombra della guerra e la pressante richiesta da parte di Bruxelles di rinunciare ai nostri \u201cprivilegi\u201d per comprare armi, armi, armi e ancora armi.<\/p>\n<p>Fortunatamente l\u2019Italia ha ancora gli anticorpi ereditati dai nostri nonni partigiani che non il loro sangue fecero la Resistenza. L\u2019ignobile censura sofferta dal prof. D\u2019Orsi ha mostrato a tutti il vero volto della sinistra liberale. Il re \u00e8 nudo.<\/p>\n<p>L\u2019ondata di solidariet\u00e0 espressa allo studioso antifascista dimostra che c\u2019\u00e8 una parte ancora sana e combattiva del nostro Paese, che non si far\u00e0 zittire dal Calenda o dalla Picierno di turno.<\/p>\n<p>Non solo l\u2019iniziativa si far\u00e0, ma altre \u201cvoci scomode\u201d si sono aggiunte: quelle di Alessandro di Battista e di Moni Ovadia. E molte pi\u00f9 persone seguiranno un dibattito che il potere vuole impedire. Che sia l\u2019inizio di una nuova resistenza al sistema guerra e ai suoi cantori!<\/p>\n<p>Anche noi, nel nostro piccolo, vogliamo dare un contributo a quest\u2019ondata, con un\u2019intervista al prof. Angelo d\u2019Orsi che speriamo possa ispirare una seria riflessione sulla nostra condizione e sulle nostre prospettive come Paese e come collettivit\u00e0.<\/p>\n<p>Vedi intervista:<\/p>\n<div class=\"video-container\"><span class=\"embed-youtube\" style=\"text-align:center; display: block;\"><iframe loading=\"lazy\" class=\"youtube-player\" width=\"640\" height=\"360\" src=\"https:\/\/www.youtube.com\/embed\/feXTvKw3Eho?version=3&#038;rel=1&#038;showsearch=0&#038;showinfo=1&#038;iv_load_policy=1&#038;fs=1&#038;hl=it-IT&#038;autohide=2&#038;wmode=transparent\" allowfullscreen=\"true\" style=\"border:0;\" sandbox=\"allow-scripts allow-same-origin allow-popups allow-presentation allow-popups-to-escape-sandbox\"><\/iframe><\/span><\/div>\n<\/div>\n<div>\n<div class=\"x1i10hfl xjbqb8w x1ejq31n x18oe1m7 x1sy0etr xstzfhl x972fbf x10w94by x1qhh985 x14e42zd x9f619 x1ypdohk x3ct3a4 xdj266r x14z9mp xat24cr x1lziwak xexx8yu xyri2b x18d9i69 x1c1uobl x16tdsg8 x1hl2dhg xggy1nq x1fmog5m xu25z0z x140muxe xo1y3bh x1n2onr6 x87ps6o x1lku1pv x1a2a7pz x1heor9g xnl1qt8 x6ikm8r x10wlt62 x1vjfegm x1lliihq\" role=\"button\"><\/div>\n<\/div>\n<\/div>\n<div class=\"x9f619 x1ja2u2z x78zum5 x2lah0s x1n2onr6 x1qughib x1qjc9v5 xozqiw3 x1q0g3np xyri2b x1c1uobl x1ws5yxj xw01apr x4cne27 xifccgj x123j3cw xs9asl8\">\n<div class=\"x9f619 x1n2onr6 x1ja2u2z x78zum5 xdt5ytf x2lah0s x193iq5w xeuugli x1icxu4v x25sj25 x10b6aqq x1yrsyyn\" style=\"text-align: left\"><strong>FONTE<\/strong>:\u00a0<a href=\"https:\/\/www.lantidiplomatico.it\/dettnews-il_re__nudo_intervista_ad_angelo_dorsi_sul_volto_della_censura_liberale\/45289_63578\/\">https:\/\/www.lantidiplomatico.it\/dettnews-il_re__nudo_intervista_ad_angelo_dorsi_sul_volto_della_censura_liberale\/45289_63578\/<\/a><\/div>\n<div class=\"x9f619 x1n2onr6 x1ja2u2z x78zum5 xdt5ytf x2lah0s x193iq5w xeuugli x1icxu4v x25sj25 x10b6aqq x1yrsyyn\" style=\"text-align: left\"><\/div>\n<div class=\"x9f619 x1n2onr6 x1ja2u2z x78zum5 xdt5ytf x2lah0s x193iq5w xeuugli x1icxu4v x25sj25 x10b6aqq x1yrsyyn\" style=\"text-align: left\"><\/div>\n<\/div>\n<\/div>\n<\/div>\n<div class=\"xbmvrgn x1diwwjn\">\n<div class=\"x9f619 x1ja2u2z x78zum5 x2lah0s x1n2onr6 x1qughib x1qjc9v5 xozqiw3 x1q0g3np xyri2b x1c1uobl xjkvuk6 x1iorvi4 x11lt19s xe9ewy2 x4cne27 xifccgj\">\n<div class=\"x9f619 x1n2onr6 x1ja2u2z x78zum5 xdt5ytf x193iq5w xeuugli x1r8uery x1iyjqo2 xs83m0k x14vy60q xyiysdx x10b6aqq x1yrsyyn\"><\/div>\n<div class=\"x9f619 x1n2onr6 x1ja2u2z x78zum5 xdt5ytf x193iq5w xeuugli x1r8uery x1iyjqo2 xs83m0k x14vy60q xyiysdx x10b6aqq x1yrsyyn\"><\/div>\n<div class=\"x9f619 x1n2onr6 x1ja2u2z x78zum5 xdt5ytf x193iq5w xeuugli x1r8uery x1iyjqo2 xs83m0k x14vy60q xyiysdx x10b6aqq x1yrsyyn\"><\/div>\n<\/div>\n<\/div>\n<\/div>\n<div class=\"html-div xdj266r xat24cr xexx8yu xyri2b x18d9i69 x1c1uobl x1diwwjn xbmvrgn\"><\/div>\n<div class=\"html-div xdj266r x14z9mp xat24cr x1lziwak xexx8yu xyri2b x18d9i69 x1c1uobl\">\n<div class=\"html-div xdj266r x14z9mp xat24cr x1lziwak xexx8yu xyri2b x18d9i69 x1c1uobl\">\n<div class=\"x1n2onr6 x1g0dm76 x1iorvi4 x78zum5 x1q0g3np x1a2a7pz\" role=\"article\" aria-label=\"Commento di Luca Manzoni 12 minuti fa\">\n<div class=\"xqcrz7y x1c9tyrk xeusxvb x1pahc9y x1ertn4p x1lliihq xbelrpt xr9ek0c x1n2onr6\"><\/div>\n<div class=\"x1r8uery x1iyjqo2 x6ikm8r x10wlt62 xv54qhq\">\n<div>\n<div class=\"xv55zj0 x1vvkbs x1rg5ohu xxymvpz\">\n<div class=\"xmjcpbm xrgxkkn x1cwviid xhd2hih xv2q8z8 x9f619 xzsf02u x1rg5ohu xdj266r x14z9mp xat24cr x1lziwak x193iq5w x1mzt3pk x1n2onr6 xeaf4i8 x13faqbe\">\n<div class=\"xwib8y2 xpdmqnj x1g0dm76 x1y1aw1k\"><\/div>\n<\/div>\n<\/div>\n<\/div>\n<\/div>\n<\/div>\n<\/div>\n<\/div>\n<\/div>\n<\/div>\n","protected":false},"excerpt":{"rendered":"<p>di\u00a0L&#8217;ANTIDIPLOMATICO (Clara Statello) Non si battono per la libert\u00e0, ma per il proprio potere. La censura a d&#8217;Orsi rivela il vero volto di Calenda, Picierno e compagni Viviamo nell\u2019epoca del paradosso. Un\u2019epoca in cui il ministro di un governo composto da ex (si spera) neofascisti, pretende di darci lezioni di libert\u00e0 e democrazia. Un\u2019epoca in cui i radicali, da sempre strenui attivisti della libert\u00e0 di espressione, si battono per la censura. Un\u2019epoca in cui il&#46;&#46;&#46;<\/p>\n","protected":false},"author":97,"featured_media":91597,"comment_status":"open","ping_status":"open","sticky":false,"template":"","format":"standard","meta":{"jetpack_post_was_ever_published":false,"_jetpack_newsletter_access":"","_jetpack_dont_email_post_to_subs":false,"_jetpack_newsletter_tier_id":0,"_jetpack_memberships_contains_paywalled_content":false,"_jetpack_memberships_contains_paid_content":false,"footnotes":"","jetpack_publicize_message":"","jetpack_publicize_feature_enabled":true,"jetpack_social_post_already_shared":true,"jetpack_social_options":{"image_generator_settings":{"template":"highway","enabled":false},"version":2}},"categories":[32],"tags":[],"jetpack_publicize_connections":[],"jetpack_featured_media_url":"https:\/\/appelloalpopolo.it\/wp-content\/uploads\/2025\/09\/Lantidiplomatico.jpg","jetpack_sharing_enabled":true,"jetpack_shortlink":"https:\/\/wp.me\/p7ZaJ4-o60","_links":{"self":[{"href":"https:\/\/appelloalpopolo.it\/index.php?rest_route=\/wp\/v2\/posts\/92628"}],"collection":[{"href":"https:\/\/appelloalpopolo.it\/index.php?rest_route=\/wp\/v2\/posts"}],"about":[{"href":"https:\/\/appelloalpopolo.it\/index.php?rest_route=\/wp\/v2\/types\/post"}],"author":[{"embeddable":true,"href":"https:\/\/appelloalpopolo.it\/index.php?rest_route=\/wp\/v2\/users\/97"}],"replies":[{"embeddable":true,"href":"https:\/\/appelloalpopolo.it\/index.php?rest_route=%2Fwp%2Fv2%2Fcomments&post=92628"}],"version-history":[{"count":4,"href":"https:\/\/appelloalpopolo.it\/index.php?rest_route=\/wp\/v2\/posts\/92628\/revisions"}],"predecessor-version":[{"id":92679,"href":"https:\/\/appelloalpopolo.it\/index.php?rest_route=\/wp\/v2\/posts\/92628\/revisions\/92679"}],"wp:featuredmedia":[{"embeddable":true,"href":"https:\/\/appelloalpopolo.it\/index.php?rest_route=\/wp\/v2\/media\/91597"}],"wp:attachment":[{"href":"https:\/\/appelloalpopolo.it\/index.php?rest_route=%2Fwp%2Fv2%2Fmedia&parent=92628"}],"wp:term":[{"taxonomy":"category","embeddable":true,"href":"https:\/\/appelloalpopolo.it\/index.php?rest_route=%2Fwp%2Fv2%2Fcategories&post=92628"},{"taxonomy":"post_tag","embeddable":true,"href":"https:\/\/appelloalpopolo.it\/index.php?rest_route=%2Fwp%2Fv2%2Ftags&post=92628"}],"curies":[{"name":"wp","href":"https:\/\/api.w.org\/{rel}","templated":true}]}}