{"id":92644,"date":"2025-11-12T09:30:54","date_gmt":"2025-11-12T08:30:54","guid":{"rendered":"https:\/\/appelloalpopolo.it\/?p=92644"},"modified":"2025-11-11T14:23:11","modified_gmt":"2025-11-11T13:23:11","slug":"la-ballata-della-finanziaria-2","status":"publish","type":"post","link":"https:\/\/appelloalpopolo.it\/?p=92644","title":{"rendered":"La ballata della finanziaria"},"content":{"rendered":"<p style=\"text-align: justify\"><strong>di FERDINANDO PASTORE (Pagina FB)<\/strong><\/p>\n<p style=\"text-align: justify\">Ogni anno, sul nascere della legge finanziaria, parte un chiacchiericcio sordo, sconclusionato, ormai quasi inascoltato, perch\u00e9 ama ripetersi uguale a s\u00e9 stesso con parole ricalcate da discorsi gi\u00e0 pronunciati.<\/p>\n<p style=\"text-align: justify\">Oltre al solito monito sulla lotta all&#8217;evasione con cui i liberali in doppiopetto, cinicamente compiaciuti dell&#8217;austerit\u00e0 per i poveri, si autoassolvono di fronte alla loro indifferenza morale, \u00e8 ormai usuale assistere all&#8217;impotente barricata che pretenderebbe la patrimoniale.<\/p>\n<p style=\"text-align: justify\">Intendiamoci, dopo quarant&#8217;anni di politiche di favore per gli sciacalli delle rendite finanziarie, le buoni intenzioni non si possono disprezzare pi\u00f9 di tanto. Ma sono buone intenzioni o \u00e8 ingenuit\u00e0 colposa? O addirittura pigrizia preterintenzionale? Perch\u00e9 lo si deve ogni volta ribadire: in un sistema a libera circolazione di capitali, con citt\u00e0\/stato sparse per il mondo che offrono ripari off-shore, la patrimoniale serve a poco. Forse a nulla.<\/p>\n<p style=\"text-align: justify\">Ma precisamente di cosa si vuole evitare di parlare con questo passatempo discorsivo che colora il dibattito pubblico negli autunni ricoperti di ruggine metropolitana? Si vuole evitare di parlare di lotta, di conflitto, di conquiste costituzionali. Si vuole evitare di toccare davvero la palla e riaffermare centralit\u00e0 nel dettare l&#8217;agenda. Quanta dose di coraggio manca per parlare di politiche sulla piena occupazione finanziate dallo Stato, magari con la nazionalizzazione dei settori strategici, i pochi ormai rimasti nel Paese?<\/p>\n<p style=\"text-align: justify\">Si dovrebbe aspirare a lavorare su una legge contro le de-localizzazioni, a ricordare che il divorzio tra Bankitalia e tesoro ha permesso agli investitori esteri di detenere le redini del debito pubblico e conseguentemente di pretendere dai governi controriforme di macelleria sociale perch\u00e9 i titoli di stato continuassero a essere acquistati. Si dovrebbe scioperare contro l&#8217;Unione Europea che si fa megafono di quelle lobbies che accompagnano la volont\u00e0 distruttrice del mercato libero, che pretendono dai greci giornate lavorative di tredici ore.<\/p>\n<p style=\"text-align: justify\">Siamo ancora l\u00ec, ai vincoli di bilancio, ai limiti concepiti per la spesa pubblica che non valgono per\u00f2 per le armi, per le bombe, per la guerra ai nemici della civilt\u00e0, ai quali ogni tanto un bel genocidio si potr\u00e0 anche pur praticare. Quella serie indefinita di restrizioni che hanno defenestrato la Costituzione dal lontano 1992, quando la societ\u00e0 aperta si fece totalitarismo con Maastricht.<\/p>\n<p style=\"text-align: justify\">Chi, magari con candore, ravvisa nella legge patrimoniale la strada maestra per la futura Giustizia, non credo abbia in mente una ridiscussione complessiva del sistema. I proclami di questo tenore appaiono ormai privi di costrutto politico, incapaci di cementificare orizzonti ampi di trasformazione sociale. Al contrario lottare per la verit\u00e0, per smascherare gli stratagemmi del potere neoliberale, quello suddiviso tra destra e sinistra, significa riavviare concetti capaci di accendere il conflitto tra le forze storiche.<\/p>\n<p style=\"text-align: justify\">Ribaltare il senso comune, la dialettica corrente. Solo cos\u00ec si potr\u00e0 un giorno costruire l&#8217;uscita dal Regime neoliberale.<\/p>\n<p style=\"text-align: justify\"><strong>Fonte:\u00a0<a href=\"https:\/\/www.facebook.com\/share\/p\/1BTimrSqXY\/\">https:\/\/www.facebook.com\/share\/p\/1BTimrSqXY\/<\/a><\/strong><\/p>\n","protected":false},"excerpt":{"rendered":"<p>di FERDINANDO PASTORE (Pagina FB) Ogni anno, sul nascere della legge finanziaria, parte un chiacchiericcio sordo, sconclusionato, ormai quasi inascoltato, perch\u00e9 ama ripetersi uguale a s\u00e9 stesso con parole ricalcate da discorsi gi\u00e0 pronunciati. Oltre al solito monito sulla lotta all&#8217;evasione con cui i liberali in doppiopetto, cinicamente compiaciuti dell&#8217;austerit\u00e0 per i poveri, si autoassolvono di fronte alla loro indifferenza morale, \u00e8 ormai usuale assistere all&#8217;impotente barricata che pretenderebbe la patrimoniale. Intendiamoci, dopo quarant&#8217;anni di&#46;&#46;&#46;<\/p>\n","protected":false},"author":95,"featured_media":89105,"comment_status":"open","ping_status":"open","sticky":false,"template":"","format":"standard","meta":{"jetpack_post_was_ever_published":false,"_jetpack_newsletter_access":"","_jetpack_dont_email_post_to_subs":false,"_jetpack_newsletter_tier_id":0,"_jetpack_memberships_contains_paywalled_content":false,"_jetpack_memberships_contains_paid_content":false,"footnotes":"","jetpack_publicize_message":"","jetpack_publicize_feature_enabled":true,"jetpack_social_post_already_shared":true,"jetpack_social_options":{"image_generator_settings":{"template":"highway","enabled":false},"version":2}},"categories":[32],"tags":[],"jetpack_publicize_connections":[],"jetpack_featured_media_url":"https:\/\/appelloalpopolo.it\/wp-content\/uploads\/2025\/02\/Ferdinando-Pastore.jpg","jetpack_sharing_enabled":true,"jetpack_shortlink":"https:\/\/wp.me\/p7ZaJ4-o6g","_links":{"self":[{"href":"https:\/\/appelloalpopolo.it\/index.php?rest_route=\/wp\/v2\/posts\/92644"}],"collection":[{"href":"https:\/\/appelloalpopolo.it\/index.php?rest_route=\/wp\/v2\/posts"}],"about":[{"href":"https:\/\/appelloalpopolo.it\/index.php?rest_route=\/wp\/v2\/types\/post"}],"author":[{"embeddable":true,"href":"https:\/\/appelloalpopolo.it\/index.php?rest_route=\/wp\/v2\/users\/95"}],"replies":[{"embeddable":true,"href":"https:\/\/appelloalpopolo.it\/index.php?rest_route=%2Fwp%2Fv2%2Fcomments&post=92644"}],"version-history":[{"count":1,"href":"https:\/\/appelloalpopolo.it\/index.php?rest_route=\/wp\/v2\/posts\/92644\/revisions"}],"predecessor-version":[{"id":92645,"href":"https:\/\/appelloalpopolo.it\/index.php?rest_route=\/wp\/v2\/posts\/92644\/revisions\/92645"}],"wp:featuredmedia":[{"embeddable":true,"href":"https:\/\/appelloalpopolo.it\/index.php?rest_route=\/wp\/v2\/media\/89105"}],"wp:attachment":[{"href":"https:\/\/appelloalpopolo.it\/index.php?rest_route=%2Fwp%2Fv2%2Fmedia&parent=92644"}],"wp:term":[{"taxonomy":"category","embeddable":true,"href":"https:\/\/appelloalpopolo.it\/index.php?rest_route=%2Fwp%2Fv2%2Fcategories&post=92644"},{"taxonomy":"post_tag","embeddable":true,"href":"https:\/\/appelloalpopolo.it\/index.php?rest_route=%2Fwp%2Fv2%2Ftags&post=92644"}],"curies":[{"name":"wp","href":"https:\/\/api.w.org\/{rel}","templated":true}]}}