{"id":92686,"date":"2025-11-14T08:57:50","date_gmt":"2025-11-14T07:57:50","guid":{"rendered":"https:\/\/appelloalpopolo.it\/?p=92686"},"modified":"2025-11-13T09:00:12","modified_gmt":"2025-11-13T08:00:12","slug":"amnesty-a-udine-la-polizia-ha-violato-i-diritti-umani-durante-il-corteo-pro-palestina","status":"publish","type":"post","link":"https:\/\/appelloalpopolo.it\/?p=92686","title":{"rendered":"Amnesty: a Udine la polizia ha violato i diritti umani durante il corteo pro-Palestina"},"content":{"rendered":"<p style=\"text-align: justify\"><strong>di L&#8217;INDIPENDENTE (Dario Lucisano)<\/strong><\/p>\n<div id=\"tdi_49\" class=\"tdc-row stretch_row_content td-stretch-content\" style=\"text-align: justify\">\n<div class=\"vc_row tdi_50  wpb_row td-pb-row tdc-element-style\">\n<div class=\"vc_column tdi_52  wpb_column vc_column_container tdc-column td-pb-span12\">\n<div class=\"wpb_wrapper\">\n<div class=\"vc_row_inner tdi_55  vc_row vc_inner wpb_row td-pb-row absolute_inner_1200 absolute_inner\">\n<div class=\"vc_column_inner tdi_57  wpb_column vc_column_container tdc-inner-column td-pb-span12\">\n<div class=\"vc_column-inner\">\n<div class=\"wpb_wrapper\">\n<div class=\"td_block_wrap tdb_single_date tdi_61 td-pb-border-top td_block_template_1 tdb-post-meta\" data-td-block-uid=\"tdi_61\">\n<div class=\"tdb-block-inner td-fix-index\"><\/div>\n<\/div>\n<\/div>\n<\/div>\n<\/div>\n<\/div>\n<\/div>\n<\/div>\n<\/div>\n<\/div>\n<div id=\"tdi_63\" class=\"tdc-row stretch_row_1200 td-stretch-content\" style=\"text-align: justify\">\n<div class=\"vc_row tdi_64  wpb_row td-pb-row\">\n<div class=\"vc_column tdi_66  wpb_column vc_column_container tdc-column td-pb-span12\">\n<div class=\"wpb_wrapper\">\n<div class=\"td_block_wrap tdb_single_content tdi_69 td-pb-border-top td_block_template_1 td-post-content tagdiv-type\" data-td-block-uid=\"tdi_69\">\n<div class=\"tdb-block-inner td-fix-index\">\n<p>Il 14 ottobre, in occasione della manifestazione tenutasi a Udine contro lo svolgimento della partita di calcio Italia-Israele, <strong>la polizia ha commesso violazioni dei diritti umani<\/strong>. A certificarlo \u00e8 <a href=\"https:\/\/www.amnesty.it\/a-udine-il-14-ottobre-commesse-violazioni-dei-diritti-umani\/\" target=\"_blank\" rel=\"noopener\">Amnesty<\/a>, che era presente alla manifestazione con sei osservatori specializzati \u00abnel monitoraggio di situazioni pubbliche a rischio\u00bb. L\u2019ONG ha denunciato un uso massiccio e indiscriminato di gas lacrimogeni, tentativi di \u00abfermare indistintamente\u00bb le persone, e l\u2019impiego illegittimo dei manganelli, che dovrebbero essere sfoderati solo per difesa.<\/p>\n<p>La manifestazione tenutasi il 14 ottobre faceva parte della campagna Show Israel the Red Card che punta a escludere la nazionale e le squadre di club israeliane dalle competizioni calcistiche internazionali. In occasione del corteo, la <a href=\"https:\/\/www.lindipendente.online\/2025\/10\/14\/droni-e-cecchini-sui-tetti-udine-militarizzata-per-la-partita-italia-israele\/\" target=\"_blank\" rel=\"noopener\">citt\u00e0<\/a> <strong>era stata militarizzata<\/strong>, con cecchini sui tetti e posti di blocco per le strade. La marcia \u00e8 iniziata alle 17:30, con persone provenienti da tutta Italia. Amnesty riporta che alla fine della manifestazione la maggior parte dei dimostranti \u00e8 confluita in Piazza I Maggio, l\u2019area concordata per la fine del corteo; attorno alle 20:15, un \u00abpiccolo gruppo di manifestanti, composto da svariate decine di persone\u00bb, ha provato a sfondare il cordone della polizia in Viale della Vittoria, venendo colpito \u2013 \u00ab<strong>senza preavviso<\/strong>\u00bb \u2013 da due cannoni ad acqua, gas lacrimogeni e manganelli.<\/p>\n<p>\u00abL\u2019osservazione della task force e i video visionati da Amnesty International hanno rilevato un\u00a0utilizzo massiccio e indiscriminato\u00a0di munizioni e granate contenenti gas lacrimogeni; la stessa\u00a0<a href=\"https:\/\/questure.poliziadistato.it\/it\/Udine\/articolo\/339968ef7b0f740d3823669188\" target=\"_blank\" rel=\"noopener\">Questura di Udine<\/a> riporta di averne utilizzate <strong>circa 150<\/strong>\u00bb, scrive Amnesty. I lanci di lacrimogeni sono andati avanti per circa un\u2019ora e mezza e hanno raggiunto anche Piazza I Maggio, dove i dimostranti erano riuniti pacificamente. Le forze dell\u2019ordine hanno inoltre colpito con i manganelli persone \u00abcon le mani alzate\u00bb; una di queste era un giornalista. \u00abLe forze di polizia possono legittimamente usare i gas lacrimogeni solo in caso di violenza diffusa, ma mai possono ricorrervi nel caso di atti isolati di violenza e tantomeno per disperdere un\u2019assemblea pacifica\u00bb, specifica Amnesty. <strong>La quantit\u00e0 di gas lanciata deve essere ridotta<\/strong>, e il suo impiego deve essere posto \u00absotto il comando e il controllo di un ufficiale con funzioni di comando\u00bb. Come i lacrimogeni, anche gli idranti: \u00abSecondo gli standard internazionali, <strong>l\u2019utilizzo dei cannoni ad acqua\u00a0deve essere limitato<\/strong> a situazioni in cui la violenza \u00e8 cos\u00ec grave e diffusa che non \u00e8 pi\u00f9 possibile affrontare individualmente le persone violente e gli stessi non dovrebbero essere utilizzati su persone troppo vicine\u00bb; infine, per i manganelli, Amnesty ricorda che questi <strong>possono essere usati solo dopo avere avvertito i manifestanti<\/strong>, e per difendersi da eventuali attacchi.<\/p>\n<p>Dalla ricostruzione di Amnesty, insomma, le forze dell\u2019ordine hanno violato tutte le disposizioni sull\u2019uso della forza; tuttavia, l\u2019uso della violenza non \u00e8 l\u2019unica violazione dei diritti che la polizia avrebbe commesso lo scorso 14 ottobre. Dopo scontri e cariche, riporta Amnesty, attorno alle 21:45, 13 persone sono state portate in Questura. Dieci di loro sono state fermate a un chilometro da Piazza I Maggio, e hanno affermato di essere state \u00ab<strong>afferrate bruscamente dalle forze di polizia<\/strong>, perquisite e poi portate in Questura a sirene spiegate per la loro identificazione\u00bb. Le persone sono state trattenute in Questura cinque ore senza che venisse fornito loro il motivo del fermo, e contro dieci di esse \u00e8 stato emesso un foglio di via; uno di questi ultimi lavora a Udine, e un altro stava per firmare un contratto di lavoro in citt\u00e0. In generale, secondo le testimonianze raccolte, Amnesty ha espresso preoccupazione che \u00ab<strong>i fogli di via obbligatori siano stati emessi illegittimamente<\/strong> contro persone che erano state fermate in maniera casuale e la cui \u201cpericolosit\u00e0 sociale\u201d non era stata valutata\u00bb. Amnesty denuncia da tempo l\u2019uso sproporzionato del daspo, affermando che spesso \u00abmisure amministrative del genere violano i principi di legalit\u00e0 e della presunzione di innocenza, sono in contrasto con le garanzie di un processo equo e possono anche violare i diritti alla libert\u00e0 della persona e alla libert\u00e0 di movimento\u00bb.<\/p>\n<p><strong>FONTE:<a href=\"https:\/\/www.lindipendente.online\/2025\/11\/12\/amnesty-a-udine-la-polizia-ha-violato-i-diritti-umani-durante-il-corteo-pro-palestina\/\">https:\/\/www.lindipendente.online\/2025\/11\/12\/amnesty-a-udine-la-polizia-ha-violato-i-diritti-umani-durante-il-corteo-pro-palestina\/<\/a><\/strong><\/p>\n<\/div>\n<\/div>\n<\/div>\n<\/div>\n<\/div>\n<\/div>\n","protected":false},"excerpt":{"rendered":"<p>di L&#8217;INDIPENDENTE (Dario Lucisano) Il 14 ottobre, in occasione della manifestazione tenutasi a Udine contro lo svolgimento della partita di calcio Italia-Israele, la polizia ha commesso violazioni dei diritti umani. A certificarlo \u00e8 Amnesty, che era presente alla manifestazione con sei osservatori specializzati \u00abnel monitoraggio di situazioni pubbliche a rischio\u00bb. L\u2019ONG ha denunciato un uso massiccio e indiscriminato di gas lacrimogeni, tentativi di \u00abfermare indistintamente\u00bb le persone, e l\u2019impiego illegittimo dei manganelli, che dovrebbero essere&#46;&#46;&#46;<\/p>\n","protected":false},"author":109,"featured_media":84764,"comment_status":"open","ping_status":"open","sticky":false,"template":"","format":"standard","meta":{"jetpack_post_was_ever_published":false,"_jetpack_newsletter_access":"","_jetpack_dont_email_post_to_subs":false,"_jetpack_newsletter_tier_id":0,"_jetpack_memberships_contains_paywalled_content":false,"_jetpack_memberships_contains_paid_content":false,"footnotes":"","jetpack_publicize_message":"","jetpack_publicize_feature_enabled":true,"jetpack_social_post_already_shared":true,"jetpack_social_options":{"image_generator_settings":{"template":"highway","enabled":false},"version":2}},"categories":[32],"tags":[],"jetpack_publicize_connections":[],"jetpack_featured_media_url":"https:\/\/appelloalpopolo.it\/wp-content\/uploads\/2024\/04\/LIndipendente.online.jpg","jetpack_sharing_enabled":true,"jetpack_shortlink":"https:\/\/wp.me\/p7ZaJ4-o6W","_links":{"self":[{"href":"https:\/\/appelloalpopolo.it\/index.php?rest_route=\/wp\/v2\/posts\/92686"}],"collection":[{"href":"https:\/\/appelloalpopolo.it\/index.php?rest_route=\/wp\/v2\/posts"}],"about":[{"href":"https:\/\/appelloalpopolo.it\/index.php?rest_route=\/wp\/v2\/types\/post"}],"author":[{"embeddable":true,"href":"https:\/\/appelloalpopolo.it\/index.php?rest_route=\/wp\/v2\/users\/109"}],"replies":[{"embeddable":true,"href":"https:\/\/appelloalpopolo.it\/index.php?rest_route=%2Fwp%2Fv2%2Fcomments&post=92686"}],"version-history":[{"count":1,"href":"https:\/\/appelloalpopolo.it\/index.php?rest_route=\/wp\/v2\/posts\/92686\/revisions"}],"predecessor-version":[{"id":92687,"href":"https:\/\/appelloalpopolo.it\/index.php?rest_route=\/wp\/v2\/posts\/92686\/revisions\/92687"}],"wp:featuredmedia":[{"embeddable":true,"href":"https:\/\/appelloalpopolo.it\/index.php?rest_route=\/wp\/v2\/media\/84764"}],"wp:attachment":[{"href":"https:\/\/appelloalpopolo.it\/index.php?rest_route=%2Fwp%2Fv2%2Fmedia&parent=92686"}],"wp:term":[{"taxonomy":"category","embeddable":true,"href":"https:\/\/appelloalpopolo.it\/index.php?rest_route=%2Fwp%2Fv2%2Fcategories&post=92686"},{"taxonomy":"post_tag","embeddable":true,"href":"https:\/\/appelloalpopolo.it\/index.php?rest_route=%2Fwp%2Fv2%2Ftags&post=92686"}],"curies":[{"name":"wp","href":"https:\/\/api.w.org\/{rel}","templated":true}]}}