{"id":92699,"date":"2025-11-14T10:30:44","date_gmt":"2025-11-14T09:30:44","guid":{"rendered":"https:\/\/appelloalpopolo.it\/?p=92699"},"modified":"2025-11-13T16:07:11","modified_gmt":"2025-11-13T15:07:11","slug":"ucraina-al-collasso-pronti-attentati-false-flag-per-portare-la-nato-in-guerra-ft-gaiani","status":"publish","type":"post","link":"https:\/\/appelloalpopolo.it\/?p=92699","title":{"rendered":"Ucraina al collasso: pronti attentati false flag per portare la NATO in guerra? Ft. Gaiani"},"content":{"rendered":"<p style=\"text-align: justify\"><strong>di OTTOLINA TV (Canale Telegram)\u00a0<\/strong><\/p>\n<div class=\"video-container\"><span class=\"embed-youtube\" style=\"text-align:center; display: block;\"><iframe loading=\"lazy\" class=\"youtube-player\" width=\"640\" height=\"360\" src=\"https:\/\/www.youtube.com\/embed\/8Gc24DzLmNI?version=3&#038;rel=1&#038;showsearch=0&#038;showinfo=1&#038;iv_load_policy=1&#038;fs=1&#038;hl=it-IT&#038;autohide=2&#038;wmode=transparent\" allowfullscreen=\"true\" style=\"border:0;\" sandbox=\"allow-scripts allow-same-origin allow-popups allow-presentation allow-popups-to-escape-sandbox\"><\/iframe><\/span><\/div>\n<p style=\"text-align: justify\">Nell\u2019imbarazzo dei media e della maggior parte dei politici italiani, tra sconfitte militari e rese dei conti interne, l\u2019Ucraina sta velocemente scivolando verso la resa dei conti.<\/p>\n<p style=\"text-align: justify\">Pokrovsk e Kupyansk sono ormai in mano alle truppe russe.<\/p>\n<p style=\"text-align: justify\">\u00a0Le battaglie nei due settori pi\u00f9 rilevanti del fronte, oggi lungo \u00a01.300 chilometri, sono ancora in corso, ma i due centri abitati nella regione di Donetsk (Pokrovsk) e Kharkiv (Kupyansk) sono ormai quasi del tutto sotto il controllo dei russi.<\/p>\n<p style=\"text-align: justify\">La superiorit\u00e0 russa in termini di uomini (8 contro 1 nell\u2019area di Pokrovsk) e in tutte le categorie degli armamenti \u00e8 cos\u00ec soverchiante da non lasciare speranze a Zelensky e compagni di poter ribaltare le cose.<\/p>\n<p style=\"text-align: justify\">Ma oltre alla guerra c\u2019\u00e8 anche il fronte interno.<\/p>\n<p style=\"text-align: justify\">Come riportava ieri il quotidiano Ukrainska Pravda due organismi anticorruzione del Paese, l\u2019Ufficio nazionale anticorruzione dell\u2019Ucraina (NABU e la Procura specializzata anticorruzione (SAP) hanno lanciato un\u2019operazione anticorruzione, l\u2019operazione Midas, che ha coinvolto una serie di personaggi eccellenti della cerchia del presidente.<\/p>\n<p style=\"text-align: justify\">E \u00a0non finisce qui.<\/p>\n<p style=\"text-align: justify\">Perch\u00e9 la notizia forse pi\u00f9 preoccupante che ci \u00e8 arrivata in queste ore \u00e8 questa:<\/p>\n<p style=\"text-align: justify\">l\u2019FSB, il servizio federale di sicurezza russo, ha accusato i servizi di Kiev di aver organizzato un attentato false flag alla pi\u00f9 grande base aerea della Nato in Europa, a Costanza, in Romania, per poi incolpare Mosca e innescare un escalation che avrebbe portato la Nato nel conflitto.<\/p>\n<p style=\"text-align: justify\">Vedremo se le accuse verranno confermate, ma come ci ha detto Gian Andrea Gaiani la tentazione di trascinare l\u2019Europa nel conflitto cresce proporzionalmente alla crisi interna e militare del paese.<\/p>\n<p style=\"text-align: justify\"><em>Ci vediamo alle 13.30 qui <a href=\"https:\/\/youtu.be\/8Gc24DzLmNI?si=ml8SI7D0zSMhLR8n\">https:\/\/youtu.be\/8Gc24DzLmNI?si=ml8SI7D0zSMhLR8n<\/a><\/em><\/p>\n<p style=\"text-align: justify\"><strong>Fonte:\u00a0<a href=\"https:\/\/t.me\/Ottolina_TV\/4056\">https:\/\/t.me\/Ottolina_TV\/4056<\/a><\/strong><\/p>\n","protected":false},"excerpt":{"rendered":"<p>di OTTOLINA TV (Canale Telegram)\u00a0 Nell\u2019imbarazzo dei media e della maggior parte dei politici italiani, tra sconfitte militari e rese dei conti interne, l\u2019Ucraina sta velocemente scivolando verso la resa dei conti. Pokrovsk e Kupyansk sono ormai in mano alle truppe russe. \u00a0Le battaglie nei due settori pi\u00f9 rilevanti del fronte, oggi lungo \u00a01.300 chilometri, sono ancora in corso, ma i due centri abitati nella regione di Donetsk (Pokrovsk) e Kharkiv (Kupyansk) sono ormai quasi&#46;&#46;&#46;<\/p>\n","protected":false},"author":95,"featured_media":86840,"comment_status":"open","ping_status":"open","sticky":false,"template":"","format":"standard","meta":{"jetpack_post_was_ever_published":false,"_jetpack_newsletter_access":"","_jetpack_dont_email_post_to_subs":false,"_jetpack_newsletter_tier_id":0,"_jetpack_memberships_contains_paywalled_content":false,"_jetpack_memberships_contains_paid_content":false,"footnotes":"","jetpack_publicize_message":"","jetpack_publicize_feature_enabled":true,"jetpack_social_post_already_shared":true,"jetpack_social_options":{"image_generator_settings":{"template":"highway","enabled":false},"version":2}},"categories":[32],"tags":[],"jetpack_publicize_connections":[],"jetpack_featured_media_url":"https:\/\/appelloalpopolo.it\/wp-content\/uploads\/2024\/09\/ottolina-tv-1.jpg","jetpack_sharing_enabled":true,"jetpack_shortlink":"https:\/\/wp.me\/p7ZaJ4-o79","_links":{"self":[{"href":"https:\/\/appelloalpopolo.it\/index.php?rest_route=\/wp\/v2\/posts\/92699"}],"collection":[{"href":"https:\/\/appelloalpopolo.it\/index.php?rest_route=\/wp\/v2\/posts"}],"about":[{"href":"https:\/\/appelloalpopolo.it\/index.php?rest_route=\/wp\/v2\/types\/post"}],"author":[{"embeddable":true,"href":"https:\/\/appelloalpopolo.it\/index.php?rest_route=\/wp\/v2\/users\/95"}],"replies":[{"embeddable":true,"href":"https:\/\/appelloalpopolo.it\/index.php?rest_route=%2Fwp%2Fv2%2Fcomments&post=92699"}],"version-history":[{"count":1,"href":"https:\/\/appelloalpopolo.it\/index.php?rest_route=\/wp\/v2\/posts\/92699\/revisions"}],"predecessor-version":[{"id":92700,"href":"https:\/\/appelloalpopolo.it\/index.php?rest_route=\/wp\/v2\/posts\/92699\/revisions\/92700"}],"wp:featuredmedia":[{"embeddable":true,"href":"https:\/\/appelloalpopolo.it\/index.php?rest_route=\/wp\/v2\/media\/86840"}],"wp:attachment":[{"href":"https:\/\/appelloalpopolo.it\/index.php?rest_route=%2Fwp%2Fv2%2Fmedia&parent=92699"}],"wp:term":[{"taxonomy":"category","embeddable":true,"href":"https:\/\/appelloalpopolo.it\/index.php?rest_route=%2Fwp%2Fv2%2Fcategories&post=92699"},{"taxonomy":"post_tag","embeddable":true,"href":"https:\/\/appelloalpopolo.it\/index.php?rest_route=%2Fwp%2Fv2%2Ftags&post=92699"}],"curies":[{"name":"wp","href":"https:\/\/api.w.org\/{rel}","templated":true}]}}