{"id":92710,"date":"2025-11-17T09:30:57","date_gmt":"2025-11-17T08:30:57","guid":{"rendered":"https:\/\/appelloalpopolo.it\/?p=92710"},"modified":"2025-11-16T13:25:11","modified_gmt":"2025-11-16T12:25:11","slug":"maduro-denuncia-laggressione-degli-stati-uniti-e-contro-tutta-lumanita","status":"publish","type":"post","link":"https:\/\/appelloalpopolo.it\/?p=92710","title":{"rendered":"Maduro denuncia: &#8220;L\u2019aggressione degli Stati Uniti \u00e8 contro tutta l\u2019umanit\u00e0&#8221;"},"content":{"rendered":"<p><strong>di L&#8217;ANTIDIPLOMATICO (redazione)<\/strong><\/p>\n<p>&nbsp;<\/p>\n<div class=\"entry-header\">\n<h4 class=\"post-subtitle\">Caracas avverte: la nuova offensiva statunitense potrebbe aprire un conflitto in grado di travolgere l\u2019America Latina e alterare gli equilibri globali<\/h4>\n<\/div>\n<div class=\"entry-content\">\n<p>&nbsp;<\/p>\n<p>La crisi innescata dagli Stati Uniti con le minacce belliche nei condfronti del Venezuela ha superato nelle ultime settimane un nuovo livello di allerta, alimentando timori regionali e internazionali. A bordo dell\u2019Air Force One, Donald Trump ha\u00a0<a href=\"https:\/\/actualidad.rt.com\/actualidad\/573133-trump-afirma-haber-tomado-decision-venezuela\" target=\"_blank\" rel=\"noopener\">dichiarato<\/a>\u00a0di aver gi\u00e0 preso una decisione su come Washington intenda agire nei confronti di Caracas, senza tuttavia rivelare i dettagli. Un\u2019affermazione che arriva nel mezzo del pi\u00f9 imponente dispiegamento militare statunitense nel Mar dei Caraibi degli ultimi trent\u2019anni, denunciato dal governo venezuelano come una minaccia diretta alla sovranit\u00e0 del Paese e alla stabilit\u00e0 continentale.<\/p>\n<p>Dall\u2019agosto scorso, la Casa Bianca ha posizionato nel Mar dei Caraibi e nell\u2019Oceano Pacifico una vasta forza navale e aerea, composta da navi da guerra, sottomarini, caccia da combattimento ed elementi delle forze speciali. La giustificazione ufficiale parla di una maxi-operazione contro il narcotraffico, ma i bombardamenti contro presunte \u201cnarcolanchas\u201d hanno gi\u00e0 causato decine di morti; azioni qualificate da esperti indipendenti come \u201cesecuzioni sommarie\u201d realizzate in palese violazione del diritto internazionale.<\/p>\n<p>Nicol\u00e1s Maduro, in diversi interventi pubblici a Caracas, ha denunciato che questa offensiva non \u00e8 diretta solo contro il suo governo o contro il Venezuela e la Rivoluzione bolivariana, ma contro \u201ctutta la America e tutta l&#8217;umanit\u00e0\u201d. Il presidente venezuelano sostiene che la strategia di Washington rientri in una campagna di aggressione multilaterale, costruita su falsi pretesti e su un deliberato disprezzo del diritto internazionale da parte di correnti politiche che definisce \u201cnazi-fasciste\u201d e animate dai peggiori impulsi imperialisti.<\/p>\n<p>Maduro insiste da anni che l\u2019obiettivo finale degli Stati Uniti sia un cambio di regime a Caracas e l\u2019appropriazione delle immense risorse petrolifere del Paese. Una convinzione rafforzata dalle recenti accuse della Casa Bianca, che ha etichettato il presidente venezuelano come capo di un presunto cartello del narcotraffico senza presentare prove concrete rilanciando narrazioni fasulle gi\u00e0 ampiamente smentite dai fatti. A tale narrativa si \u00e8 aggiunta la decisione del Dipartimento di Giustizia di raddoppiare la ricompensa per informazioni utili alla sua cattura e l\u2019ammissione, da parte dello stesso Trump, di aver autorizzato operazioni della CIA sul territorio venezuelano.<\/p>\n<p>Sul piano internazionale, le reazioni non si sono fatte attendere. Mosca ha\u00a0<a href=\"https:\/\/www.lantidiplomatico.it\/dettnews-la_russia_condanna_loperazione_militare_usa_contro_il_venezuela\/45289_63660\/\" target=\"_blank\" rel=\"noopener\">definito<\/a>\u00a0\u201cinaccettabile\u201d la distruzione di imbarcazioni senza processo, accusando Washington di comportarsi \u201ccome un Paese fuori legge\u201d. Il ministro degli Esteri russo, Sergei Lavrov, ha avvertito che questa politica non migliorer\u00e0 la reputazione degli Stati Uniti nella comunit\u00e0 mondiale. Anche il Alto Commissario ONU per i Diritti Umani, Volker T\u00fcrk, ha condannato i bombardamenti contro piccole imbarcazioni, mentre i governi di Colombia, Brasile e Messico hanno espresso preoccupazione e dissenso verso l\u2019escalation militare.<\/p>\n<p>A complicare ulteriormente il quadro \u00e8 arrivato il lancio ufficiale della nuova operazione &#8220;Lanza del Sur\u201d, annunciata dal segretario di Guerra statunitense Pete Hegseth, che sarebbe diretta a \u201celiminare i narcoterroristi\u201d dell\u2019emisfero occidentale e difendere gli Stati Uniti dalle droghe che colpiscono la popolazione nordamericana. Dietro questa narrativa, secondo Caracas e diversi osservatori a livello internazionale, si cela in realt\u00e0 un piano di pressione politica e militare contro uno Stato sovrano, con il rischio concreto di innescare un conflitto regionale.<\/p>\n<p>A farsi sentire \u00e8 stata anche la &#8216;Red de Intelectuales y Artistas en Defensa de la Humanidad&#8217;, che ha lanciato un appello urgente alla comunit\u00e0 internazionale, denunciando la mobilitazione della portaerei Gerald R. Ford come una \u201cnuova e gravissima escalation\u201d che potrebbe sfociare in una guerra aperta contro la Repubblica Bolivariana. L\u2019organizzazione parla apertamente di un tentativo di destabilizzazione del governo legittimo di Caracas, di una \u201cguerra cognitiva\u201d orchestrata dagli Stati Uniti per alterare gli equilibri geopolitici in America Latina e di una strategia che potrebbe replicare scenari simili a Gaza o alla Siria, con il rischio di un massacro o di una guerra civile.<\/p>\n<blockquote class=\"twitter-tweet\">\n<p dir=\"ltr\" lang=\"es\">Presidente de <a href=\"https:\/\/twitter.com\/hashtag\/Venezuela?src=hash&amp;ref_src=twsrc%5Etfw\">#Venezuela<\/a>: la agresi\u00f3n de <a href=\"https:\/\/twitter.com\/hashtag\/EEUU?src=hash&amp;ref_src=twsrc%5Etfw\">#EEUU<\/a> es contra toda la humanidad<a href=\"https:\/\/t.co\/0howNv1WKh\">https:\/\/t.co\/0howNv1WKh<\/a><\/p>\n<p>\u2014 teleSUR TV (@teleSURtv) <a href=\"https:\/\/twitter.com\/teleSURtv\/status\/1989466079392141715?ref_src=twsrc%5Etfw\">November 14, 2025<\/a><\/p><\/blockquote>\n<p>Maduro, rivolgendosi direttamente al popolo statunitense, ha ricordato i precedenti storici di Vietnam, Iraq, Afghanistan e Libia, sottolineando che i cittadini USA devono sapere che saranno loro a dover andare in guerra qualora la Casa Bianca decidesse di aprire un nuovo fronte. Il presidente venezuelano ha definito \u201cnecessario\u201d che i popoli di America Latina coltivino coscienza, ribellione e resistenza per impedire il ritorno di ci\u00f2 che descrive come un nuovo nazi-fascismo globale.<\/p>\n<p>Mentre cresce il timore di un\u2019escalation incontrollabile e la regione osserva con apprensione i movimenti di flotte e bombardieri nei Caraibi, il nodo centrale rimane irrisolto: gli Stati Uniti insistono sulla narrativa della lotta al narcotraffico, ma finora non hanno presentato nemmeno uno straccio di prova n\u00e9 risultati concreti in termini di sequestri o smantellamento di reti criminali. Caracas denuncia un chiaro attacco alla sua sovranit\u00e0 e una minaccia che incombe minacciosamente sull\u2019intero continente. E in mezzo a questa tensione crescente, l\u2019America Latina teme di diventare teatro di un nuovo conflitto geopolitico volto all&#8217;accaparramento delle risorse venezuelane e a frenare l&#8217;ascesa del nuovo mondo multipolare di cui Caracas rappresenta la prima linea in America Latina.<\/p>\n<\/div>\n<p>&nbsp;<\/p>\n<p><strong>FONTE:<\/strong>\u00a0<a href=\"https:\/\/www.lantidiplomatico.it\/dettnews-maduro_denuncia_laggressione_degli_stati_uniti__contro_tutta_lumanit\/45289_63668\/\">https:\/\/www.lantidiplomatico.it\/dettnews-maduro_denuncia_laggressione_degli_stati_uniti__contro_tutta_lumanit\/45289_63668\/<\/a><\/p>\n","protected":false},"excerpt":{"rendered":"<p>di L&#8217;ANTIDIPLOMATICO (redazione) &nbsp; Caracas avverte: la nuova offensiva statunitense potrebbe aprire un conflitto in grado di travolgere l\u2019America Latina e alterare gli equilibri globali &nbsp; La crisi innescata dagli Stati Uniti con le minacce belliche nei condfronti del Venezuela ha superato nelle ultime settimane un nuovo livello di allerta, alimentando timori regionali e internazionali. A bordo dell\u2019Air Force One, Donald Trump ha\u00a0dichiarato\u00a0di aver gi\u00e0 preso una decisione su come Washington intenda agire nei confronti&#46;&#46;&#46;<\/p>\n","protected":false},"author":99,"featured_media":91597,"comment_status":"open","ping_status":"open","sticky":false,"template":"","format":"standard","meta":{"jetpack_post_was_ever_published":false,"_jetpack_newsletter_access":"","_jetpack_dont_email_post_to_subs":false,"_jetpack_newsletter_tier_id":0,"_jetpack_memberships_contains_paywalled_content":false,"_jetpack_memberships_contains_paid_content":false,"footnotes":"","jetpack_publicize_message":"","jetpack_publicize_feature_enabled":true,"jetpack_social_post_already_shared":true,"jetpack_social_options":{"image_generator_settings":{"template":"highway","enabled":false},"version":2}},"categories":[32],"tags":[],"jetpack_publicize_connections":[],"jetpack_featured_media_url":"https:\/\/appelloalpopolo.it\/wp-content\/uploads\/2025\/09\/Lantidiplomatico.jpg","jetpack_sharing_enabled":true,"jetpack_shortlink":"https:\/\/wp.me\/p7ZaJ4-o7k","_links":{"self":[{"href":"https:\/\/appelloalpopolo.it\/index.php?rest_route=\/wp\/v2\/posts\/92710"}],"collection":[{"href":"https:\/\/appelloalpopolo.it\/index.php?rest_route=\/wp\/v2\/posts"}],"about":[{"href":"https:\/\/appelloalpopolo.it\/index.php?rest_route=\/wp\/v2\/types\/post"}],"author":[{"embeddable":true,"href":"https:\/\/appelloalpopolo.it\/index.php?rest_route=\/wp\/v2\/users\/99"}],"replies":[{"embeddable":true,"href":"https:\/\/appelloalpopolo.it\/index.php?rest_route=%2Fwp%2Fv2%2Fcomments&post=92710"}],"version-history":[{"count":3,"href":"https:\/\/appelloalpopolo.it\/index.php?rest_route=\/wp\/v2\/posts\/92710\/revisions"}],"predecessor-version":[{"id":92713,"href":"https:\/\/appelloalpopolo.it\/index.php?rest_route=\/wp\/v2\/posts\/92710\/revisions\/92713"}],"wp:featuredmedia":[{"embeddable":true,"href":"https:\/\/appelloalpopolo.it\/index.php?rest_route=\/wp\/v2\/media\/91597"}],"wp:attachment":[{"href":"https:\/\/appelloalpopolo.it\/index.php?rest_route=%2Fwp%2Fv2%2Fmedia&parent=92710"}],"wp:term":[{"taxonomy":"category","embeddable":true,"href":"https:\/\/appelloalpopolo.it\/index.php?rest_route=%2Fwp%2Fv2%2Fcategories&post=92710"},{"taxonomy":"post_tag","embeddable":true,"href":"https:\/\/appelloalpopolo.it\/index.php?rest_route=%2Fwp%2Fv2%2Ftags&post=92710"}],"curies":[{"name":"wp","href":"https:\/\/api.w.org\/{rel}","templated":true}]}}