{"id":92719,"date":"2025-11-17T10:39:48","date_gmt":"2025-11-17T09:39:48","guid":{"rendered":"https:\/\/appelloalpopolo.it\/?p=92719"},"modified":"2025-11-17T10:39:48","modified_gmt":"2025-11-17T09:39:48","slug":"sarajevo-safari-il-turismo-di-guerra-in-bosnia","status":"publish","type":"post","link":"https:\/\/appelloalpopolo.it\/?p=92719","title":{"rendered":"Sarajevo Safari, il \u201cTurismo di Guerra\u201d in Bosnia"},"content":{"rendered":"<p><strong>da LIBEROPENSARE (Piero Cammerinesi)<\/strong><\/p>\n<p><img loading=\"lazy\" decoding=\"async\" class=\"alignnone size-full wp-image-92720\" src=\"https:\/\/appelloalpopolo.it\/wp-content\/uploads\/2025\/11\/1-300x197-1.jpg\" alt=\"\" width=\"300\" height=\"197\" \/><\/p>\n<p><em>di Lorenzo Poli<\/em><\/p>\n<p>La vicenda dei \u2018safari\u2019 a Sarajevo era stata denunciata nel libro \u201cI bastardi di Sarajevo\u201d \u2013 pubblicato nel 2014 e ripubblicato quattro anni dopo, scritto da Luca Leone, giornalista, scrittore e co-fondatore di Infinito Edizioni che lo aveva editato.<\/p>\n<p><img loading=\"lazy\" decoding=\"async\" class=\"alignnone size-medium wp-image-92721\" src=\"https:\/\/appelloalpopolo.it\/wp-content\/uploads\/2025\/11\/RTV-SLO-300x150.jpg\" alt=\"\" width=\"300\" height=\"150\" srcset=\"https:\/\/appelloalpopolo.it\/wp-content\/uploads\/2025\/11\/RTV-SLO-300x150.jpg 300w, https:\/\/appelloalpopolo.it\/wp-content\/uploads\/2025\/11\/RTV-SLO-768x384.jpg 768w, https:\/\/appelloalpopolo.it\/wp-content\/uploads\/2025\/11\/RTV-SLO.jpg 966w\" sizes=\"(max-width: 300px) 100vw, 300px\" \/><\/p>\n<p><em>(Foto di RTV SLO)<\/em><\/p>\n<p>Leone, che si era interessato a lungo e in maniera approfondita delle vicende bosniache, soprattutto legate al conflitto, era intervenuto nel 2022 in occasione dell\u2019uscita di \u2018Sarajevo Safari\u2019, il documentario dello sloveno Miran Zupanic.<\/p>\n<p>\u201cI giornalisti che lavoravano a Sarajevo, ma anche tutta la popolazione assediata della citta\u2019 durante la guerra, sapevano\u201d del caso dei cecchini paganti, conferm\u00f2 all\u2019ANSA.<\/p>\n<blockquote><p>Stranieri da tutta Europa \u2013 c\u2019erano anche italiani \u2013 pagavano ai checkpoint gestiti dai paramilitari serbi sia in Croazia sia in Bosnia per poi passare un fine settimana a sparare sui civili sopra Sarajevo<\/p><\/blockquote>\n<p>disse all\u2019epoca.<\/p>\n<p>Lo scrittore aveva descritto nel libro il cecchinaggio compiuto da stranieri come un normale pacchetto turistico parlando anche di un italiano \u2013 guidato dal paramilitare e killer Snajper \u2013 tranquillo imprenditore che non si accontenta di uccidere di frodo orsi e altri animali, ma nel fine settimana di trasgressione vuole provare, come altri prima di lui, il brivido di uccidere un essere umano.<\/p>\n<p><img loading=\"lazy\" decoding=\"async\" class=\"size-medium wp-image-92722 alignnone\" src=\"https:\/\/appelloalpopolo.it\/wp-content\/uploads\/2025\/11\/aa02a8960301ba9a342155442ea1ad74-202x300.jpg\" alt=\"\" width=\"202\" height=\"300\" srcset=\"https:\/\/appelloalpopolo.it\/wp-content\/uploads\/2025\/11\/aa02a8960301ba9a342155442ea1ad74-202x300.jpg 202w, https:\/\/appelloalpopolo.it\/wp-content\/uploads\/2025\/11\/aa02a8960301ba9a342155442ea1ad74.jpg 472w\" sizes=\"(max-width: 202px) 100vw, 202px\" \/><\/p>\n<p>Ora il caso dei cecchini del weekend a Sarajevo (<a href=\"https:\/\/www.pressenza.com\/it\/2025\/11\/identita-cecchini-per-divertimento\/cecchini\">https:\/\/www.pressenza.com\/it\/2025\/11\/identita-cecchini-per-divertimento\/cecchini<\/a>) \u00e8 ritornato alla ribalta in seguito ad una recente testimonianza di un ex-007 bosniaco allo scrittore Ezio Gavazzeni il quale, nei mesi scorsi, ha depositato un esposto in Procura a Milano che ha portato all\u2019apertura di un\u2019inchiesta per omicidio volontario plurimo aggravato da motivi abietti e crudelt\u00e0.<\/p>\n<p>Durante l\u2019assedio nella guerra in Bosnia il fatto che alcuni \u201cturisti della guerra\u201d, anche italiani, andassero a sparare a donne e bambini, era conosciuto dai servizi segreti italiani. <a href=\"https:\/\/www.leggo.it\/t\/bosnia\">https:\/\/www.leggo.it\/t\/bosnia<\/a><\/p>\n<p>L\u2019allora Sismi, ex servizio segreto italiano per le informazioni e la sicurezza militare, avrebbe \u00abscoperto\u00bb poco pi\u00f9 di 30 anni fa di quei viaggi dell\u2019orrore nella capitale bosniaca assediata dai serbo-bosniaci, con i cecchini che partivano da Trieste, e sarebbero riusciti a bloccarli.<\/p>\n<p>Tra loro ci sarebbero anche italiani, rimasti finora impuniti, che 30 anni fa avrebbero partecipato ai viaggi andata e ritorno, versando l\u2019equivalente di 100mila euro di oggi a chi li organizzava, con Trieste come snodo per raggiungere dalla Lombardia o dal Triveneto prima Belgrado e poi Pale e Sarajevo, la loro destinazione, forse utilizzando i velivoli della ex compagnia aerea serba di charter Aviogenex. L\u00ec si univano alle milizie serbo-bosniache responsabili del pi\u00f9 lungo assedio della storia moderna a una citt\u00e0, che ha provocato oltre 11mila morti fra cui duemila bambini.<\/p>\n<p><img loading=\"lazy\" decoding=\"async\" class=\"alignnone size-medium wp-image-92723\" src=\"https:\/\/appelloalpopolo.it\/wp-content\/uploads\/2025\/11\/0001a521-300x168.webp\" alt=\"\" width=\"300\" height=\"168\" srcset=\"https:\/\/appelloalpopolo.it\/wp-content\/uploads\/2025\/11\/0001a521-300x168.webp 300w, https:\/\/appelloalpopolo.it\/wp-content\/uploads\/2025\/11\/0001a521.webp 414w\" sizes=\"(max-width: 300px) 100vw, 300px\" \/><\/p>\n<p><em>Cittadini di Sarajevo si riforniscono d\u2019acqua con la paura dei colpi di mortaio e del fuoco dei cecchini. L\u2019assedio dur\u00f2 dal \u201992 al \u201996<\/em><\/p>\n<blockquote><p>Caro Ezio \u2013 ha scritto l\u2019ex agente dell\u2019intelligence bosniaca in un carteggio mail -, i servizi bosniaci hanno saputo del \u2018safari\u2019 alla fine del 1993. Tutto questo \u00e8 successo nell\u2019inverno 1993\/94. Abbiamo informato il Sismi all\u2019inizio del 1994 e ci hanno risposto in 2-3 mesi: \u2018Abbiamo scoperto che il safari parte da Trieste. L\u2019abbiamo interrotto e il safari non avr\u00e0 pi\u00f9 luogo\u2019.<\/p><\/blockquote>\n<p>Dopo di che, ha spiegato ancora la \u00abfonte\u00bb dello scrittore indicata con nome e cognome,<\/p>\n<blockquote><p>Il servizio bosniaco non ebbe pi\u00f9 informazioni sul fatto che il safari si ripetesse a Sarajevo.<\/p><\/blockquote>\n<p>Testimonianze e documenti su cui dovr\u00e0 fare chiarezza ora l\u2019indagine del pm <strong>Alessandro Gobbis<\/strong>, condotta dal ROS dei carabinieri, emersa a luglio 2025 e partita di fatto l\u201911 novembre 2025 con un vertice tra inquirenti e investigatori, che hanno anche iniziato ad acquisire atti del Tribunale Penale Internazionale dell\u2019Aia sull\u2019ex Jugoslavia, dopo il deposito dell\u2019esposto dello scrittore, assistito dagli avvocati Nicola Brigida e Guido Salvini, ex magistrato milanese.<\/p>\n<blockquote><p>Non abbiamo ottenuto dal Sismi i nomi dei cacciatori o degli organizzatori \u2013 ha aggiunto -. Quindi, dovrebbe esserci un documento del Sismi che attesta che nella prima met\u00e0 del 1994 a Trieste hanno scoperto il punto da cui parte il safari e che hanno interrotto l\u2019operazione. Non abbiamo mai avuto dettagli \u2026 non sappiamo se qualcuno \u00e8 stato arrestato.<\/p>\n<p>Temo che non sia possibile trovare la corrispondenza tra il Sismi e i servizi segreti bosniaci \u2013 ha scritto l\u2019ex 007 -. Non sono riuscito a trovarla negli archivi militari di Sarajevo, i documenti sono classificati come Top Secret e solo la Corte che potrebbe trattare il caso pu\u00f2 avervi accesso.<\/p><\/blockquote>\n<p>Dal \u00abtestimone\u00bb, chiarisce Gavazzeni,<\/p>\n<blockquote><p>si apprende che le comunicazioni tra le intelligence bosniaca e italiana erano frequenti e presso gli archivi bosniaci si trova l\u2019incartamento, ma \u00e8 stato tutto secretato e non \u00e8 disponibile.<\/p><\/blockquote>\n<p>Anche per poter \u00abaver accesso alla documentazione\u00bb, l\u2019ex sindaca di Sarajevo, Benjamina Karic, ha<\/p>\n<p>inoltrato un esposto alla magistratura, ma senza risultato fino ad adesso.<\/p>\n<p>Lo scrittore, dunque, ha chiesto agli inquirenti milanesi di verificare se in Italia, lato ex Sismi, \u00abesista copia della documentazione\u00bb, anche perch\u00e9 \u00aball\u2019interno potrebbero esserci dei nomi\u00bb, dato che i servizi sarebbero stati in grado \u00abdi dissuadere i cacciatori italiani dal continuare\u00bb. Quei turisti-cecchini volavano con una \u00abcompagnia aerea serba\u00bb e \u00aball\u2019arrivo a Belgrado\u00bb trovavano delle persone \u00abad aspettarli che poi in elicottero li portavano a destinazione\u00bb.<\/p>\n<p>Doveva esserci<\/p>\n<blockquote><p>passaggio di denaro, da una parte in \u2018chiaro\u2019, dall\u2019altra in \u2018nero\u2019\u201d ed \u00e8 \u00abdifficile pensare che questo tipo di traffico non sia stato registrato dai nostri servizi e che non ci siano delle informative, rapporti e comunicazioni in merito.<\/p><\/blockquote>\n<p>L\u2019ex prima cittadina di Sarajevo nelle sue denunce del 2022 ha fatto anche riferimento alla \u00abtestimonianza di un anonimo ufficiale dei servizi segreti sloveni\u00bb, il quale avrebbe riferito che per \u00absparare a un bambino\u00bb veniva versato \u00abaddirittura un compenso monetario pi\u00f9 alto\u00bb, cosa a cui ha \u00abassistito personalmente mentre ascoltava gli attori di questo evento, ricchi\u00bb stranieri \u00abamanti di queste imprese disumane\u00bb.<\/p>\n<p>Il pm Alessandro Gobbis ha aperto un fascicolo d\u2019inchiesta, al momento a carico di ignoti, ipotizzando il\u00a0reato di omicidio volontario\u00a0\u201caggravato dai motivi abietti e futili\u201d,\u00a0commesso in concorso fra pi\u00f9 persone a Sarajevo tra il 1993 e il 1994, affidando gli accertamenti ai carabinieri del Ros.<\/p>\n<p>La ex-sindaca di Sarajevo\u00a0Benjamina Karic\u00a0ha ricordato come nel 2022, quando era alla guida della capitale bosniaca, abbia presentato una denuncia penale contro persone non identificate coinvolte in tale vicenda.<\/p>\n<blockquote><p>Siamo rimasti tutti colpiti dal tema del\u00a0documentario \u2018Sarajevo Safari\u2019, che racconta di individui irresponsabili pagati per sparare a civili innocenti durante l\u2019assedio di Sarajevo,<\/p><\/blockquote>\n<p>ha detto Karic citata oggi dai media locali.<\/p>\n<p><img loading=\"lazy\" decoding=\"async\" class=\"alignnone size-medium wp-image-92724\" src=\"https:\/\/appelloalpopolo.it\/wp-content\/uploads\/2025\/11\/202212061142_sarajevo-safari_w620-200x300.jpg\" alt=\"\" width=\"200\" height=\"300\" srcset=\"https:\/\/appelloalpopolo.it\/wp-content\/uploads\/2025\/11\/202212061142_sarajevo-safari_w620-200x300.jpg 200w, https:\/\/appelloalpopolo.it\/wp-content\/uploads\/2025\/11\/202212061142_sarajevo-safari_w620.jpg 534w\" sizes=\"(max-width: 200px) 100vw, 200px\" \/><\/p>\n<blockquote><p><em>\u201cSarajevo Safari\u201d di Miran Zupanic Slovenia, 2022<\/em><\/p>\n<p>Nel settembre 2022 \u2013 ha aggiunto \u2013 ho presentato una denuncia penale alla Procura contro persone non identificate che seminavano morte a Sarajevo e i loro complici. Nell\u2019agosto scorso ho inoltrato una denuncia penale alla Procura di Milano, tramite l\u2019Ambasciata d\u2019Italia a Sarajevo, che ha avviato un\u2019indagine e mi sono resa disponibile a testimoniare.<\/p><\/blockquote>\n<p>L\u2019ex sindaca sostiene che<\/p>\n<blockquote><p>un\u2019intera squadra di persone instancabili sta lottando affinch\u00e9 la denuncia non rimanga lettera morta. Non ci arrendiamo!<\/p><\/blockquote>\n<p>FONTI INFORMATIVE :<br \/>\nPRESSENZA \/ 11.11.25<\/p>\n<p>\u2013 I \u2018safari\u2019 dei cecchini italiani organizzati dalle milizie serbe all\u2019assedio di Sarajevo,\u00a0Associazione per i Popoli Minacciati<\/p>\n<p>\u2013\u00a0Il profilo rivelatorio dell\u2019identit\u00e0 dei \u2018cecchini per divertimento\u2019, Tonio Dell\u2019Olio (Mosaico di Pace)<\/p>\n<p>ALTRE<\/p>\n<p>https:\/\/english.elpais.com\/international\/2025-11-11\/human-safaris-in-sarajevo-milan-investigates-1990s-trips-where-tourists-allegedly-paid-to-kill-civilians.html<br \/>\nhttps:\/\/www.leggo.it\/schede\/11_novembre_2025_cecchini_weekend_sarajevo_sismi_servizi_segreti_sapevano-l_ex_sindaca_testimone-5-9182304.html<br \/>\nhttps:\/\/www.ilgiorno.it\/milano\/cronaca\/cecchini-del-weekend-sarajevo-qmfrwmfi<br \/>\nhttps:\/\/www.rainews.it\/tgr\/fvg\/articoli\/2025\/11\/safari-della-morte-a-sarajevo-il-profilo-del-triestino-coinvolto-34b05788-13a3-48a8-b60b-9f9d857f05de.html<br \/>\nhttps:\/\/it.gariwo.net\/libri-and-co\/film\/ex-jugoslavia\/sarajevo-safari-25501.html<br \/>\n\u201cSarajevo Safari\u201d: il turismo dei cecchini durante la guerra in Bosnia<br \/>\nhttps:\/\/www.avvenire.it\/attualita\/sparavano-a-bimbi-e-ragazze-il-racconto-choc-sui-turisti-cecchini-a-sarajevo_100824<\/p>\n<p>https:\/\/www.rsi.ch\/info\/mondo\/%E2%80%9CCecchini-del-weekend%E2%80%9D-a-Sarajevo-per-sparare-sui-civili\u20133270173.html<\/p>\n<p>https:\/\/www.rtvslo.si\/capodistria\/radio-capodistria\/notizie\/italia\/italiani-indagati-per-aver-pagato-per-fare-i-cecchini-del-weekend-a-sarajevo\/763589<\/p>\n<p>https:\/\/www.tgcom24.mediaset.it\/mondo\/cecchini-weekend-sarajevo-sismi_105855647-202502k.shtml<br \/>\nFonte: https:\/\/www.pressenza.com\/it\/2025\/11\/sarajevo-safari-lo-scandalo-del-turismo-di-guerra-in-bosnia\/<\/p>\n<p><em>Nell\u2019immagine di copertina: Un bambino viene portato all\u2019ospedale di Sarajevo dopo essere stato colpito da un proiettile nel maggio 1995. Rikard Larma (ASSOCIATED PRESS)<\/em><\/p>\n<p>16 Novembre 2025<\/p>\n<p><strong>FONTE:\u00a0<a href=\"https:\/\/www.liberopensare.com\/sarajevo-safari-il-turismo-di-guerra-in-bosnia\/\">https:\/\/www.liberopensare.com\/sarajevo-safari-il-turismo-di-guerra-in-bosnia\/<\/a><\/strong><\/p>\n","protected":false},"excerpt":{"rendered":"<p>da LIBEROPENSARE (Piero Cammerinesi) di Lorenzo Poli La vicenda dei \u2018safari\u2019 a Sarajevo era stata denunciata nel libro \u201cI bastardi di Sarajevo\u201d \u2013 pubblicato nel 2014 e ripubblicato quattro anni dopo, scritto da Luca Leone, giornalista, scrittore e co-fondatore di Infinito Edizioni che lo aveva editato. (Foto di RTV SLO) Leone, che si era interessato a lungo e in maniera approfondita delle vicende bosniache, soprattutto legate al conflitto, era intervenuto nel 2022 in occasione dell\u2019uscita&#46;&#46;&#46;<\/p>\n","protected":false},"author":103,"featured_media":77625,"comment_status":"open","ping_status":"open","sticky":false,"template":"","format":"standard","meta":{"jetpack_post_was_ever_published":false,"_jetpack_newsletter_access":"","_jetpack_dont_email_post_to_subs":false,"_jetpack_newsletter_tier_id":0,"_jetpack_memberships_contains_paywalled_content":false,"_jetpack_memberships_contains_paid_content":false,"footnotes":"","jetpack_publicize_message":"","jetpack_publicize_feature_enabled":true,"jetpack_social_post_already_shared":true,"jetpack_social_options":{"image_generator_settings":{"template":"highway","enabled":false},"version":2}},"categories":[32],"tags":[],"jetpack_publicize_connections":[],"jetpack_featured_media_url":"https:\/\/appelloalpopolo.it\/wp-content\/uploads\/2023\/03\/WhatsApp-Image-2023-02-27-at-17.25.48.jpeg","jetpack_sharing_enabled":true,"jetpack_shortlink":"https:\/\/wp.me\/p7ZaJ4-o7t","_links":{"self":[{"href":"https:\/\/appelloalpopolo.it\/index.php?rest_route=\/wp\/v2\/posts\/92719"}],"collection":[{"href":"https:\/\/appelloalpopolo.it\/index.php?rest_route=\/wp\/v2\/posts"}],"about":[{"href":"https:\/\/appelloalpopolo.it\/index.php?rest_route=\/wp\/v2\/types\/post"}],"author":[{"embeddable":true,"href":"https:\/\/appelloalpopolo.it\/index.php?rest_route=\/wp\/v2\/users\/103"}],"replies":[{"embeddable":true,"href":"https:\/\/appelloalpopolo.it\/index.php?rest_route=%2Fwp%2Fv2%2Fcomments&post=92719"}],"version-history":[{"count":1,"href":"https:\/\/appelloalpopolo.it\/index.php?rest_route=\/wp\/v2\/posts\/92719\/revisions"}],"predecessor-version":[{"id":92725,"href":"https:\/\/appelloalpopolo.it\/index.php?rest_route=\/wp\/v2\/posts\/92719\/revisions\/92725"}],"wp:featuredmedia":[{"embeddable":true,"href":"https:\/\/appelloalpopolo.it\/index.php?rest_route=\/wp\/v2\/media\/77625"}],"wp:attachment":[{"href":"https:\/\/appelloalpopolo.it\/index.php?rest_route=%2Fwp%2Fv2%2Fmedia&parent=92719"}],"wp:term":[{"taxonomy":"category","embeddable":true,"href":"https:\/\/appelloalpopolo.it\/index.php?rest_route=%2Fwp%2Fv2%2Fcategories&post=92719"},{"taxonomy":"post_tag","embeddable":true,"href":"https:\/\/appelloalpopolo.it\/index.php?rest_route=%2Fwp%2Fv2%2Ftags&post=92719"}],"curies":[{"name":"wp","href":"https:\/\/api.w.org\/{rel}","templated":true}]}}