{"id":92726,"date":"2025-11-17T10:56:56","date_gmt":"2025-11-17T09:56:56","guid":{"rendered":"https:\/\/appelloalpopolo.it\/?p=92726"},"modified":"2025-11-17T11:03:44","modified_gmt":"2025-11-17T10:03:44","slug":"libano-israele-spara-contro-le-forze-onu-e-da-la-colpa-al-maltempo","status":"publish","type":"post","link":"https:\/\/appelloalpopolo.it\/?p=92726","title":{"rendered":"Libano: Israele spara contro le forze ONU e d\u00e0 la colpa al maltempo"},"content":{"rendered":"<p><strong>da L&#8217;INDIPENDENTE ONLINE (Enrica Perucchietti)<\/strong><\/p>\n<p><img loading=\"lazy\" decoding=\"async\" class=\"alignnone size-medium wp-image-92727\" src=\"https:\/\/appelloalpopolo.it\/wp-content\/uploads\/2025\/11\/images-10-300x200.jpeg\" alt=\"\" width=\"300\" height=\"200\" srcset=\"https:\/\/appelloalpopolo.it\/wp-content\/uploads\/2025\/11\/images-10-300x200.jpeg 300w, https:\/\/appelloalpopolo.it\/wp-content\/uploads\/2025\/11\/images-10.jpeg 678w\" sizes=\"(max-width: 300px) 100vw, 300px\" \/><\/p>\n<p data-beyondwords-marker=\"deba9621-10b3-429f-8e34-de5d771932fc\">Nel sud del Libano, ieri, un <strong>carro armato Merkava <\/strong>ha aperto il fuoco contro una postazione della Forza di Interposizione in Libano delle Nazioni Unite (<strong>UNIFIL<\/strong>) distruggendo le telecamere di sorveglianza e danneggiando la torre di osservazione, mentre i caschi blu si riparavano a pochi metri dai colpi. L\u2019episodio, denunciato dalla missione ONU, \u00e8 stato immediatamente attribuito dalle forze israeliane alle \u00ab<strong>cattive condizioni metereologiche<\/strong>\u00bb, indicate come causa di un errore di identificazione. La giustificazione non ha per\u00f2 convinto i peacekeeper, che parlano di una direzione di tiro inequivocabile e di un atto che mette nuovamente a rischio la loro sicurezza in un\u2019area gi\u00e0 segnata da mesi di escalation e di violazioni.<\/p>\n<p data-beyondwords-marker=\"4519b32c-55ce-48b3-ae9a-2144b9de4425\">Secondo la versione fornita da UNIFIL in una <a href=\"https:\/\/unifil.unmissions.org\/unifil-statement-16-november-2025?\" target=\"_blank\" rel=\"noreferrer noopener\">nota<\/a>, i colpi sarebbero stati esplosi da una posizione israeliana rivolta direttamente verso un osservatorio dell\u2019ONU nel settore meridionale spagnolo vicino a Khiuam. I proiettili di mitragliatrice pesante hanno impattato a <strong>cinque metri dalla postazione<\/strong>, costringendo il personale a ripararsi. Le forze ONU hanno chiesto alle IDF di cessare il fuoco e sono riuscite a ritirarsi in sicurezza dopo circa mezz\u2019ora, quando il carro armato si \u00e8 allontanato. Non ci sono stati feriti, ma il gesto rappresenta una <strong>grave violazione <\/strong>delle regole d\u2019ingaggio e della <strong>risoluzione 1701 <\/strong>del Consiglio di Sicurezza, cardine del fragile equilibrio che regola la linea di demarcazione. Le <a href=\"https:\/\/www.timesofisrael.com\/unifil-troops-in-lebanon-come-under-fire-from-idf-which-says-it-misidentified-them\/\" target=\"_blank\" rel=\"noreferrer noopener\">forze israeliane <\/a>hanno confermato la presenza del carro armato e l\u2019apertura del fuoco, sostenendo che le condizioni di visibilit\u00e0 fossero compromesse dal <strong>maltempo<\/strong>. L\u2019unit\u00e0 avrebbe scambiato la torretta ONU per un avamposto sospetto, reagendo in maniera \u201cdifensiva\u201d, dopo aver avvistato due persone \u201csospette\u201d nella zona di Hammis. UNIFIL ha contestato questa versione, sottolineando come la postazione fosse chiaramente contrassegnata e visibile anche in <strong>condizioni climatiche avverse<\/strong>. La missione ha, quindi, chiesto un\u2019indagine approfondita, ribadendo la necessit\u00e0 che Israele rispetti le proprie responsabilit\u00e0 sulla sicurezza dei peacekeeper.<\/p>\n<p data-beyondwords-marker=\"e975ed22-9e2a-4e67-aadb-eeb50769d43f\">Il nuovo incidente ha suscitato immediata preoccupazione a livello internazionale, alimentando il timore che la situazione lungo il confine possa degenerare ulteriormente. Da settimane, la regione \u00e8 teatro di scambi di artiglieria, bombardamenti mirati e operazioni di sorveglianza sempre pi\u00f9 aggressive. A ci\u00f2 si aggiunge la difficolt\u00e0 operativa di UNIFIL, chiamata a vigilare su un cessate il fuoco che appare ormai solo formale. Solo pochi giorni fa, <a href=\"https:\/\/www.arabnews.com\/node\/2622266\/medio-oriente\" target=\"_blank\" rel=\"noreferrer noopener\">Beirut <\/a>aveva denunciato pubblicamente che le violazioni israeliane mettono <strong>a rischio la stabilit\u00e0 nel sud del Paese<\/strong>. Il rappresentante permanente libanese all\u2019ONU, <strong>Ahmad Arafa<\/strong>, ha ribadito che tali azioni minano la sovranit\u00e0 e l\u2019integrit\u00e0 territoriale del Libano e compromettono il lavoro delle autorit\u00e0 nazionali che tentano di estendere il controllo statale e ridurre l\u2019influenza delle milizie. Il rapporto dell\u2019esercito libanese, presentato al governo, denuncia <strong>oltre 7.000 violazioni dello spazio aereo dal cessate il fuoco <\/strong>dell\u2019anno precedente e definisce tali attacchi \u00abuna manifesta violazione del diritto internazionale\u00bb.<\/p>\n<p data-beyondwords-marker=\"19d9306b-41dd-4e31-bae0-43b296fea460\">Dal riaprirsi della crisi regionale nell\u2019autunno del 2023, UNIFIL ha denunciato pi\u00f9 volte episodi simili. Nel corso del 2024, si sono registrati diversi casi di <strong>fuoco diretto contro pattuglie e basi ONU<\/strong>, inclusi ferimenti causati da colpi sparati da carri armati israeliani nei pressi di Naqoura. Nel 2025, la situazione \u00e8 ulteriormente precipitata: droni israeliani hanno sganciato munizioni vicino ai caschi blu, mentre artiglieria e mezzi corazzati hanno pi\u00f9 volte colpito aree dove operavano gli osservatori internazionali. In tutti i casi, Israele ha parlato di errori di valutazione o condizioni ambientali sfavorevoli, giustificazioni giudicate insufficienti e poco credibili dalla missione ONU. Le statistiche accumulate negli ultimi due anni suggeriscono un <strong>incremento costante delle violazioni <\/strong>e un progressivo restringimento dello spazio operativo di UNIFIL. Il 14 novembre, la <a href=\"https:\/\/unifil.unmissions.org\/unifil-statement-14-november-2025\">missione <\/a>ha reso noto di aver condotto <strong>un\u2019indagine geospaziale <\/strong>che ha individuato un <strong>muro in cemento eretto dalle IDF<\/strong> nell\u2019area di Yaroun. L\u2019inchiesta ha confermato che la struttura <strong>oltrepassa la Linea Blu<\/strong>, sottraendo oltre 4.000 metri quadrati di territorio al Libano. Nonostante le richieste dell\u2019ONU, Israele avrebbe continuato a costruire muri anche a novembre, con nuove sezioni che sconfinano in territorio libanese. Il nuovo episodio di ieri si inserisce in una serie di attacchi e violazioni che, sommati alla pressione militare lungo il confine, rischiano di compromettere definitivamente il ruolo della forza ONU in uno dei fronti pi\u00f9 instabili del Medio Oriente.<\/p>\n<p data-beyondwords-marker=\"19d9306b-41dd-4e31-bae0-43b296fea460\"><strong>FONTE:\u00a0<a href=\"https:\/\/www.lindipendente.online\/2025\/11\/17\/libano-israele-spara-contro-le-forze-onu-e-da-la-colpa-al-maltempo\/\">https:\/\/www.lindipendente.online\/2025\/11\/17\/libano-israele-spara-contro-le-forze-onu-e-da-la-colpa-al-maltempo\/<\/a><\/strong><\/p>\n","protected":false},"excerpt":{"rendered":"<p>da L&#8217;INDIPENDENTE ONLINE (Enrica Perucchietti) Nel sud del Libano, ieri, un carro armato Merkava ha aperto il fuoco contro una postazione della Forza di Interposizione in Libano delle Nazioni Unite (UNIFIL) distruggendo le telecamere di sorveglianza e danneggiando la torre di osservazione, mentre i caschi blu si riparavano a pochi metri dai colpi. L\u2019episodio, denunciato dalla missione ONU, \u00e8 stato immediatamente attribuito dalle forze israeliane alle \u00abcattive condizioni metereologiche\u00bb, indicate come causa di un errore&#46;&#46;&#46;<\/p>\n","protected":false},"author":103,"featured_media":84764,"comment_status":"open","ping_status":"open","sticky":false,"template":"","format":"standard","meta":{"jetpack_post_was_ever_published":false,"_jetpack_newsletter_access":"","_jetpack_dont_email_post_to_subs":false,"_jetpack_newsletter_tier_id":0,"_jetpack_memberships_contains_paywalled_content":false,"_jetpack_memberships_contains_paid_content":false,"footnotes":"","jetpack_publicize_message":"","jetpack_publicize_feature_enabled":true,"jetpack_social_post_already_shared":true,"jetpack_social_options":{"image_generator_settings":{"template":"highway","enabled":false},"version":2}},"categories":[32],"tags":[],"jetpack_publicize_connections":[],"jetpack_featured_media_url":"https:\/\/appelloalpopolo.it\/wp-content\/uploads\/2024\/04\/LIndipendente.online.jpg","jetpack_sharing_enabled":true,"jetpack_shortlink":"https:\/\/wp.me\/p7ZaJ4-o7A","_links":{"self":[{"href":"https:\/\/appelloalpopolo.it\/index.php?rest_route=\/wp\/v2\/posts\/92726"}],"collection":[{"href":"https:\/\/appelloalpopolo.it\/index.php?rest_route=\/wp\/v2\/posts"}],"about":[{"href":"https:\/\/appelloalpopolo.it\/index.php?rest_route=\/wp\/v2\/types\/post"}],"author":[{"embeddable":true,"href":"https:\/\/appelloalpopolo.it\/index.php?rest_route=\/wp\/v2\/users\/103"}],"replies":[{"embeddable":true,"href":"https:\/\/appelloalpopolo.it\/index.php?rest_route=%2Fwp%2Fv2%2Fcomments&post=92726"}],"version-history":[{"count":3,"href":"https:\/\/appelloalpopolo.it\/index.php?rest_route=\/wp\/v2\/posts\/92726\/revisions"}],"predecessor-version":[{"id":92730,"href":"https:\/\/appelloalpopolo.it\/index.php?rest_route=\/wp\/v2\/posts\/92726\/revisions\/92730"}],"wp:featuredmedia":[{"embeddable":true,"href":"https:\/\/appelloalpopolo.it\/index.php?rest_route=\/wp\/v2\/media\/84764"}],"wp:attachment":[{"href":"https:\/\/appelloalpopolo.it\/index.php?rest_route=%2Fwp%2Fv2%2Fmedia&parent=92726"}],"wp:term":[{"taxonomy":"category","embeddable":true,"href":"https:\/\/appelloalpopolo.it\/index.php?rest_route=%2Fwp%2Fv2%2Fcategories&post=92726"},{"taxonomy":"post_tag","embeddable":true,"href":"https:\/\/appelloalpopolo.it\/index.php?rest_route=%2Fwp%2Fv2%2Ftags&post=92726"}],"curies":[{"name":"wp","href":"https:\/\/api.w.org\/{rel}","templated":true}]}}