{"id":92770,"date":"2025-11-18T11:19:40","date_gmt":"2025-11-18T10:19:40","guid":{"rendered":"https:\/\/appelloalpopolo.it\/?p=92770"},"modified":"2025-11-18T11:22:29","modified_gmt":"2025-11-18T10:22:29","slug":"la-fuga-di-studenti-e-laureati-costa-al-sud-italia-oltre-4-miliardi-di-euro-lanno","status":"publish","type":"post","link":"https:\/\/appelloalpopolo.it\/?p=92770","title":{"rendered":"La fuga di studenti e laureati costa al Sud Italia oltre 4 miliardi di euro l\u2019anno"},"content":{"rendered":"<p><strong>da L&#8217;INDIPENDENTE ONLINE (Salvatore Toscano)<\/strong><\/p>\n<p><img loading=\"lazy\" decoding=\"async\" class=\"alignnone size-medium wp-image-92771\" src=\"https:\/\/appelloalpopolo.it\/wp-content\/uploads\/2025\/11\/fuga-di-cervelli-sud-300x194.jpg\" alt=\"\" width=\"300\" height=\"194\" srcset=\"https:\/\/appelloalpopolo.it\/wp-content\/uploads\/2025\/11\/fuga-di-cervelli-sud-300x194.jpg 300w, https:\/\/appelloalpopolo.it\/wp-content\/uploads\/2025\/11\/fuga-di-cervelli-sud-768x498.jpg 768w, https:\/\/appelloalpopolo.it\/wp-content\/uploads\/2025\/11\/fuga-di-cervelli-sud.jpg 1000w\" sizes=\"(max-width: 300px) 100vw, 300px\" \/><\/p>\n<p>Ogni anno 134mila studenti e 36mila laureati abbandonano il Sud Italia per emigrare altrove: una fuga dai risvolti sociali ed economici, che si traduce in perdite superiori ai <strong>4 miliardi di euro <\/strong>per la macroregione. A definire i contorni dell\u2019emorragia silenziosa \u2014 uno dei tanti aspetti della mai sopita\u00a0<strong>questione meridionale<\/strong>\u00a0\u2014 \u00e8 il\u00a0<a href=\"https:\/\/www.confcooperative.it\/LInformazione\/Le-notizie\/sud-la-fuga-dei-cervelli-costa-41-miliardi\" target=\"_blank\" rel=\"noopener\">rapporto<\/a>\u00a0elaborato da Censis e Confcooperative, dal titolo:\u00a0<em><strong>Sud, la grande fuga<\/strong><\/em>. Il fenomeno comporta nell\u2019immediato una perdita di finanziamenti per gli atenei meridionali, a favore delle universit\u00e0 del Centro-Nord, dove rette pi\u00f9 salate pesano sulle famiglie degli studenti. A ci\u00f2 si aggiunge la scelta dell\u2019approdo lavorativo, che porta giovani ad alta qualificazione, formati con risorse meridionali, a restituire altrove quanto appreso.<\/p>\n<p>\u00abC\u2019\u00e8 un treno che parte dal Mezzogiorno ogni giorno. \u00c8 carico di sogni, talenti, futuro, ma non torna mai indietro. Un trasferimento di ricchezza che risale dal Sud prendendo la strada del Nord\u00bb, dice Maurizio Gardini, presidente di Confcooperative, definendo la fuga di studenti come \u00ab<strong>una\u00a0perdita sociale, economica, demografica, culturale<\/strong>. Un depauperamento silenzioso di risorse che svuota interi territori. Un pezzo della futura classe dirigente che se ne va, lasciando dietro di s\u00e9 interrogativi sul destino del Mezzogiorno. Una fuga che al Sud costa oltre 4 miliardi\u00bb. Censis e Confcooperative sviscerano il calcolo all\u2019interno dell\u2019ultimo rapporto, partendo dalla fuga degli studenti universitari: nel 2022, pi\u00f9 di 134mila ragazzi si sono spostati dal Mezzogiorno verso gli atenei del Centro-Nord. Appena 10mila studenti hanno intrapreso il percorso inverno, per un saldo negativo di 124mila unit\u00e0. Cos\u00ec, in un solo anno,\u00a0<strong>le universit\u00e0 meridionali hanno perso 145,4 milioni di euro di tasse<\/strong>, a vantaggio di quelle centro-settentrionali che, a causa di rette mediamente superiori, hanno visto entrare nelle proprie casse 256,1 milioni.<\/p>\n<p>Sempre nel 2022, si legge nel rapporto Censis-Confcooperative, \u00ab23mila laureati al Sud hanno scelto le regioni centro-settentrionali come approdo lavorativo. Nel 2024, altri\u00a0<strong>13mila hanno varcato i confini nazionali<\/strong>. In totale, 36mila giovani ad alta qualificazione, con risorse meridionali, valorizzano le proprie competenze lontano dai luoghi che hanno investito nel loro futuro\u00bb. Elaborando dati Istat, Ocse e Svimez, Censis ha stimato che la spesa sostenuta dallo Stato per l\u2019intero ciclo di istruzione di una persona ammonti a 112mila euro. La cifra, moltiplicata per i 36mila laureati emigrati, restituisce una perdita di valore pari a\u00a0<strong>4,1 miliardi di euro<\/strong>: \u00absoldi investiti dal Sud per formare una classe dirigente che poi sceglie di restituire altrove il proprio know how\u00bb.<\/p>\n<p>Quello economico non \u00e8 l\u2019unico risvolto della fuga di cervelli, che costa anche in termini sociali, tra mancato ricambio generazionale della popolazione, perdita di potenzialit\u00e0 ed energie, <a href=\"https:\/\/www.lindipendente.online\/2025\/07\/19\/in-425-comuni-italiani-non-esiste-piu-nemmeno-un-negozio-di-alimentari\/\" target=\"_blank\" rel=\"noopener\">spopolamento<\/a>\u00a0delle aree interne. La fuga, che da un punto di vista etimologico veicola un\u2019azione legata all\u2019evitare un danno o un pericolo, \u00e8 spesso\u00a0<strong>un\u2019azione sofferta per gli stessi studenti e laureati<\/strong>, che per avere qualche chance lavorativa in pi\u00f9 abbandonano i propri affetti in misura estremamente maggiore rispetto ai propri coetanei del Centro e Nord Italia. Si trovano a pagare il prezzo di scelte politiche (ultima l\u2019<a href=\"https:\/\/www.lindipendente.online\/2024\/06\/20\/cosa-prevede-lautonomia-differenziata-varata-dal-governo-meloni\/\" target=\"_blank\" rel=\"noopener\">autonomia differenziata<\/a>) che al posto di risolvere la questione meridionale e costruire un Paese a un\u2019unica velocit\u00e0, con uno sviluppo diffuso, hanno restituito due o tre tronconi separati tra loro: da un lato i servizi per i cittadini e le industrie, dall\u2019altro deprivazione sociale, ultimamente scimmiottata e messa in scena come\u00a0<em>experience<\/em>\u00a0dagli speculatori della\u00a0<a href=\"https:\/\/www.lindipendente.online\/2024\/12\/27\/qui-intorno-e-tutto-una-friggitoria-napoli-al-tempo-del-turismo-di-massa\/\" target=\"_blank\" rel=\"noopener\">turistificazione<\/a>.<\/p>\n<p><strong>FONTE:\u00a0<a href=\"https:\/\/www.lindipendente.online\/2025\/11\/17\/la-fuga-di-studenti-e-laureati-costa-al-sud-italia-oltre-4-miliardi-di-euro-lanno\/\">https:\/\/www.lindipendente.online\/2025\/11\/17\/la-fuga-di-studenti-e-laureati-costa-al-sud-italia-oltre-4-miliardi-di-euro-lanno\/<\/a><\/strong><\/p>\n","protected":false},"excerpt":{"rendered":"<p>da L&#8217;INDIPENDENTE ONLINE (Salvatore Toscano) Ogni anno 134mila studenti e 36mila laureati abbandonano il Sud Italia per emigrare altrove: una fuga dai risvolti sociali ed economici, che si traduce in perdite superiori ai 4 miliardi di euro per la macroregione. A definire i contorni dell\u2019emorragia silenziosa \u2014 uno dei tanti aspetti della mai sopita\u00a0questione meridionale\u00a0\u2014 \u00e8 il\u00a0rapporto\u00a0elaborato da Censis e Confcooperative, dal titolo:\u00a0Sud, la grande fuga. Il fenomeno comporta nell\u2019immediato una perdita di finanziamenti per&#46;&#46;&#46;<\/p>\n","protected":false},"author":103,"featured_media":84764,"comment_status":"open","ping_status":"open","sticky":false,"template":"","format":"standard","meta":{"jetpack_post_was_ever_published":false,"_jetpack_newsletter_access":"","_jetpack_dont_email_post_to_subs":false,"_jetpack_newsletter_tier_id":0,"_jetpack_memberships_contains_paywalled_content":false,"_jetpack_memberships_contains_paid_content":false,"footnotes":"","jetpack_publicize_message":"","jetpack_publicize_feature_enabled":true,"jetpack_social_post_already_shared":true,"jetpack_social_options":{"image_generator_settings":{"template":"highway","enabled":false},"version":2}},"categories":[32],"tags":[],"jetpack_publicize_connections":[],"jetpack_featured_media_url":"https:\/\/appelloalpopolo.it\/wp-content\/uploads\/2024\/04\/LIndipendente.online.jpg","jetpack_sharing_enabled":true,"jetpack_shortlink":"https:\/\/wp.me\/p7ZaJ4-o8i","_links":{"self":[{"href":"https:\/\/appelloalpopolo.it\/index.php?rest_route=\/wp\/v2\/posts\/92770"}],"collection":[{"href":"https:\/\/appelloalpopolo.it\/index.php?rest_route=\/wp\/v2\/posts"}],"about":[{"href":"https:\/\/appelloalpopolo.it\/index.php?rest_route=\/wp\/v2\/types\/post"}],"author":[{"embeddable":true,"href":"https:\/\/appelloalpopolo.it\/index.php?rest_route=\/wp\/v2\/users\/103"}],"replies":[{"embeddable":true,"href":"https:\/\/appelloalpopolo.it\/index.php?rest_route=%2Fwp%2Fv2%2Fcomments&post=92770"}],"version-history":[{"count":4,"href":"https:\/\/appelloalpopolo.it\/index.php?rest_route=\/wp\/v2\/posts\/92770\/revisions"}],"predecessor-version":[{"id":92775,"href":"https:\/\/appelloalpopolo.it\/index.php?rest_route=\/wp\/v2\/posts\/92770\/revisions\/92775"}],"wp:featuredmedia":[{"embeddable":true,"href":"https:\/\/appelloalpopolo.it\/index.php?rest_route=\/wp\/v2\/media\/84764"}],"wp:attachment":[{"href":"https:\/\/appelloalpopolo.it\/index.php?rest_route=%2Fwp%2Fv2%2Fmedia&parent=92770"}],"wp:term":[{"taxonomy":"category","embeddable":true,"href":"https:\/\/appelloalpopolo.it\/index.php?rest_route=%2Fwp%2Fv2%2Fcategories&post=92770"},{"taxonomy":"post_tag","embeddable":true,"href":"https:\/\/appelloalpopolo.it\/index.php?rest_route=%2Fwp%2Fv2%2Ftags&post=92770"}],"curies":[{"name":"wp","href":"https:\/\/api.w.org\/{rel}","templated":true}]}}