{"id":92779,"date":"2025-11-19T08:30:48","date_gmt":"2025-11-19T07:30:48","guid":{"rendered":"https:\/\/appelloalpopolo.it\/?p=92779"},"modified":"2025-11-18T11:43:41","modified_gmt":"2025-11-18T10:43:41","slug":"eutanasia-nichilismo-e-la-bella-morte","status":"publish","type":"post","link":"https:\/\/appelloalpopolo.it\/?p=92779","title":{"rendered":"Eutanasia, nichilismo e la bella morte"},"content":{"rendered":"<p style=\"text-align: justify\"><strong>di FERDINANDO PASTORE (Pagina FB)<\/strong><\/p>\n<p style=\"text-align: justify\">Siamo circondati da individui che devono pensare a s\u00e9 stessi, atrofizzati dall\u2019ansia della prestazione anche quando si intravede la fine. Nello stesso istante ci parlano gli Stati che inneggiano alla vita sana, a tenersi in forma il pi\u00f9 possibile. Se ci si dovesse ammalare inutile appellarsi alla sanit\u00e0 pubblica, il Ministero si spende per la salute, per la prevenzione, non spende per posti letto.<\/p>\n<p style=\"text-align: justify\">Chi non ha la capacit\u00e0 di concorrere, di vincere nel mercato, pu\u00f2 tranquillamente sparire, senza clamori, con educazione, con quel tratto di raffinata compostezza che non ricerca vanagloria. Cos\u00ec i nostri anziani, svanite le famiglie, disgregatesi ormai nel bel mondo della globalizzazione \u2013 un figlio a New York, uno a Sidney, l\u2019altro erratico in cerca di un ego all\u2019altezza della sfida \u2013 accolgono l\u2019idea dell\u2019eutanasia. Come biasimarli. Senza vincoli di prossimit\u00e0, in luoghi incattiviti dalla disintermediazione sociale, relazionale e politica, privi di presenza pubblica, \u00e8 anche comprensibile voler togliere il disturbo.<\/p>\n<p style=\"text-align: justify\">Basterebbe, per riconoscere onestamente la propria depravazione etica, accogliere questo cinismo messianico per quello che \u00e8: la cultura dell\u2019egoismo che colonizza l\u2019immaginario collettivo, che assolve impunemente l\u2019indifferenza compulsiva dei volti che si aggirano nelle citt\u00e0; egoismo che \u00e8 norma di condotta per l\u2019impiegabilit\u00e0. Basterebbe confessarselo per interpretare correttamente il mondo che calpestiamo in modo sempre pi\u00f9 maldestro.<\/p>\n<p style=\"text-align: justify\">E invece ci tocca ideologizzare questa disfatta umana, l\u2019idea che la collettivit\u00e0 non protegga dalla morte ma la incentivi, la promuova come una scelta tra le altre, come un investimento produttivo. Questo \u00e8 insopportabile. Tratteggiare l\u2019eutanasia come un dolce paesaggio, come un acquarello dipinto in un parco che sa leggere un tramonto languido. Come una passeggiata in una clinica asettica e candida, immersa nei cinguettii, tra i venti dei boschi alpini, dove la morte si fa levigato esperimento e si avvera come estrema padronanza del vissuto. Come la pi\u00f9 saporita delle cene.<\/p>\n<p style=\"text-align: justify\">Quando si ragiona cos\u00ec l\u2019idea della guerra appare sempre pi\u00f9 concreta. La morte diventa un semplice effetto collaterale da inserire in bilancio per la prossima spalmatura. La vita \u00e8 sintetizzabile in un foglio Excel.<\/p>\n<p style=\"text-align: justify\"><strong>Fonte:\u00a0<a href=\"https:\/\/www.facebook.com\/share\/p\/1CiG6XaCV3\/\">https:\/\/www.facebook.com\/share\/p\/1CiG6XaCV3\/<\/a><\/strong><\/p>\n","protected":false},"excerpt":{"rendered":"<p>di FERDINANDO PASTORE (Pagina FB) Siamo circondati da individui che devono pensare a s\u00e9 stessi, atrofizzati dall\u2019ansia della prestazione anche quando si intravede la fine. Nello stesso istante ci parlano gli Stati che inneggiano alla vita sana, a tenersi in forma il pi\u00f9 possibile. Se ci si dovesse ammalare inutile appellarsi alla sanit\u00e0 pubblica, il Ministero si spende per la salute, per la prevenzione, non spende per posti letto. Chi non ha la capacit\u00e0 di&#46;&#46;&#46;<\/p>\n","protected":false},"author":95,"featured_media":89105,"comment_status":"open","ping_status":"open","sticky":false,"template":"","format":"standard","meta":{"jetpack_post_was_ever_published":false,"_jetpack_newsletter_access":"","_jetpack_dont_email_post_to_subs":false,"_jetpack_newsletter_tier_id":0,"_jetpack_memberships_contains_paywalled_content":false,"_jetpack_memberships_contains_paid_content":false,"footnotes":"","jetpack_publicize_message":"","jetpack_publicize_feature_enabled":true,"jetpack_social_post_already_shared":true,"jetpack_social_options":{"image_generator_settings":{"template":"highway","enabled":false},"version":2}},"categories":[32],"tags":[],"jetpack_publicize_connections":[],"jetpack_featured_media_url":"https:\/\/appelloalpopolo.it\/wp-content\/uploads\/2025\/02\/Ferdinando-Pastore.jpg","jetpack_sharing_enabled":true,"jetpack_shortlink":"https:\/\/wp.me\/p7ZaJ4-o8r","_links":{"self":[{"href":"https:\/\/appelloalpopolo.it\/index.php?rest_route=\/wp\/v2\/posts\/92779"}],"collection":[{"href":"https:\/\/appelloalpopolo.it\/index.php?rest_route=\/wp\/v2\/posts"}],"about":[{"href":"https:\/\/appelloalpopolo.it\/index.php?rest_route=\/wp\/v2\/types\/post"}],"author":[{"embeddable":true,"href":"https:\/\/appelloalpopolo.it\/index.php?rest_route=\/wp\/v2\/users\/95"}],"replies":[{"embeddable":true,"href":"https:\/\/appelloalpopolo.it\/index.php?rest_route=%2Fwp%2Fv2%2Fcomments&post=92779"}],"version-history":[{"count":2,"href":"https:\/\/appelloalpopolo.it\/index.php?rest_route=\/wp\/v2\/posts\/92779\/revisions"}],"predecessor-version":[{"id":92781,"href":"https:\/\/appelloalpopolo.it\/index.php?rest_route=\/wp\/v2\/posts\/92779\/revisions\/92781"}],"wp:featuredmedia":[{"embeddable":true,"href":"https:\/\/appelloalpopolo.it\/index.php?rest_route=\/wp\/v2\/media\/89105"}],"wp:attachment":[{"href":"https:\/\/appelloalpopolo.it\/index.php?rest_route=%2Fwp%2Fv2%2Fmedia&parent=92779"}],"wp:term":[{"taxonomy":"category","embeddable":true,"href":"https:\/\/appelloalpopolo.it\/index.php?rest_route=%2Fwp%2Fv2%2Fcategories&post=92779"},{"taxonomy":"post_tag","embeddable":true,"href":"https:\/\/appelloalpopolo.it\/index.php?rest_route=%2Fwp%2Fv2%2Ftags&post=92779"}],"curies":[{"name":"wp","href":"https:\/\/api.w.org\/{rel}","templated":true}]}}