{"id":92808,"date":"2025-11-20T08:00:59","date_gmt":"2025-11-20T07:00:59","guid":{"rendered":"https:\/\/appelloalpopolo.it\/?p=92808"},"modified":"2025-11-19T20:53:38","modified_gmt":"2025-11-19T19:53:38","slug":"la-disputa-su-taiwan-riaccende-la-tensione-tra-cina-e-giappone","status":"publish","type":"post","link":"https:\/\/appelloalpopolo.it\/?p=92808","title":{"rendered":"La disputa su Taiwan riaccende la tensione tra Cina e Giappone"},"content":{"rendered":"<p><strong>di L&#8217;INDIPENDENTE (Armando Negro)<\/strong><\/p>\n<p><img loading=\"lazy\" decoding=\"async\" class=\"alignnone size-medium wp-image-92809\" src=\"https:\/\/appelloalpopolo.it\/wp-content\/uploads\/2025\/11\/taiwan2-300x200.png\" alt=\"\" width=\"300\" height=\"200\" srcset=\"https:\/\/appelloalpopolo.it\/wp-content\/uploads\/2025\/11\/taiwan2-300x200.png 300w, https:\/\/appelloalpopolo.it\/wp-content\/uploads\/2025\/11\/taiwan2-768x512.png 768w, https:\/\/appelloalpopolo.it\/wp-content\/uploads\/2025\/11\/taiwan2.png 1000w\" sizes=\"(max-width: 300px) 100vw, 300px\" \/><\/p>\n<p>A poco meno di un mese dall\u2019insediamento della nuova premier del Giappone, Sanae Takaichi,<strong>\u00a0le relazioni tra Pechino e Tokyo sono precipitate<\/strong>, compromettendo rapidamente gli equilibri dell\u2019area. Ancora una volta a catalizzare i nervosismi tra i due Paesi \u00e8 l\u2019isola di\u00a0<strong>Taiwan<\/strong>, che gode\u00a0<em>de facto<\/em>\u00a0di autonomia politica e commerciale, ma che dal 1949 \u00e8 sotto le mire del colosso cinese.<\/p>\n<p>Le nuove tensioni non si presentano come un fulmine a ciel sereno. Gi\u00e0 nel 2022, durante la controversa\u00a0<a href=\"https:\/\/www.lindipendente.online\/2022\/08\/02\/perche-la-visita-di-nancy-pelosi-a-taiwan-rischia-di-creare-uno-scontro-tra-usa-e-cina\/\" target=\"_blank\" rel=\"noreferrer noopener\">visita<\/a>\u00a0a Taipei dell\u2019ex speaker della Camera degli Stati Uniti Nancy Pelosi,\u00a0<strong>la Cina mise in atto varie esercitazioni militari intorno all\u2019isola<\/strong>\u00a0e, con la caduta di alcuni razzi nella Zona Economica Speciale del Giappone, pose in allerta il governo di Tokyo sulla possibilit\u00e0 di entrare in un conflitto armato in caso di invasione di Taiwan.<\/p>\n<p>Questa volta la crisi diplomatica \u00e8 stata innescata dalle\u00a0<a href=\"https:\/\/edition.cnn.com\/2025\/11\/12\/asia\/japan-takaichi-china-taiwan-analysis-intl-hnk\" target=\"_blank\" rel=\"noreferrer noopener\">dichiarazioni<\/a>\u00a0pronunciate il 7 novembre dalla premier giapponese. \u00abLa presenza di navi da guerra e l\u2019utilizzo della forza potrebbero costituire una minaccia alla sopravvivenza\u00bb ha affermato Takaichi in occasione della sua prima interrogazione parlamentare in merito a un ipotetico attacco cinese verso Taiwan. Differentemente dai suoi predecessori, la premier ha messo in luce con una certa schiettezza\u00a0<strong>la necessit\u00e0 di fare ricorso alle forze di autodifesa del paese<\/strong>\u00a0per intervenire in una situazione nella quale il Giappone non sarebbe direttamente interessato.<\/p>\n<p>Le reazioni di Pechino non si sono fatte attendere. Inizialmente i media cinesi hanno attaccato duramente la postura del governo giapponese, successivamente\u00a0<strong>i vertici militari di Pechino hanno messo in guardia Tokyo<\/strong>\u00a0e hanno parlato di \u00absconfitta schiacciante\u00bb in caso di intervento. Alle parole hanno fatto seguito le ritorsioni: il governo cinese ha caldamente\u00a0<strong>sconsigliato ai suoi cittadini di recarsi in Giappone<\/strong>\u00a0e alcune agenzie turistiche hanno annullato tour e viaggi verso il paese del Sol levante, mettendo cos\u00ec a repentaglio l\u2019economia turistica giapponese, che solo nei primi otto mesi del 2025 ha visto il\u00a0<strong>transito di 6,7 milioni di turisti cinesi<\/strong>, pari a un quinto dei visitatori totali. L\u2019invito del governo cinese a fare ritorno in madrepatria si \u00e8 esteso anche ai 100.000 studenti residenti in Giappone.<\/p>\n<p>La crisi ha colpito anche l\u2019importazione di prodotti audiovisivi giapponesi verso il territorio cinese, in particolar modo ha rinviato l\u2019uscita in sala di due film. Per ultimo, il governo di Pechino, dopo i colloqui ritenuti insufficienti con Masaaki Kanai, responsabile degli affari con l\u2019Asia e l\u2019Oceania del ministero degli esteri giapponese, ha annunciato\u00a0<strong>l\u2019interruzione delle importazioni di prodotti ittici\u00a0<\/strong>dall\u2019arcipelago nipponico.<\/p>\n<p>L\u2019ambasciata giapponese a Pechino, invece, ha invitato i residenti in Cina a prestare attenzione a possibili rappresaglie, facendo implicitamente riferimento alle aggressioni che si verificarono nel 2024 contro due cittadini giapponesi in territorio cinese.<\/p>\n<p>La situazione infiamma ulteriormente le relazioni gi\u00e0 rese complicate a causa delle eredit\u00e0 storiche presenti tra i due Paesi. Se da un lato la Cina nutre ancora<strong>\u00a0rancore verso i crimini di guerra commessi dal paese nipponico<\/strong>\u00a0durante gli anni del colonialismo e della guerra mondiale, dall\u2019altro la figura di Sanae Takaichi non pu\u00f2 che inasprire la diplomazia tra le due potenze dell\u2019area. La premier ultranazionalista, difatti, in passato ha pi\u00f9 volte rappresentato l\u2019ala revisionista del paese e nel corso degli anni ha espresso pi\u00f9 volte sostegno verso attivisti\u00a0<a href=\"https:\/\/bitterwinter.org\/prime-minister-takaichi-and-the-fight-against-the-east-turkestan-genocide-a-uyghur-view\/\" target=\"_blank\" rel=\"noreferrer noopener\">uiguri<\/a>,\u00a0<a href=\"https:\/\/www.tibetanreview.net\/china-protests-japanese-parliament-criticism-of-its-rights-record-in-tibet-etc\/\" target=\"_blank\" rel=\"noreferrer noopener\">tibetani<\/a>\u00a0e hongkonghesi, mettendo in evidenza la propria\u00a0<strong>vicinanza verso cause \u201canti-cinesi\u201d<\/strong>. Lo scorso aprile, inoltre, Takaichi si \u00e8 recata in\u00a0<a href=\"https:\/\/english.president.gov.tw\/News\/6947\" target=\"_blank\" rel=\"noreferrer noopener\">visita<\/a>\u00a0proprio a Taiwan e in quell\u2019occasione aveva reiterato la cooperazione tra i due Paesi in ambito commerciale ed economico, facendo riferimento alle condizioni geografiche dei due territori insulari. Il presidente taiwanese Lai Ching-Te, invece, in occasione dell\u2019insediamento della premier\u00a0<a href=\"https:\/\/taiwantoday.tw\/Politics\/Top-News\/276650\/President-Lai-congratulates-new-Japan-PM-Sanae-Takaichi\" target=\"_blank\" rel=\"noreferrer noopener\">ha rivolto<\/a>\u00a0le proprie congratulazioni affiancate dall\u2019augurio per una collaborazione duratura improntata sulla ricerca del benessere di entrambi i Paesi.<\/p>\n<p>Le nuove tensioni si iscrivono in un\u00a0<strong>contesto geopolitico fortemente delicato<\/strong>. La situazione sembra precipitare subito dopo gli<strong>\u00a0<\/strong>incontri tra Xi Jinping, Donald Trump e la stessa Takaichi, durante i quali il futuro di Taiwan \u00e8 stato astutamente messo da parte dinanzi alla necessit\u00e0 di risolvere problematiche commerciali evidentemente considerate pi\u00f9 urgenti. La Cina adesso pretende la ritrattazione sulla questione da parte del Giappone; in attesa di improbabili scuse, l\u2019equilibrio dell\u2019intera area si \u00e8 fatto irrimediabilmente precario.<\/p>\n<p><strong>FONTE:\u00a0<a href=\"https:\/\/www.lindipendente.online\/2025\/11\/19\/la-disputa-su-taiwan-riaccende-la-tensione-tra-cina-e-giappone\">https:\/\/www.lindipendente.online\/2025\/11\/19\/la-disputa-su-taiwan-riaccende-la-tensione-tra-cina-e-giappone<\/a><\/strong><\/p>\n","protected":false},"excerpt":{"rendered":"<p>di L&#8217;INDIPENDENTE (Armando Negro) A poco meno di un mese dall\u2019insediamento della nuova premier del Giappone, Sanae Takaichi,\u00a0le relazioni tra Pechino e Tokyo sono precipitate, compromettendo rapidamente gli equilibri dell\u2019area. Ancora una volta a catalizzare i nervosismi tra i due Paesi \u00e8 l\u2019isola di\u00a0Taiwan, che gode\u00a0de facto\u00a0di autonomia politica e commerciale, ma che dal 1949 \u00e8 sotto le mire del colosso cinese. Le nuove tensioni non si presentano come un fulmine a ciel sereno. Gi\u00e0&#46;&#46;&#46;<\/p>\n","protected":false},"author":112,"featured_media":84764,"comment_status":"open","ping_status":"open","sticky":false,"template":"","format":"standard","meta":{"jetpack_post_was_ever_published":false,"_jetpack_newsletter_access":"","_jetpack_dont_email_post_to_subs":false,"_jetpack_newsletter_tier_id":0,"_jetpack_memberships_contains_paywalled_content":false,"_jetpack_memberships_contains_paid_content":false,"footnotes":"","jetpack_publicize_message":"","jetpack_publicize_feature_enabled":true,"jetpack_social_post_already_shared":true,"jetpack_social_options":{"image_generator_settings":{"template":"highway","enabled":false},"version":2}},"categories":[32],"tags":[],"jetpack_publicize_connections":[],"jetpack_featured_media_url":"https:\/\/appelloalpopolo.it\/wp-content\/uploads\/2024\/04\/LIndipendente.online.jpg","jetpack_sharing_enabled":true,"jetpack_shortlink":"https:\/\/wp.me\/p7ZaJ4-o8U","_links":{"self":[{"href":"https:\/\/appelloalpopolo.it\/index.php?rest_route=\/wp\/v2\/posts\/92808"}],"collection":[{"href":"https:\/\/appelloalpopolo.it\/index.php?rest_route=\/wp\/v2\/posts"}],"about":[{"href":"https:\/\/appelloalpopolo.it\/index.php?rest_route=\/wp\/v2\/types\/post"}],"author":[{"embeddable":true,"href":"https:\/\/appelloalpopolo.it\/index.php?rest_route=\/wp\/v2\/users\/112"}],"replies":[{"embeddable":true,"href":"https:\/\/appelloalpopolo.it\/index.php?rest_route=%2Fwp%2Fv2%2Fcomments&post=92808"}],"version-history":[{"count":1,"href":"https:\/\/appelloalpopolo.it\/index.php?rest_route=\/wp\/v2\/posts\/92808\/revisions"}],"predecessor-version":[{"id":92810,"href":"https:\/\/appelloalpopolo.it\/index.php?rest_route=\/wp\/v2\/posts\/92808\/revisions\/92810"}],"wp:featuredmedia":[{"embeddable":true,"href":"https:\/\/appelloalpopolo.it\/index.php?rest_route=\/wp\/v2\/media\/84764"}],"wp:attachment":[{"href":"https:\/\/appelloalpopolo.it\/index.php?rest_route=%2Fwp%2Fv2%2Fmedia&parent=92808"}],"wp:term":[{"taxonomy":"category","embeddable":true,"href":"https:\/\/appelloalpopolo.it\/index.php?rest_route=%2Fwp%2Fv2%2Fcategories&post=92808"},{"taxonomy":"post_tag","embeddable":true,"href":"https:\/\/appelloalpopolo.it\/index.php?rest_route=%2Fwp%2Fv2%2Ftags&post=92808"}],"curies":[{"name":"wp","href":"https:\/\/api.w.org\/{rel}","templated":true}]}}