{"id":92811,"date":"2025-11-20T08:30:48","date_gmt":"2025-11-20T07:30:48","guid":{"rendered":"https:\/\/appelloalpopolo.it\/?p=92811"},"modified":"2025-11-19T20:55:22","modified_gmt":"2025-11-19T19:55:22","slug":"la-realta-dietro-allillusione-macron-zelensky-e-i-100-rafale-che-non-voleranno","status":"publish","type":"post","link":"https:\/\/appelloalpopolo.it\/?p=92811","title":{"rendered":"La realt\u00e0 dietro all\u2019illusione: Macron, Zelensky e i 100 Rafale che non voleranno"},"content":{"rendered":"<p><strong>di ANALISI DIFESA (Giuseppe Gagliano)<\/strong><\/p>\n<div class=\"post-gallery\">\n<div class=\"thumb-wrap\"><img loading=\"lazy\" decoding=\"async\" class=\"attachment-post-thumbnail size-post-thumbnail wp-post-image\" src=\"https:\/\/www.analisidifesa.it\/wp-content\/uploads\/2025\/11\/d6357ab74aeaa3f13367a9eda58de258_1763380555_slider_large.jpeg\" alt=\"\" width=\"625\" height=\"405\" \/><\/div>\n<\/div>\n<div class=\"the-content\">\n<p>&nbsp;<\/p>\n<p>La politica internazionale conosce momenti in cui l\u2019immagine travolge la sostanza. L\u2019annuncio di un presunto accordo tra Emmanuel Macron e Volodymyr Zelensky per la fornitura di 100 aerei da combattimento Rafale, oltre ad armi per i velivoli, droni e 8 sistemi di difesa aerea e antimissile SAMP\/T di nuova generazione.<\/p>\n<p>Una dichiarazione che fa effetto, riempie le prime pagine, d\u00e0 l\u2019impressione che la Francia e l\u2019Europa stiano compiendo un salto strategico decisivo. Ma dietro il sipario, tra vincoli economici, limiti industriali e una situazione militare ucraina che peggiora settimana dopo settimana, l\u2019accordo appare per quello che \u00e8: un gesto simbolico pi\u00f9 utile alla comunicazione che alla guerra.<\/p>\n<p><img loading=\"lazy\" decoding=\"async\" class=\"alignnone wp-image-192013 size-full\" src=\"https:\/\/www.analisidifesa.it\/wp-content\/uploads\/2025\/11\/668756d13c6607c564bbf01a252e0adf_1763374492_extra_large.jpeg\" alt=\"\" width=\"1042\" height=\"695\" \/><\/p>\n<p>Il primo nodo \u00e8 finanziario. Acquistare cento Rafale significa non solo pagare i velivoli, ma sostenere costi colossali per armamento, manutenzione, addestramento e logistica. Le stime variano dai 19 ai 30 miliardi di euro. Una cifra incompatibile con le capacit\u00e0 ucraine, soprattutto considerando un deficit pubblico equivalente al venti per cento del PIL e un\u2019economia in guerra, dipendente da aiuti esterni per le spese pi\u00f9 elementari.<\/p>\n<p>Kiev non pu\u00f2 permettersi una flotta d\u2019\u00e9lite e Parigi lo sa bene. Non a caso, Macron ha lasciato intendere che i fondi arriverebbero da contributi francesi ed europei: in altre parole, dai contribuenti. Il paradosso \u00e8 evidente. Mentre in Francia si chiedono sacrifici ai cittadini e si tagliano servizi pubblici, il governo propone di finanziare, direttamente o indirettamente, un programma miliardario per uno Stato terzo. Una scelta politicamente esplosiva.<\/p>\n<p><img loading=\"lazy\" decoding=\"async\" class=\"alignnone wp-image-192012 size-full\" src=\"https:\/\/www.analisidifesa.it\/wp-content\/uploads\/2025\/11\/0fbcb8d57a73e6032e630e333c80ce7f_1763380555_extra_large.jpeg\" alt=\"\" width=\"1042\" height=\"695\" \/><\/p>\n<p>Ma anche ammesso che le risorse esistessero, ci sarebbe il problema industriale. Dassault Aviation ha un carnet di ordini gi\u00e0 saturo: pi\u00f9 di venti aeromobili consegnati nel 2024 e una lunga lista di clienti, a partire dalle stesse forze aeree francesi. Inserire 100 Rafale per Kiev significherebbe saturare completamente le catene di montaggio per anni, togliendo priorit\u00e0 a commesse gi\u00e0 firmate e a esigenze nazionali.<\/p>\n<p>Anche spingendo al massimo la produzione, servirebbero almeno due anni solo per iniziare le consegne, e poi un altro ciclo di addestramento e integrazione. In pratica, nessun velivolo operativo prima del 2027. Troppo tardi per un\u2019Ucraina che fatica oggi a mantenere il fronte, con forze ridotte, mobilitazioni forzate, unit\u00e0 esauste e tattiche contestate.<\/p>\n<p><img loading=\"lazy\" decoding=\"async\" class=\"alignnone wp-image-192011 size-full\" src=\"https:\/\/www.analisidifesa.it\/wp-content\/uploads\/2025\/11\/6946a2676adc4d9b7d0e1697115e1222_1763384044_extra_large.jpeg\" alt=\"\" width=\"1042\" height=\"695\" \/><\/p>\n<p>C\u2019\u00e8 poi il contesto politico-militare ucraino, che smentisce la narrativa ottimista del duo Macron-Zelensky. L\u2019esercito ucraino affronta diserzioni crescenti, perdite territoriali, difficolt\u00e0 nel reclutamento e uno sfiancamento progressivo delle sue brigate migliori.<\/p>\n<p>La controffensiva del 2023 \u00e8 stata un fallimento; quella del 2024 non \u00e8 mai realmente iniziata; il 2025 \u00e8 segnato dalla perdita di iniziativa e da posizioni che cedono con regolarit\u00e0. Pensare che cento Rafale \u2013 tra alcuni anni \u2013 possano ribaltare una situazione che si deteriora mese dopo mese significa ignorare la realt\u00e0 della guerra.<\/p>\n<p><img loading=\"lazy\" decoding=\"async\" class=\"alignnone wp-image-192010 size-full\" src=\"https:\/\/www.analisidifesa.it\/wp-content\/uploads\/2025\/11\/09398b54ae044ea07a5cb47b943fc24c_1763387154_extra_large.jpeg\" alt=\"\" width=\"1042\" height=\"695\" \/><\/p>\n<p>Tutto questo porta a una conclusione chiara: l\u2019annuncio serve pi\u00f9 ai protagonisti che al conflitto. Zelensky pu\u00f2 presentarsi come leader capace di ottenere sostegno da una potenza militare avanzata; Macron pu\u00f2 mettersi in scena come difensore dell\u2019Ucraina e promotore dell\u2019industria francese. Ma \u00e8 comunicazione, non strategia.<\/p>\n<p>Il punto pi\u00f9 delicato, tuttavia, \u00e8 quello etico e politico. L\u2019Ucraina sta attraversando una nuova ondata di scandali di corruzione, molti dei quali riguardano proprio il settore della difesa: appalti gonfiati, forniture inesistenti, dirigenti rimossi, fondi spariti. Finanziarie un mega-contratto in questo contesto non \u00e8 solo imprudente, \u00e8 irresponsabile.<\/p>\n<p><img loading=\"lazy\" decoding=\"async\" class=\"alignnone wp-image-192009 size-full\" src=\"https:\/\/www.analisidifesa.it\/wp-content\/uploads\/2025\/11\/10030f14df05846aa8c513ff4a70587a_1763384044_extra_large.jpeg\" alt=\"\" width=\"1042\" height=\"695\" \/><\/p>\n<p>Perch\u00e9 il rischio non \u00e8 astratto: destinare miliardi europei a un sistema amministrativo indebolito significa esporsi a sprechi, inefficienze e opacit\u00e0 che i contribuenti, soprattutto in un periodo di austerit\u00e0, non sarebbero disposti a perdonare.<\/p>\n<p>Infine c\u2019\u00e8 la questione strategica. Anche se i Rafale arrivassero davvero, rischierebbero di essere abbattuti nel giro di poche settimane da un sistema di difesa russo ancora intatto e sempre pi\u00f9 adattato alla guerra reale. L\u2019investimento militare non cambierebbe il rapporto di forze e quello politico potrebbe essere un boomerang, alimentando divisioni interne in Francia e in Europa.<\/p>\n<p><img loading=\"lazy\" decoding=\"async\" class=\"alignnone wp-image-192014 size-full\" src=\"https:\/\/www.analisidifesa.it\/wp-content\/uploads\/2025\/11\/7ef3b99053a21051125772fda18132f7_1763384046_extra_large.jpeg\" alt=\"\" width=\"1042\" height=\"695\" \/><\/p>\n<p>L\u2019immagine del contratto come svolta storica svanisce cos\u00ec alla luce dei fatti. Il progetto Macron-Zelensky non \u00e8 una strategia, ma una narrazione utile a nascondere fatiche, stalli e dubbi. E sotto la patina delle promesse resta la domanda essenziale: quanto realismo c\u2019\u00e8 ancora nella politica europea verso l\u2019Ucraina? La risposta, per ora, \u00e8 semplice: troppo poco.<\/p>\n<p>Foto: Presidenza Ucraina<\/p>\n<\/div>\n<p><strong>FONTE:\u00a0<a href=\"https:\/\/www.analisidifesa.it\/2025\/11\/la-realta-dietro-allillusione-macron-zelensky-e-i-100-rafale-che-non-voleranno\/?_gl=1*3ekk1z*_up*MQ..*map__ga*NjE4NjEwODkxLjE3NjM1ODE0MTM.*map__ga_QBRKXG4M97*czE3NjM1ODE0MTMkbzEkZzAkdDE3NjM1ODE0MTMkajYwJGwwJGgw\">https:\/\/www.analisidifesa.it\/2025\/11\/la-realta-dietro-allillusione-macron-zelensky-e-i-100-rafale-che-non-voleranno\/?_gl=1*3ekk1z*_up*MQ..*map__ga*NjE4NjEwODkxLjE3NjM1ODE0MTM.*map__ga_QBRKXG4M97*czE3NjM1ODE0MTMkbzEkZzAkdDE3NjM1ODE0MTMkajYwJGwwJGgw<\/a><\/strong><\/p>\n","protected":false},"excerpt":{"rendered":"<p>di ANALISI DIFESA (Giuseppe Gagliano) &nbsp; La politica internazionale conosce momenti in cui l\u2019immagine travolge la sostanza. L\u2019annuncio di un presunto accordo tra Emmanuel Macron e Volodymyr Zelensky per la fornitura di 100 aerei da combattimento Rafale, oltre ad armi per i velivoli, droni e 8 sistemi di difesa aerea e antimissile SAMP\/T di nuova generazione. Una dichiarazione che fa effetto, riempie le prime pagine, d\u00e0 l\u2019impressione che la Francia e l\u2019Europa stiano compiendo un&#46;&#46;&#46;<\/p>\n","protected":false},"author":112,"featured_media":34021,"comment_status":"open","ping_status":"open","sticky":false,"template":"","format":"standard","meta":{"jetpack_post_was_ever_published":false,"_jetpack_newsletter_access":"","_jetpack_dont_email_post_to_subs":false,"_jetpack_newsletter_tier_id":0,"_jetpack_memberships_contains_paywalled_content":false,"_jetpack_memberships_contains_paid_content":false,"footnotes":"","jetpack_publicize_message":"","jetpack_publicize_feature_enabled":true,"jetpack_social_post_already_shared":true,"jetpack_social_options":{"image_generator_settings":{"template":"highway","enabled":false},"version":2}},"categories":[32],"tags":[],"jetpack_publicize_connections":[],"jetpack_featured_media_url":"https:\/\/appelloalpopolo.it\/wp-content\/uploads\/2017\/09\/analisidifesa.png","jetpack_sharing_enabled":true,"jetpack_shortlink":"https:\/\/wp.me\/p7ZaJ4-o8X","_links":{"self":[{"href":"https:\/\/appelloalpopolo.it\/index.php?rest_route=\/wp\/v2\/posts\/92811"}],"collection":[{"href":"https:\/\/appelloalpopolo.it\/index.php?rest_route=\/wp\/v2\/posts"}],"about":[{"href":"https:\/\/appelloalpopolo.it\/index.php?rest_route=\/wp\/v2\/types\/post"}],"author":[{"embeddable":true,"href":"https:\/\/appelloalpopolo.it\/index.php?rest_route=\/wp\/v2\/users\/112"}],"replies":[{"embeddable":true,"href":"https:\/\/appelloalpopolo.it\/index.php?rest_route=%2Fwp%2Fv2%2Fcomments&post=92811"}],"version-history":[{"count":1,"href":"https:\/\/appelloalpopolo.it\/index.php?rest_route=\/wp\/v2\/posts\/92811\/revisions"}],"predecessor-version":[{"id":92812,"href":"https:\/\/appelloalpopolo.it\/index.php?rest_route=\/wp\/v2\/posts\/92811\/revisions\/92812"}],"wp:featuredmedia":[{"embeddable":true,"href":"https:\/\/appelloalpopolo.it\/index.php?rest_route=\/wp\/v2\/media\/34021"}],"wp:attachment":[{"href":"https:\/\/appelloalpopolo.it\/index.php?rest_route=%2Fwp%2Fv2%2Fmedia&parent=92811"}],"wp:term":[{"taxonomy":"category","embeddable":true,"href":"https:\/\/appelloalpopolo.it\/index.php?rest_route=%2Fwp%2Fv2%2Fcategories&post=92811"},{"taxonomy":"post_tag","embeddable":true,"href":"https:\/\/appelloalpopolo.it\/index.php?rest_route=%2Fwp%2Fv2%2Ftags&post=92811"}],"curies":[{"name":"wp","href":"https:\/\/api.w.org\/{rel}","templated":true}]}}