{"id":92813,"date":"2025-11-20T10:34:09","date_gmt":"2025-11-20T09:34:09","guid":{"rendered":"https:\/\/appelloalpopolo.it\/?p=92813"},"modified":"2025-11-19T22:37:12","modified_gmt":"2025-11-19T21:37:12","slug":"roma-il-centrosinistra-e-il-mito-della-cura-condivisa-quando-il-neoliberismo-si-traveste-da-partecipazione-civica","status":"publish","type":"post","link":"https:\/\/appelloalpopolo.it\/?p=92813","title":{"rendered":"Roma, il centrosinistra e il mito della \u201ccura condivisa\u201d: quando il neoliberismo si traveste da partecipazione civica"},"content":{"rendered":"<p><strong>DA LA FIONDA (Di Giuseppe Libutti)<\/strong><\/p>\n<p><img loading=\"lazy\" decoding=\"async\" class=\"aligncenter\" src=\"https:\/\/www.lafionda.org\/wp-content\/uploads\/2025\/11\/E0C2037B-0F86-4F0F-AAB7-0FD74C61C2AE.png\" width=\"431\" height=\"287\" \/><\/p>\n<p>&nbsp;<\/p>\n<p style=\"text-align: justify\">\u201cL\u2019affidamento in adozione \u00e8 uno strumento attraverso il quale Roma Capitale promuove la conservazione e il miglioramento del verde pubblico, consentendo ai cittadini, singolarmente o in forma associata, di occuparsi della gestione, manutenzione e cura delle aree verdi comunali.\u201d Cos\u00ec recita il sito ufficiale del Comune. In pratica, cittadini e associazioni possono presentare domanda per \u201cadottare\u201d alberi, aiuole e spazi verdi, offrendo gratuitamente un servizio alla citt\u00e0.<\/p>\n<p style=\"text-align: justify\">La chiamano \u201ccura condivisa del verde urbano\u201d, la presentano come un\u2019opportunit\u00e0 per cittadini \u201cattivi\u201d e \u201cresponsabili\u201d. Ma la realt\u00e0 \u00e8 ben diversa: Roma Capitale sta gradualmente sostituendo servizi pubblici essenziali con attivit\u00e0 svolte gratuitamente dai cittadini. Compiti che dovrebbero spettare ad AMA e al personale comunale retribuito vengono delegati alla popolazione senza compensi, senza tutele e senza una vera pianificazione.<\/p>\n<p style=\"text-align: justify\">Ci\u00f2 che l\u2019amministrazione propone come un modello virtuoso di partecipazione civica si rivela, nei fatti, una sofisticata espressione del neoliberismo in salsa progressista: trasformare un dovere pubblico in un gesto volontario, sostituire lavoro qualificato con prestazioni gratuite, nascondere l\u2019esternalizzazione dei servizi dietro parole rassicuranti come \u201ccomunit\u00e0\u201d, \u201cbene comune\u201d, \u201ccura condivisa\u201d.<\/p>\n<p style=\"text-align: justify\">Gli strumenti utilizzati \u2014 adozioni di aree verdi, patti di collaborazione, accordi per la gestione dei beni comuni \u2014 vengono raccontati come innovazioni democratiche. Ma la realt\u00e0 \u00e8 semplice: questi patti non integrano i servizi pubblici, li rimpiazzano. Servono a coprire la mancanza di investimenti, organico e competenze, trasformando la partecipazione in un tappabuchi permanente.<\/p>\n<p style=\"text-align: justify\">L\u2019istituto del patto di collaborazione era nato per affiancare la pubblica amministrazione. Oggi viene piegato a un altro scopo: legittimare l\u2019arretramento del pubblico, sostituendo figure professionali con cittadini volenterosi a cui si chiede di colmare i vuoti generati dall\u2019assenza di assunzioni e programmazione. \u00c8 partecipazione solo nella forma; nella sostanza \u00e8 dismissione del ruolo pubblico.<\/p>\n<p style=\"text-align: justify\">Il risultato \u00e8 una citt\u00e0 che appare \u201cpartecipata\u201d solo perch\u00e9 l\u2019amministrazione si defila. Roma sembra funzionare grazie ai cittadini, ma \u00e8 l\u2019ente pubblico a non funzionare. Dietro la retorica della \u201ccura condivisa\u201d c\u2019\u00e8 un messaggio politico chiarissimo: la citt\u00e0 ve la gestite voi, gratis, mentre il Comune si limita a celebrarne la narrazione.<\/p>\n<p style=\"text-align: justify\">Questa operazione, peraltro, strizza l\u2019occhio a una certa estetica radical chic, a un edonismo di sinistra che ama vedersi come parte di una comunit\u00e0 virtuosa, impegnata, \u201ccivica\u201d, ma che finisce per legittimare l\u2019idea che i servizi pubblici siano un optional e che il volontariato debba sostituire il lavoro strutturato e retribuito. \u00c8 una seduzione culturale tanto sottile quanto politica: trasformare un fallimento amministrativo in un rito identitario in cui sentirsi \u201cbuoni cittadini\u201d.<\/p>\n<p style=\"text-align: justify\">Ma il verde urbano non \u00e8 un\u2019espressione estetica n\u00e9 un passatempo per chi pu\u00f2 permetterselo. \u00c8 un pilastro della qualit\u00e0 della vita, un elemento centrale per affrontare inquinamento, isole di calore, disuguaglianze territoriali. In una citt\u00e0 come Roma \u2014 affollata, inquinata, sempre pi\u00f9 vulnerabile agli effetti del cambiamento climatico \u2014 la cura del verde deve essere parte di una strategia pubblica chiara, con investimenti, personale, competenze e responsabilit\u00e0 istituzionali.<\/p>\n<p style=\"text-align: justify\">Delegare tutto questo al volontariato non \u00e8 partecipazione: \u00e8 deresponsabilizzazione politica. \u00c8 il modo in cui l\u2019amministrazione si sottrae ai propri compiti fondamentali, trasformando la mancanza di servizi in una narrazione virtuosa. \u00c8 la politica che abdica a se stessa e pretende che siano i cittadini a colmare i suoi vuoti.<\/p>\n<p><strong>FONTE:\u00a0<a href=\"https:\/\/www.lafionda.org\/2025\/11\/19\/roma-il-centrosinistra-e-il-mito-della-cura-condivisa-quando-il-neoliberismo-si-traveste-da-partecipazione-civica\/\">https:\/\/www.lafionda.org\/2025\/11\/19\/roma-il-centrosinistra-e-il-mito-della-cura-condivisa-quando-il-neoliberismo-si-traveste-da-partecipazione-civica\/<\/a><\/strong><\/p>\n","protected":false},"excerpt":{"rendered":"<p>DA LA FIONDA (Di Giuseppe Libutti) &nbsp; \u201cL\u2019affidamento in adozione \u00e8 uno strumento attraverso il quale Roma Capitale promuove la conservazione e il miglioramento del verde pubblico, consentendo ai cittadini, singolarmente o in forma associata, di occuparsi della gestione, manutenzione e cura delle aree verdi comunali.\u201d Cos\u00ec recita il sito ufficiale del Comune. In pratica, cittadini e associazioni possono presentare domanda per \u201cadottare\u201d alberi, aiuole e spazi verdi, offrendo gratuitamente un servizio alla citt\u00e0. La&#46;&#46;&#46;<\/p>\n","protected":false},"author":111,"featured_media":89999,"comment_status":"open","ping_status":"open","sticky":false,"template":"","format":"standard","meta":{"jetpack_post_was_ever_published":false,"_jetpack_newsletter_access":"","_jetpack_dont_email_post_to_subs":false,"_jetpack_newsletter_tier_id":0,"_jetpack_memberships_contains_paywalled_content":false,"_jetpack_memberships_contains_paid_content":false,"footnotes":"","jetpack_publicize_message":"","jetpack_publicize_feature_enabled":true,"jetpack_social_post_already_shared":true,"jetpack_social_options":{"image_generator_settings":{"template":"highway","enabled":false},"version":2}},"categories":[32],"tags":[],"jetpack_publicize_connections":[],"jetpack_featured_media_url":"https:\/\/appelloalpopolo.it\/wp-content\/uploads\/2025\/05\/IMG_0516-1.jpeg","jetpack_sharing_enabled":true,"jetpack_shortlink":"https:\/\/wp.me\/p7ZaJ4-o8Z","_links":{"self":[{"href":"https:\/\/appelloalpopolo.it\/index.php?rest_route=\/wp\/v2\/posts\/92813"}],"collection":[{"href":"https:\/\/appelloalpopolo.it\/index.php?rest_route=\/wp\/v2\/posts"}],"about":[{"href":"https:\/\/appelloalpopolo.it\/index.php?rest_route=\/wp\/v2\/types\/post"}],"author":[{"embeddable":true,"href":"https:\/\/appelloalpopolo.it\/index.php?rest_route=\/wp\/v2\/users\/111"}],"replies":[{"embeddable":true,"href":"https:\/\/appelloalpopolo.it\/index.php?rest_route=%2Fwp%2Fv2%2Fcomments&post=92813"}],"version-history":[{"count":1,"href":"https:\/\/appelloalpopolo.it\/index.php?rest_route=\/wp\/v2\/posts\/92813\/revisions"}],"predecessor-version":[{"id":92814,"href":"https:\/\/appelloalpopolo.it\/index.php?rest_route=\/wp\/v2\/posts\/92813\/revisions\/92814"}],"wp:featuredmedia":[{"embeddable":true,"href":"https:\/\/appelloalpopolo.it\/index.php?rest_route=\/wp\/v2\/media\/89999"}],"wp:attachment":[{"href":"https:\/\/appelloalpopolo.it\/index.php?rest_route=%2Fwp%2Fv2%2Fmedia&parent=92813"}],"wp:term":[{"taxonomy":"category","embeddable":true,"href":"https:\/\/appelloalpopolo.it\/index.php?rest_route=%2Fwp%2Fv2%2Fcategories&post=92813"},{"taxonomy":"post_tag","embeddable":true,"href":"https:\/\/appelloalpopolo.it\/index.php?rest_route=%2Fwp%2Fv2%2Ftags&post=92813"}],"curies":[{"name":"wp","href":"https:\/\/api.w.org\/{rel}","templated":true}]}}