{"id":92828,"date":"2025-11-21T09:30:11","date_gmt":"2025-11-21T08:30:11","guid":{"rendered":"https:\/\/appelloalpopolo.it\/?p=92828"},"modified":"2025-11-20T21:29:47","modified_gmt":"2025-11-20T20:29:47","slug":"la-geoeconomia-di-prevost","status":"publish","type":"post","link":"https:\/\/appelloalpopolo.it\/?p=92828","title":{"rendered":"La geoeconomia di Prevost"},"content":{"rendered":"<p style=\"text-align: justify;\"><strong>di L&#8217;ANTIDIPLOMATICO (Giuseppe Masala)<\/strong><\/p>\n<p><img loading=\"lazy\" decoding=\"async\" class=\"alignnone size-medium wp-image-92829\" src=\"https:\/\/appelloalpopolo.it\/wp-content\/uploads\/2025\/11\/350x200c50-23-300x171.jpg\" alt=\"\" width=\"300\" height=\"171\" srcset=\"https:\/\/appelloalpopolo.it\/wp-content\/uploads\/2025\/11\/350x200c50-23-300x171.jpg 300w, https:\/\/appelloalpopolo.it\/wp-content\/uploads\/2025\/11\/350x200c50-23.jpg 350w\" sizes=\"(max-width: 300px) 100vw, 300px\" \/><\/p>\n<p style=\"text-align: justify;\"><em>Molti analisti tendono a sottovalutare il ruolo del Pontefice di Roma in merito agli eventi di politica internazionale. Nulla di pi\u00f9 sbagliato come ci hanno insegnato i pontificati di Karol Wojtyla e di Mario Bergoglio. Anche Prevost infatti sta dando un&#8217;impronta geopolitica e geoeconomica alla sua azione dove il suo background di matematico gioca un ruolo fondamentale come si \u00e8 visto con il monito contro &#8220;lo sviluppo tecnologico senza scrupoli&#8221;.<\/em><\/p>\n<p style=\"text-align: justify;\">Molti sottovalutano l&#8217;importanza della Chiesa Cattolica nel quadro geopolitico mondiale. E&#8217; una storia vecchia questa, rimase famosa per esempio la frase di Stalin: \u00abQuante divisioni ha il Papa?\u00bb proprio per dire che la Chiesa non ha alcun ruolo nell&#8217;ambito delle relazioni internazionali e delle questioni di ordine geopolitico che decidono gli assetti del mondo.<\/p>\n<p style=\"text-align: justify;\">I fatti e la storia hanno smentito questa visione. Pensiamo al potente ruolo giocato dal Papa polacco Karol Woytila, nella disgregazione del cosiddetto mondo del socialismo reale simboleggiato dalla caduta del Muro di Berlino prima e del dissolvimento dell&#8217;Unione Sovietica dopo. Ognuno di noi pu\u00f2 avere l&#8217;idea che vuole su quella fase storica e su quella esperienza umana, ma nessuno pu\u00f2 negare il potente ruolo svolto dalla chiesa cattolica a partire dall&#8217;appoggio formidabile al sindacato polacco Solidarnosc: ci\u00f2 che segn\u00f2 uno dei primi e pi\u00f9 importanti segni che indicavano come qualcosa di importante stesse accadendo nelle societ\u00e0 che vivevano oltre la Cortina di Ferro.<\/p>\n<p style=\"text-align: justify;\">Venendo ai giorni nostri, anche Papa Bergoglio ha dato prova di grande capacit\u00e0 di lettura della realt\u00e0 geopolitica verificatasi nelle relazioni internazionali sia tra singoli Stati che tra blocchi di stati contrapposti tra loro. Il Pontefice argentino, pur non avendo influito direttamente nelle vicende, ha comunque svolto un ruolo importantissimo aprendo gli occhi a una consistente parte dell&#8217;opinione pubblica mondiale. Lo ricordiamo tutti, la definizione, ormai entrata nella storia, che ha spiegato a tutti il senso di quello che stava accadendo \u00e8 quella di \u00abGuerra Mondiale a pezzi\u00bb. Una definizione che in tre parole spiega il senso di ci\u00f2 che stava (e sta tuttora) accadendo dandogli una coerenza logica: le tante guerre in corso (soprattutto tra Africa, Europa ed Asia, sono un puzzle che una volta ricomposto ci fa vedere una guerra pi\u00f9 generale &#8211; di ordine di grandezza planetario &#8211; che vede tra loro contrapposti due grandi blocchi di stati: quello Occidentale capeggiato dagli USA e quello Euroasiatico capeggiato dalla Cina.<\/p>\n<p style=\"text-align: justify;\">Va detto che Bergoglio, espresse il concetto di guerra mondiale a pezzi in tempi davvero non sospetti, gi\u00e0 nel 2014, quando davvero pochissimi analisti erano in grado di vedere l&#8217;enorme conflitto che stava deflagrando e che, nel corso di questo decennio, ha mietuto come minimo un paio di milioni di vittime se oltre all&#8217;Ucraina si aggiungono i morti verificatisi nel Sahel africano e in Siria. Va anche aggiunto che, nella interpretazione di Papa Francesco, vi \u00e8 una parte pi\u00f9 nascosta. Si tratta di una verit\u00e0 troppo spesso taciuta ma ben conosciuta agli storici dei conflitti e agli studiosi della geopolitica in generale. La guerra non deflagra improvvisamente, in maniera inaspettata, ma \u00e8 sempre frutto di scelte protratte nel tempo e portate avanti con piccoli passi che visti separatamente dagli altri non lasciano intravvedere quale sar\u00e0 lo sbocco finale del processo. Cos\u00ec allo stesso modo la guerra mondiale a pezzi \u00e8 certamente un insieme di proxy war dove le grandi potenze si sfidano lasciando combattere i loro paesi protessi ma lo sbocco finale, se non fermato in tempo, sar\u00e0 comunque l&#8217;unione dei vari pezzi del puzzle e dunque lo scoppio di una guerra generale ed incontrollata.<\/p>\n<p style=\"text-align: justify;\">Anche Prevost, sebbene assiso al soglio di Pietro da appena qualche mese, ha gi\u00e0 voluto dare un\u2019impronta al suo Pontificato anche sotto l&#8217;aspetto dell&#8217;economia, della geopolitica e in definitiva dell&#8217;analisi delle cause profonde dei conflitti che affliggono i nostri tempi. Lo ha fatto in maniera indiretta, e forse proprio per questo in maniera molto profonda, indicando le cause ultime che stanno portando ad un nuovo grande conflitto generalizzato nei nostri giorni.<\/p>\n<p style=\"text-align: justify;\">In pi\u00f9 di una circostanza Prevost ha posto l&#8217;accento sui pericoli di un uso non etico dell&#8217;Intelligenza Artificiale, uso che potrebbe rinchiudere l&#8217;umanit\u00e0 in un panopticon che tutto vede e che tutto indirizza cos\u00ec come apertamente dichiara di voler fare Curtis Yarvin il teorico dell&#8217;Illuminismo Nero; ideologo che peraltro gode della stima e della considerazione dell&#8217;ala pi\u00f9 reazionaria dell&#8217;\u00e9lite della Silicon Valley che ha appoggiato Trump e che vanta tra le sue fila uomini del calibro di Elon Musk e Peter Thiel.<\/p>\n<p style=\"text-align: justify;\">Ma \u00e8 evidente che non \u00e8 solo il rischio di una nuova \u201cdittatura\u201d delle \u00e9lites tecnologiche ci\u00f2 che Prevost vuole sottolineare: quando esprime una condanna dello \u201csviluppo tecnologico senza scrupoli\u201d sottolinea anche il rischio della povert\u00e0 a cui saranno soggetti i popoli soccombenti nella lotta per il predominio tecnologico. Ed in definitiva pone in evidenza una verit\u00e0 da sempre taciuta; quella che molte guerre nascono proprio dalla sconfitta nella cosiddetta lotta per il primato tecnologico. Accadde questo durante la Belle \u00c9poque quando la Gran Bretagna perse la sfida del predominio economico e tecnologico con la Germania guglielmina. Sconfitta scientifica e commerciale che pose le premesse per lo scoppio della Prima Guerra Mondiale anche perch\u00e9 l&#8217;impero britannico rischiava di perdere il ruolo della sterlina come moneta standard dei commerci internazionali. Esattamente lo stesso fenomeno che ora sta ponendo in contrapposizione gli USA e la Cina, rischiando di trascinare il mondo in un nuovo conflitto planetario. La Cina ormai insidia apertamente il primato tecnologico americano rischiando di disintegrare l&#8217;impero occidentale a causa del rischio \u201ccollaterale\u201d di perdita del primato del dollaro come moneta standard dei commerci internazionali. Come si pu\u00f2 vedere, una situazione molto simile a quella che anticip\u00f2 la prima guerra mondiale.<\/p>\n<p style=\"text-align: justify;\">Questi concetti non apertamente detti dal Pontefice sono pienamente ascrivibili alla sua condanna dello sviluppo tecnologico irresponsabile e della lotta furibonda tra le nazioni che ne consegue. Lotta che pu\u00f2 sfociare, appunto, in conflitti aperti di portata mondiale.<\/p>\n<p style=\"text-align: justify;\">Un Papa,\u00a0 dunque, che oltre ad essere autorit\u00e0 morale e religiosa esprime una importante dottrina geoeconomica e geopolitica supportata da importanti competenze tecniche e matematiche. Dunque un papa che pu\u00f2 dare un impulso fondamentale alla comprensione dei fenomeni e dei cambiamenti, pieni di potenziali conflitti, che l&#8217;uomo sta affrontando e sempre di pi\u00f9 dovr\u00e0 affrontare.<\/p>\n<p style=\"text-align: justify;\"><strong>FONTE:\u00a0<a href=\"https:\/\/www.lantidiplomatico.it\/dettnews-la_geoeconomia_di_prevost\/29296_63740\/\">https:\/\/www.lantidiplomatico.it\/dettnews-la_geoeconomia_di_prevost\/29296_63740\/<\/a><\/strong><\/p>\n","protected":false},"excerpt":{"rendered":"<p>di L&#8217;ANTIDIPLOMATICO (Giuseppe Masala) Molti analisti tendono a sottovalutare il ruolo del Pontefice di Roma in merito agli eventi di politica internazionale. Nulla di pi\u00f9 sbagliato come ci hanno insegnato i pontificati di Karol Wojtyla e di Mario Bergoglio. Anche Prevost infatti sta dando un&#8217;impronta geopolitica e geoeconomica alla sua azione dove il suo background di matematico gioca un ruolo fondamentale come si \u00e8 visto con il monito contro &#8220;lo sviluppo tecnologico senza scrupoli&#8221;. Molti&#46;&#46;&#46;<\/p>\n","protected":false},"author":95,"featured_media":91597,"comment_status":"open","ping_status":"open","sticky":false,"template":"","format":"standard","meta":{"jetpack_post_was_ever_published":false,"_jetpack_newsletter_access":"","_jetpack_dont_email_post_to_subs":false,"_jetpack_newsletter_tier_id":0,"_jetpack_memberships_contains_paywalled_content":false,"_jetpack_memberships_contains_paid_content":false,"footnotes":"","jetpack_publicize_message":"","jetpack_publicize_feature_enabled":true,"jetpack_social_post_already_shared":true,"jetpack_social_options":{"image_generator_settings":{"template":"highway","enabled":false},"version":2}},"categories":[32],"tags":[],"jetpack_publicize_connections":[],"jetpack_featured_media_url":"https:\/\/appelloalpopolo.it\/wp-content\/uploads\/2025\/09\/Lantidiplomatico.jpg","jetpack_sharing_enabled":true,"jetpack_shortlink":"https:\/\/wp.me\/p7ZaJ4-o9e","_links":{"self":[{"href":"https:\/\/appelloalpopolo.it\/index.php?rest_route=\/wp\/v2\/posts\/92828"}],"collection":[{"href":"https:\/\/appelloalpopolo.it\/index.php?rest_route=\/wp\/v2\/posts"}],"about":[{"href":"https:\/\/appelloalpopolo.it\/index.php?rest_route=\/wp\/v2\/types\/post"}],"author":[{"embeddable":true,"href":"https:\/\/appelloalpopolo.it\/index.php?rest_route=\/wp\/v2\/users\/95"}],"replies":[{"embeddable":true,"href":"https:\/\/appelloalpopolo.it\/index.php?rest_route=%2Fwp%2Fv2%2Fcomments&post=92828"}],"version-history":[{"count":3,"href":"https:\/\/appelloalpopolo.it\/index.php?rest_route=\/wp\/v2\/posts\/92828\/revisions"}],"predecessor-version":[{"id":92835,"href":"https:\/\/appelloalpopolo.it\/index.php?rest_route=\/wp\/v2\/posts\/92828\/revisions\/92835"}],"wp:featuredmedia":[{"embeddable":true,"href":"https:\/\/appelloalpopolo.it\/index.php?rest_route=\/wp\/v2\/media\/91597"}],"wp:attachment":[{"href":"https:\/\/appelloalpopolo.it\/index.php?rest_route=%2Fwp%2Fv2%2Fmedia&parent=92828"}],"wp:term":[{"taxonomy":"category","embeddable":true,"href":"https:\/\/appelloalpopolo.it\/index.php?rest_route=%2Fwp%2Fv2%2Fcategories&post=92828"},{"taxonomy":"post_tag","embeddable":true,"href":"https:\/\/appelloalpopolo.it\/index.php?rest_route=%2Fwp%2Fv2%2Ftags&post=92828"}],"curies":[{"name":"wp","href":"https:\/\/api.w.org\/{rel}","templated":true}]}}