{"id":92831,"date":"2025-11-21T10:30:58","date_gmt":"2025-11-21T09:30:58","guid":{"rendered":"https:\/\/appelloalpopolo.it\/?p=92831"},"modified":"2025-11-20T14:20:38","modified_gmt":"2025-11-20T13:20:38","slug":"benjamin-netanyahu-shanda-fur-die-goyim-vergogna-sugli-ebrei-vergogna-su-di-me","status":"publish","type":"post","link":"https:\/\/appelloalpopolo.it\/?p=92831","title":{"rendered":"Benjamin Netanyahu: Shanda f\u00fcr die Goyim -Vergogna sugli Ebrei, vergogna su di me!&#8221;"},"content":{"rendered":"<p style=\"text-align: justify\"><strong>di GIUBBE ROSSE NEWS (Old Hunter)<\/strong><\/p>\n<p style=\"text-align: justify\"><img loading=\"lazy\" decoding=\"async\" class=\"alignnone size-medium wp-image-92832\" src=\"https:\/\/appelloalpopolo.it\/wp-content\/uploads\/2025\/11\/Immagine1-27-300x169.jpg\" alt=\"\" width=\"300\" height=\"169\" srcset=\"https:\/\/appelloalpopolo.it\/wp-content\/uploads\/2025\/11\/Immagine1-27-300x169.jpg 300w, https:\/\/appelloalpopolo.it\/wp-content\/uploads\/2025\/11\/Immagine1-27.jpg 661w\" sizes=\"(max-width: 300px) 100vw, 300px\" \/><\/p>\n<p style=\"text-align: justify\"><strong><em>\u201cShanda fur die goyim\u201d<\/em><\/strong> \u2014 una vergogna davanti alle nazioni \u2014 era un tempo un silenzioso monito tra gli ebrei: non lasciamo che i nostri fallimenti e le nostre azioni, persino i peccati di omissione, che spesso sono i peccati pi\u00f9 gravi, diventino combustibile per l\u2019odio dei non ebrei. Eppure oggi, la vergogna non si nasconde; anzi, si diffonde in alta definizione. Mentre i governi occidentali si disgregano sotto la corruzione e il linguaggio ambiguo, e mentre la leadership israeliana sprofonda sempre pi\u00f9 nel decadimento morale, nella corruzione e nel collasso, gli ebrei di tutto il mondo sono costretti a confrontarsi con una dolorosa verit\u00e0: le stesse persone che affermano di agire in nostro nome ci stanno mettendo tutti in pericolo.<\/p>\n<p style=\"text-align: justify\">Con Shanda si intendeva dire che, qualunque cosa fosse all\u2019epoca della cultura yiddish \u2013 qualsiasi azione che potesse portare vergogna, discredito, imbarazzo collettivo o odio verso gli ebrei \u2013 era qualcosa che non dovevamo far vedere ai gentili, come non lavare i panni sporchi in pubblico. Questa espressione non \u00e8 pi\u00f9 in voga, ma \u00e8 un concetto che tutti gli ebrei dovrebbero rivisitare, anche coloro che sono lontani dalle sue origini yiddish e dai suoi insegnamenti morali.<\/p>\n<p style=\"text-align: justify\">Se osservate il crollo del linguaggio ambiguo ufficiale, sia in Israele che negli Stati Uniti, vedrete come gli influencer online si stiano attaccando a vicenda per sostenere od opporsi a Israele, e persino i media mainstream occidentali si stanno unendo alla frenesia mediatica sui politici corrotti americani e israeliani, intrappolati nelle loro sfacciate e vergognose bugie. Vi renderete presto conto che il mondo occidentale ha creato una macchina il cui comportamento va contro ogni sano impulso umano e tutto ci\u00f2 che significa essere ebrei e, per giunta, esseri umani!<\/p>\n<p style=\"text-align: justify\">In nessun luogo questo \u00e8 pi\u00f9 chiaro che nell\u2019Israele di Benjamin Netanyahu, dove il potere statale \u00e8 dispiegato non solo contro i palestinesi, ma contro i fondamenti etici dell\u2019ebraismo stesso. L\u2019ordine mondiale guidato dagli Stati Uniti, sempre pi\u00f9 smascherato come predatorio e cinico, ha dato potere a leader che barattano vite umane per la sopravvivenza politica. In Israele, questo ci ha portato a un punto di rottura. Come ebreo, assistere alla devastazione di Gaza perpetrata sotto la bandiera della \u201cprotezione dello Stato ebraico\u201d non \u00e8 solo insopportabile: \u00e8 una Shanda che macchia ognuno di noi, anche coloro che resistono.<\/p>\n<p style=\"text-align: justify\">Ma dobbiamo ricordare: gli ebrei non sono un\u2019entit\u00e0 monolitica e la leadership corrotta di Israele non \u00e8 il popolo ebraico. Molti, in Israele e nella diaspora, condannano Netanyahu e la strumentalizzazione dell\u2019identit\u00e0 ebraica per giustificare la brutalit\u00e0. Eppure, le conseguenze si ripercuotono a livello globale, alimentando l\u2019antisemitismo, distorcendo il discorso pubblico e trascinando gli ebrei in un abisso morale creato da leader che esigono lealt\u00e0, disonorando al contempo gli stessi valori che affermano di difendere.<\/p>\n<p style=\"text-align: justify\">Io, in quanto ebreo, mi rifiuto di rimanere in silenzio. Questo commento \u00e8 il mio tentativo di recuperare chiarezza morale in un momento in cui il mondo, i media e troppi politici e giornalisti sembrano determinati ad abbandonarla.<\/p>\n<p style=\"text-align: justify\">In breve, come ho letto di recente,<\/p>\n<p style=\"text-align: justify\"><em>\u201cL\u2019ordine mondiale guidato dagli Stati Uniti ha dato alla luce un mostro fuori controllo con un appetito insaziabile per la carne umana!\u201d<\/em><\/p>\n<p style=\"text-align: justify\">Ci\u00f2 \u00e8 particolarmente evidente in Palestina e Israele, ed \u00e8 particolarmente inaccettabile per me, in quanto ebreo, assistere a ci\u00f2 che accade sotto la bandiera dell\u2019ebraismo e della \u201cprotezione dello Stato di Israele\u201d. Tuttavia, mi ritrovo a ricordare che non tutti gli ebrei sono uguali. Ci sono molte persone in Israele che condannano Netanyahu, anche se non abbastanza. Tale corruzione, le sue politiche rabbiose e tutto ci\u00f2 che il suo governo ha fatto in nome della protezione degli ebrei e dello Stato di Israele sono un abominio. Tuttavia, almeno in teoria, non si pu\u00f2 giudicare un\u2019intera nazione, la sua cultura o le sue tradizioni dalle azioni di chi \u00e8 al potere o da ci\u00f2 che sta accadendo a Gaza.<\/p>\n<p style=\"text-align: justify\">Ma Netanyahu non rappresenta una minaccia solo per i palestinesi, sia musulmani che cristiani, ma anche per gli ebrei e i non ebrei che vivono nella regione nel suo complesso, alimentando l\u2019antisemitismo. Anche quando le politiche di un governo sono orribili, in teoria \u00e8 sbagliato condannare un intero popolo per le decisioni dei suoi leader.<\/p>\n<p style=\"text-align: justify\">Nella tradizione ebraica, esiste un profondo senso di responsabilit\u00e0 collettiva: quando l\u2019errore di una persona mette in pericolo la nazione, tutti proviamo vergogna e ci aspettiamo di essere giudicati collettivamente per le colpe di pochi. Io stesso sento questo peso. Ho parlato e ho scritto articoli in cui condanno Netanyahu e quello che considero il genocidio a Gaza finanziato e incoraggiato dagli Stati Uniti.<\/p>\n<p style=\"text-align: justify\">Sar\u00e0 anche solo un piccolo gesto, ma \u00e8 il mio modo di rifiutarmi di tacere di fronte a ci\u00f2 che ritengo malvagio. D\u2019altra parte, da una prospettiva pragmatica, il mondo sta chiudendo un occhio mentre si rende conto dell\u2019inevitabile \u2013 e questo rasenta l\u2019incitamento all\u2019odio, la xenofobia e il sostegno al genocidio. Certamente, ci\u00f2 che sta accadendo a Gaza \u00e8 terribile; \u00e8 certamente un crimine contro l\u2019umanit\u00e0.<\/p>\n<p style=\"text-align: justify\">D\u2019altra parte, penso che tra cento anni tutti i nostri pronipoti saranno musulmani. A Londra, rimane solo circa il 30% della popolazione bianca nativa. Non solo a Londra, ma in molte capitali del mondo. Quindi, qualunque cosa accada, i musulmani sopravvivranno; molte nazioni e religioni saranno scomparse.<\/p>\n<p style=\"text-align: justify\"><strong>Togliete l\u2019AIPAC dalla politica!<\/strong><\/p>\n<p style=\"text-align: justify\">Il sistema politico americano \u00e8 fortemente influenzato dalla lobby filo-israeliana, in particolare dall\u2019AIPAC, che esercita un controllo significativo sul processo politico. Finanzia politici e think tank, plasmando le politiche a proprio favore. I legami con lo scandalo Jeffrey Epstein, compresi i tentativi di minimizzarlo o insabbiarlo, sembrano intrecciati a queste influenze, pi\u00f9 di quanto il governo degli Stati Uniti o il Dipartimento di Giustizia possano ammettere pubblicamente. La rete di relazioni \u00e8 complessa, come un groviglio di lenze e ami da pesca. Le indagini sul caso Epstein e sui suoi legami con personaggi potenti sono in corso; i servizi segreti e i vari tentativi di nascondere la verit\u00e0 si stanno ritorcendo contro. Gli insabbiamenti si stanno rivelando pi\u00f9 dannosi dei crimini sessuali originali contro minori.<\/p>\n<p style=\"text-align: justify\">A novembre 2025, il processo a Netanyahu, in corso dal 2020, prevede accuse di corruzione, frode e abuso di fiducia in diversi casi. Non sorprende che recenti sondaggi mostrino che il 60% degli americani e l\u201980% dei democratici sostengono un cessate il fuoco a Gaza. Non sorprende che gli elettori pi\u00f9 giovani simpatizzino sempre di pi\u00f9 per i palestinesi, compresi i giovani ebrei americani, erodendo la narrativa dell\u2019AIPAC e dei suoi sostenitori cristiani sionisti.<\/p>\n<p style=\"text-align: justify\"><strong>I narratori della verit\u00e0 come elementi marginali<\/strong><\/p>\n<p style=\"text-align: justify\">Mi ritrovo sempre pi\u00f9 attratto dall\u2019opera di Norman Finkelstein, un tempo considerato da molti ebrei tradizionali un elemento marginale, persino un ebreo che odiava s\u00e9 stesso. \u00c8 un politologo ebreo-americano, noto per le sue critiche alle politiche israeliane e al coinvolgimento degli Stati Uniti in Medio Oriente, e ha spesso affrontato temi di corruzione sistemica, responsabilit\u00e0 morale collettiva e impatti disumanizzanti delle strutture di potere, riecheggiando elementi del mio stesso filone di ragionamento sull\u2019ordine globale guidato dagli Stati Uniti, il genocidio di Gaza, il sionismo e il peso dell\u2019identit\u00e0 ebraica in tali eventi. Vale la pena ricordare che entrambi i suoi genitori sono sopravvissuti all\u2019Olocausto, e che non \u00e8 benvenuto in Israele ed \u00e8 considerato una minaccia per la narrazione ufficiale.<\/p>\n<p style=\"text-align: justify\">\u201cBisogna dimostrare agli ebrei americani che la scelta tra la sopravvivenza di Israele e i diritti dei palestinesi \u00e8 falsa; che in realt\u00e0 sono la negazione dei diritti dei palestinesi da parte di Israele e il ricorso istintivo alla forza criminale a spingerlo verso la distruzione\u201d (Da Knowing Too Much, 2012). Questo \u00e8 in linea con la mia prospettiva di non giudicare un intero popolo dalle azioni dei suoi leader, pur evidenziando la natura autodistruttiva delle politiche sotto la guida di personaggi come Netanyahu.<\/p>\n<p style=\"text-align: justify\"><strong>Netanyahu \u00e8 ancora accusato di corruzione<\/strong><\/p>\n<p style=\"text-align: justify\">Questa, secondo Finkelstein, \u00e8 una probabile ragione per cui Netanyahu vuole che il genocidio a Gaza continui: perch\u00e9 rimarr\u00e0 libero. Questo si collega alla mia personale osservazione della \u201cfrenesia crescente per i politici corrotti\u201d e di come tali figure abbiano trasformato il conflitto in un\u2019arma sotto la bandiera dello Stato ebraico, proteggendosi con un costo umano immenso. \u00c8 fin troppo chiaro che la leadership di Netanyahu \u00e8 un catalizzatore di instabilit\u00e0 e, non appena l\u2019Occidente ne prender\u00e0 atto, esiger\u00e0 giustizia anzich\u00e9 retorica e una trasparente responsabilit\u00e0 per preservare l\u2019integrit\u00e0 morale e strategica di Israele.<\/p>\n<p style=\"text-align: justify\">Ci\u00f2 \u00e8 ancora pi\u00f9 vero ora di prima, quando ho scritto di come la risposta vendicativa di Netanyahu al conflitto Israele-Hamas \u2013 caratterizzata da punizione collettiva e pulizia etnica a Gaza \u2013 abbia alienato persino alleati non occidentali come la Cina, che sostiene cessate il fuoco, moderazione e una soluzione a due stati senza approvare le azioni di Israele. L\u2019aspettativa di Netanyahu di un sostegno globale incondizionato era illusoria, uno \u201csputare addosso\u201d al popolo ebraico confondendo l\u2019aggressione statale con l\u2019identit\u00e0 comunitaria, alimentando cos\u00ec l\u2019antisemitismo ed erodendo la simpatia radicata nella memoria dell\u2019Olocausto.<\/p>\n<p style=\"text-align: justify\">Non dovrebbe sfuggire all\u2019attenzione critica il fatto che lo stesso Hamas che Netanyahu afferma di aver combattuto sia stato in realt\u00e0 sostenuto finanziariamente dal suo governo nel corso degli anni, creando proprio quel mostro, insieme allo Shin Bet e al Mossad, che ora cerca di annientare. Una critica coerente alla leadership di Benjamin Netanyahu, che lo descrive come una figura egoista le cui motivazioni sono radicate nella sopravvivenza politica personale piuttosto che in imperativi nazionali o etici.<\/p>\n<p style=\"text-align: justify\">I resoconti del 2018-2019 indicano che Israele ha permesso al Qatar di trasferire fondi a Gaza, beneficiando indirettamente Hamas, come strategia per indebolire l\u2019Autorit\u00e0 Nazionale Palestinese e mantenere una leadership palestinese divisa.<\/p>\n<p style=\"text-align: justify\">A quanto pare, l\u2019obiettivo principale di Netanyahu \u00e8 quello di eludere le accuse di corruzione di lunga data \u2013 che vanno dalla concussione alle accuse di frode \u2013 attraverso strategie manipolative che prolungano i conflitti e consolidano il potere. Ci\u00f2 \u00e8 evidente nella sua orchestrazione di azioni militari aggressive, come gli attacchi aerei sostenuti dagli Stati Uniti contro le strutture iraniane, che Silverman descrive come un guerrafondaio calcolato per affermare il predominio regionale e distogliere l\u2019attenzione dagli scandali interni, rischiando in definitiva una maggiore instabilit\u00e0 per ottenere vantaggi a breve termine.<\/p>\n<p style=\"text-align: justify\"><strong>In conclusione, un commento!<\/strong><\/p>\n<p style=\"text-align: justify\">Le riforme giudiziarie di Netanyahu e le sue ingannevoli narrazioni post-7 ottobre fungono da deliberati scudi contro le ripercussioni legali, trasformando le istituzioni democratiche israeliane in strumenti per la sua impunit\u00e0. Tali tattiche aggravano le attuali difficolt\u00e0 militari e morali a Gaza. I molteplici fronti delle misure punitive contro palestinesi, Libano e Siria alimentano le minacce su pi\u00f9 fronti di Hezbollah e degli Houthi, erodendo al contempo la fiducia dell\u2019opinione pubblica e le alleanze internazionali.<\/p>\n<p style=\"text-align: justify\">La bancarotta morale dell\u2019approccio di Netanyahu, che confonde l\u2019identit\u00e0 ebraica con la pulizia etnica sponsorizzata dallo Stato, il sostegno al terrorismo e la vendetta, aliena soprattutto le giovani generazioni di americani, per non parlare del resto del mondo, e alimenta l\u2019antisemitismo globale. L\u2019integrit\u00e0 professionale di Netanyahu \u00e8 profondamente compromessa: un leader che d\u00e0 priorit\u00e0 alla vendetta e al controllo delle risorse rispetto alla diplomazia, ai processi di pace come gli Accordi di Abramo o al benessere di israeliani e palestinesi.<\/p>\n<p style=\"text-align: justify\">Le sue azioni non solo isoleranno ulteriormente Israele diplomaticamente, ma tradiranno anche i fondamenti etici della resilienza ebraica, rendendolo una minaccia esistenziale per la stabilit\u00e0 e la reputazione morale a lungo termine della nazione. La sua rimozione tramite elezioni o tribunali \u00e8 probabilmente l\u2019unica soluzione rimasta per evitare ulteriori crisi autoinflitte, destabilizzazione regionale e genocidio.<\/p>\n<p style=\"text-align: justify\">La situazione \u00e8 ulteriormente aggravata da mostri come Ben Gvir, il ministro della sicurezza nazionale israeliano, che \u00e8 arrivato al punto di affermare: \u201cI palestinesi non esistono\u201c, il che non \u00e8 altro che un tentativo di coprire il genocidio sostenendo che le vittime non sono mai esistite, non sono un popolo.<\/p>\n<p style=\"text-align: justify\">Ho dato un\u2019occhiata ai social media e, come prevedibile, alcuni sono rimasti sconvolti dal fatto che l\u2019opinionista Max Blumenthal, che \u00e8 ebreo, sia apparso nel programma di Alex Jones. Per me, \u00e8 ridicolo, ma piuttosto rivelatore, almeno per i sostenitori del MAGA, soprattutto tra la base.<\/p>\n<p style=\"text-align: justify\">Qualunque cosa pensiate di Jones, bisogna riconoscergli il merito del suo seguito. Ha uno dei pi\u00f9 ampi pubblici online. C\u2019\u00e8 un profondo risveglio nei confronti di Israele tra i sostenitori del MAGA e i sionisti cristiani rinati. Blumenthal e altri stanno contribuendo a informarli sul genocidio che Israele sta commettendo contro i palestinesi.<\/p>\n<p style=\"text-align: justify\">Non solo, MA spiegare perch\u00e9 sostenere Israele non significa mettere l\u2019America al primo posto, ma all\u2019ultimo! Sostenere ciecamente Israele, giusto o sbagliato che sia, non \u00e8 un atto di chi sostiene realmente la difficile situazione del popolo ebraico. Ciononostante, la vergogna collettiva ricade sull\u2019umanit\u00e0 quando prevale il silenzio. Come ebreo, rifiuto la complicit\u00e0 in questo abisso morale: la rimozione di Netanyahu \u2013 attraverso tribunali o elezioni \u2013 \u00e8 essenziale per recuperare chiarezza etica, fermare l\u2019aggressione autodistruttiva e ripristinare i veri fondamenti dei valori ebraici di fronte al mondo.<\/p>\n<p style=\"text-align: justify\">Il peccato pi\u00f9 grande \u00e8 l\u2019omissione; parlare apertamente non \u00e8 pi\u00f9 facoltativo: \u00e8 l\u2019unica via per la redenzione.<\/p>\n<p style=\"text-align: justify\"><strong><em>Henry Kamens<\/em><\/strong><\/p>\n<p style=\"text-align: justify\"><strong>Fonte:\u00a0<a href=\"https:\/\/giubberossenews.it\/2025\/11\/20\/benjamin-netanyahu-shanda-fur-die-goyim-vergogna-sugli-ebrei-vergogna-su-di-me\/\">https:\/\/giubberossenews.it\/2025\/11\/20\/benjamin-netanyahu-shanda-fur-die-goyim-vergogna-sugli-ebrei-vergogna-su-di-me\/<\/a><\/strong><\/p>\n","protected":false},"excerpt":{"rendered":"<p>di GIUBBE ROSSE NEWS (Old Hunter) \u201cShanda fur die goyim\u201d \u2014 una vergogna davanti alle nazioni \u2014 era un tempo un silenzioso monito tra gli ebrei: non lasciamo che i nostri fallimenti e le nostre azioni, persino i peccati di omissione, che spesso sono i peccati pi\u00f9 gravi, diventino combustibile per l\u2019odio dei non ebrei. Eppure oggi, la vergogna non si nasconde; anzi, si diffonde in alta definizione. Mentre i governi occidentali si disgregano sotto&#46;&#46;&#46;<\/p>\n","protected":false},"author":95,"featured_media":72556,"comment_status":"open","ping_status":"open","sticky":false,"template":"","format":"standard","meta":{"jetpack_post_was_ever_published":false,"_jetpack_newsletter_access":"","_jetpack_dont_email_post_to_subs":false,"_jetpack_newsletter_tier_id":0,"_jetpack_memberships_contains_paywalled_content":false,"_jetpack_memberships_contains_paid_content":false,"footnotes":"","jetpack_publicize_message":"","jetpack_publicize_feature_enabled":true,"jetpack_social_post_already_shared":true,"jetpack_social_options":{"image_generator_settings":{"template":"highway","enabled":false},"version":2}},"categories":[32],"tags":[],"jetpack_publicize_connections":[],"jetpack_featured_media_url":"https:\/\/appelloalpopolo.it\/wp-content\/uploads\/2022\/06\/logo-Giubbe-Rosse-News-grande-1.webp","jetpack_sharing_enabled":true,"jetpack_shortlink":"https:\/\/wp.me\/p7ZaJ4-o9h","_links":{"self":[{"href":"https:\/\/appelloalpopolo.it\/index.php?rest_route=\/wp\/v2\/posts\/92831"}],"collection":[{"href":"https:\/\/appelloalpopolo.it\/index.php?rest_route=\/wp\/v2\/posts"}],"about":[{"href":"https:\/\/appelloalpopolo.it\/index.php?rest_route=\/wp\/v2\/types\/post"}],"author":[{"embeddable":true,"href":"https:\/\/appelloalpopolo.it\/index.php?rest_route=\/wp\/v2\/users\/95"}],"replies":[{"embeddable":true,"href":"https:\/\/appelloalpopolo.it\/index.php?rest_route=%2Fwp%2Fv2%2Fcomments&post=92831"}],"version-history":[{"count":1,"href":"https:\/\/appelloalpopolo.it\/index.php?rest_route=\/wp\/v2\/posts\/92831\/revisions"}],"predecessor-version":[{"id":92833,"href":"https:\/\/appelloalpopolo.it\/index.php?rest_route=\/wp\/v2\/posts\/92831\/revisions\/92833"}],"wp:featuredmedia":[{"embeddable":true,"href":"https:\/\/appelloalpopolo.it\/index.php?rest_route=\/wp\/v2\/media\/72556"}],"wp:attachment":[{"href":"https:\/\/appelloalpopolo.it\/index.php?rest_route=%2Fwp%2Fv2%2Fmedia&parent=92831"}],"wp:term":[{"taxonomy":"category","embeddable":true,"href":"https:\/\/appelloalpopolo.it\/index.php?rest_route=%2Fwp%2Fv2%2Fcategories&post=92831"},{"taxonomy":"post_tag","embeddable":true,"href":"https:\/\/appelloalpopolo.it\/index.php?rest_route=%2Fwp%2Fv2%2Ftags&post=92831"}],"curies":[{"name":"wp","href":"https:\/\/api.w.org\/{rel}","templated":true}]}}