{"id":92843,"date":"2025-11-24T08:30:09","date_gmt":"2025-11-24T07:30:09","guid":{"rendered":"https:\/\/appelloalpopolo.it\/?p=92843"},"modified":"2025-11-23T16:42:11","modified_gmt":"2025-11-23T15:42:11","slug":"nuovo-servizio-militare-in-germania-stipendio-da-2-400e-ma-i-giovani-annunciano-lo-sciopero","status":"publish","type":"post","link":"https:\/\/appelloalpopolo.it\/?p=92843","title":{"rendered":"Nuovo Servizio Militare in Germania: Stipendio da 2.400\u20ac, ma i Giovani Annunciano lo Sciopero"},"content":{"rendered":"<p><strong>di VOCIDALLAGERMANIA (redazione)<\/strong><\/p>\n<p>&nbsp;<\/p>\n<div class=\"bs-blog-thumb\"><img loading=\"lazy\" decoding=\"async\" class=\"img-fluid attachment-full size-full wp-post-image\" src=\"https:\/\/vocidallagermania.it\/wp-content\/uploads\/2025\/05\/Gemini_Generated_Image_abasmdabasmdabas.jpeg\" alt=\"leva obbligatoria germania\" width=\"2048\" height=\"2048\" \/><\/div>\n<article class=\"small single\">\n<div class=\"wp-block-spacer\" aria-hidden=\"true\"><\/div>\n<p class=\"has-medium-font-size\"><strong>Per quasi quindici anni, il concetto di\u00a0<a href=\"https:\/\/vocidallagermania.it\/il-ritorno-della-leva-obbligatoria-in-germania-e-la-militarizzazione-che-avanza\/\">leva in<\/a>\u00a0Germania<\/strong>\u00a0era un\u2019eco della Guerra Fredda. Oggi non \u00e8 pi\u00f9 un\u2019ipotesi, ma una realt\u00e0 in evoluzione. La sospensione della coscrizione nel 2011 \u00e8 storia; ora si apre un capitolo nuovo, destinato a segnare un\u2019epoca. Una lettera busser\u00e0 di nuovo alla porta dei diciottenni tedeschi, ma il suo contenuto \u00e8 il simbolo di una nazione a un bivio.<\/p>\n<p class=\"has-medium-font-size\">Questa svolta storica, innescata dalle\u00a0<a href=\"https:\/\/vocidallagermania.it\/category\/geopolitica\/\">tensioni geopolitiche,\u00a0<\/a>non \u00e8 priva di conseguenze. Mentre il governo la presenta come un\u2019opportunit\u00e0 finanziariamente allettante per i giovani, con stipendi netti superiori alla media, una parte della generazione Z risponde con una mobilitazione senza precedenti, annunciando uno sciopero nazionale. E dietro il dibattito attuale, riemergono le paure e le divisioni politiche che hanno segnato la storia tedesca fin dal 1956.<\/p>\n<p class=\"has-medium-font-size\">Questa non \u00e8 solo la storia di una\u00a0<a href=\"https:\/\/vocidallagermania.it\/il-ritorno-del-servizio-militare-in-germania-le-novita-dal-2025\/\">riforma militare<\/a>, ma il racconto di un Paese che ridefinisce il suo patto con i cittadini, il suo ruolo in Europa e il prezzo della sicurezza.<\/p>\n<h4 class=\"wp-block-heading\"><strong>Il Nuovo Servizio Militare Tedesco in Breve<\/strong><\/h4>\n<ul class=\"wp-block-list\">\n<li class=\"has-medium-font-size\"><strong>Cosa succede?<\/strong>\u00a0La Germania ha approvato una nuova legge per riformare il servizio militare, introducendo un modello ibrido.<\/li>\n<li class=\"has-medium-font-size\"><strong>Da quando?<\/strong>\u00a0La riforma entra in vigore in due fasi, a partire da inizio 2026.<\/li>\n<li class=\"has-medium-font-size\"><strong>Chi riguarda?<\/strong>\u00a0Tutti i giovani al compimento dei diciotto anni.<\/li>\n<li class=\"has-medium-font-size\"><strong>Cosa \u00e8 obbligatorio?<\/strong>\n<ul class=\"wp-block-list\">\n<li class=\"has-medium-font-size\"><strong>Per gli uomini:<\/strong>\u00a0Compilare un questionario online (dal 2026) e sottoporsi a visita di leva (dal 2027).<\/li>\n<li class=\"has-medium-font-size\"><strong>Per le donne:<\/strong>\u00a0La compilazione del questionario \u00e8 facoltativa.<\/li>\n<\/ul>\n<\/li>\n<li class=\"has-medium-font-size\"><strong>Si torna alla leva obbligatoria?<\/strong>\u00a0Non subito. \u00c8 un modello basato su volontari con una\u00a0<strong>\u201cleva condizionata\u201d<\/strong>: lo Stato pu\u00f2 attivarla con un voto del Parlamento se i volontari non bastano.<\/li>\n<\/ul>\n<div class=\"wp-block-spacer\" aria-hidden=\"true\"><\/div>\n<figure class=\"wp-block-image size-full\"><img loading=\"lazy\" decoding=\"async\" class=\"wp-image-3073\" src=\"https:\/\/vocidallagermania.it\/wp-content\/uploads\/2025\/07\/Gemini_Generated_Image_m8el2vm8el2vm8el-e1752618168344.png\" alt=\"riarmo germania\" width=\"1000\" height=\"1000\" \/><\/figure>\n<div class=\"wp-block-spacer\" aria-hidden=\"true\"><\/div>\n<h3 class=\"wp-block-heading\"><strong>La Risposta dei Giovani: Sciopero Nazionale Contro la Leva il 5 Dicembre<\/strong><\/h3>\n<p class=\"has-medium-font-size\">La prima reazione alla riforma non arriva dalle caserme, ma dalle scuole. Per il\u00a0<strong>5 dicembre 2025<\/strong>\u00a0\u00e8 stato\u00a0<a href=\"https:\/\/www.besserewelt.info\/militaer\/bundeswehr-deutschland\/wehrpflicht\/schulstreik-gegen-wehrpflicht\" rel=\"nofollow\">proclamato un<\/a>\u00a0<strong>Aktionstag (giornata di azione)<\/strong>\u00a0con scioperi e manifestazioni studentesche in diverse citt\u00e0 tedesche, tra cui Berlino, Potsdam, Lipsia e Friburgo.<\/p>\n<p class=\"has-medium-font-size\">Organizzata da un\u2019ampia coalizione pacifista, guidata dal B\u00fcndnis \u201cNein zur Wehrpflicht\u201d (Alleanza \u201cNo alla Leva Obbligatoria\u201d) e dal Bundesausschuss Friedensratschlag, la protesta contesta la \u201cmilitarizzazione della societ\u00e0\u201d. Lo slogan che circola online \u00e8 potente e diretto: i giovani non vogliono \u201cessere costretti a uccidere e morire\u201d. La mobilitazione mira a trasformare il dibattito da una questione di sicurezza nazionale a una scelta fondamentale sul futuro di una generazione, chiedendo investimenti in istruzione e diplomazia, non in armi.<\/p>\n<h3 class=\"wp-block-heading\"><strong>Un Servizio Volontario \u201cAltamente Attrattivo\u201d: Stipendio e Incentivi<\/strong><\/h3>\n<p class=\"has-medium-font-size\">Per evitare di dover attivare la leva obbligatoria, il governo punta a rendere il servizio militare volontario un\u2019opzione estremamente\u00a0<a href=\"https:\/\/www.wiwo.de\/politik\/deutschland\/bezahlung-fuer-wehrdienst-bei-bundeswehr-das-ist-mehr-als-die-meisten-jungen-menschen-verdienen\/100174550.html\">allettante\u00a0<\/a>dal punto di vista economico. Secondo uno studio del prestigioso Istituto dell\u2019Economia Tedesca (IW), il nuovo modello prevede un<strong>o stipendio\u00a0<a href=\"https:\/\/vocidallagermania.it\/category\/stipendi-in-germania\/\">di partenza<\/a>\u00a0di circa 2.400 euro netti al mese<\/strong>.<\/p>\n<p class=\"has-medium-font-size\">Questa cifra \u00e8 un gancio strategico: \u00e8 \u201cpi\u00f9 di quanto guadagni la maggior parte dei giovani sotto i 25 anni\u201d, il cui stipendio\u00a0<a href=\"https:\/\/vocidallagermania.it\/qual-e-lo-stipendio-medio-in-germania-nel-2024\/\">medio netto<\/a>\u00a0si attesta tra 2.050 e 2.350 euro. Per fare un paragone, i militari di leva in Svezia ricevono circa 400 euro al mese. L\u2019obiettivo \u00e8 chiaro: reclutare i circa 20.000 volontari necessari nel primo anno facendo leva su un incentivo economico quasi imbattibile, trasformando di fatto il servizio militare in una delle carriere pi\u00f9 competitive per i neo-maggiorenni.<\/p>\n<div class=\"wp-block-spacer\" aria-hidden=\"true\"><\/div>\n<figure class=\"wp-block-image size-large\"><img loading=\"lazy\" decoding=\"async\" class=\"wp-image-2934\" src=\"https:\/\/vocidallagermania.it\/wp-content\/uploads\/2025\/06\/Gemini_Generated_Image_axpdoiaxpdoiaxpd-960x960.jpg\" alt=\"leva obbligatoria germania\" width=\"960\" height=\"960\" \/><\/figure>\n<div class=\"wp-block-spacer\" aria-hidden=\"true\"><\/div>\n<h3 class=\"wp-block-heading\"><strong>Come Funziona la Nuova Riforma: Le Fasi Obbligatorie<\/strong><\/h3>\n<p class=\"has-medium-font-size\">Il nuovo sistema \u00e8 un modello ibrido: digitale, mirato e strategico. Ecco le fasi definitive.<\/p>\n<h4 class=\"wp-block-heading\"><strong>Fase 1 (Inizio 2026): Il Questionario Obbligatorio<\/strong><\/h4>\n<p class=\"has-medium-font-size\">Tutto inizia con una lettera inviata a tutti i giovani al compimento dei diciotto anni. All\u2019interno, un QR Code condurr\u00e0 a un questionario online. Qui sta la prima, cruciale distinzione:\u00a0<strong>per i ragazzi, la compilazione sar\u00e0 obbligatoria; per le ragazze, facoltativa<\/strong>. Non \u00e8 un ordine di arruolamento, ma una mappatura nazionale di competenze, stato di salute e motivazioni.<\/p>\n<h4 class=\"wp-block-heading\"><strong>Fase 2 (Da met\u00e0 2027): La Visita di Leva per Tutti gli Uomini<\/strong><\/h4>\n<p class=\"has-medium-font-size\">La vera svolta avverr\u00e0 da met\u00e0 2027. Un\u2019intera annata di giovani uomini (circa 400.000) verr\u00e0 chiamata obbligatoriamente alla \u201cMusterung\u201d, la visita di leva per l\u2019accertamento dell\u2019idoneit\u00e0 fisica e psicologica. Il sistema a sorteggio (Losverfahren), a lungo discusso, \u00e8 stato abbandonato in favore di una valutazione di massa.<\/p>\n<div class=\"wp-block-spacer\" aria-hidden=\"true\"><\/div>\n<figure class=\"wp-block-image size-large\"><img loading=\"lazy\" decoding=\"async\" class=\"wp-image-3016\" src=\"https:\/\/vocidallagermania.it\/wp-content\/uploads\/2025\/06\/Gemini_Generated_Image_jvt668jvt668jvt6-960x960.jpeg\" alt=\"Manifesto SPD per la pace con la Russia\" width=\"960\" height=\"960\" \/><\/figure>\n<div class=\"wp-block-spacer\" aria-hidden=\"true\"><\/div>\n<h3 class=\"wp-block-heading\"><strong>\u201cKriegst\u00fcchtigkeit\u201d: La Parola Chiave che Spiega il Perch\u00e9<\/strong><\/h3>\n<p class=\"has-medium-font-size\">Per capire questa decisione epocale, bisogna familiarizzare con un\u00a0<a href=\"https:\/\/vocidallagermania.it\/riarmo-germania-soldati-da-sostituire-la-parola-che-svela-il-dilemma-tedesco-tra-pacifismo-e-guerra\/\">termine tedesco<\/a>\u00a0che domina il dibattito:\u00a0<strong>Kriegst\u00fcchtigkeit<\/strong>. Tradurlo con \u201cprontezza alla guerra\u201d \u00e8 riduttivo; significa avere la capacit\u00e0, la mentalit\u00e0 e la struttura per sostenere un conflitto. Secondo il Ministro della Difesa, Boris Pistorius, la Germania non pu\u00f2 pi\u00f9 permettersi di essere impreparata. L\u2019invasione russa dell\u2019Ucraina \u00e8 stata il detonatore.<\/p>\n<p class=\"has-medium-font-size\">L\u2019obiettivo strategico \u00e8 monumentale: portare la Bundeswehr dagli attuali 181.000 soldati attivi a una forza complessiva (inclusi i riservisti) di\u00a0<strong>460.000 uomini entro il 2035<\/strong>. Questo nuovo servizio militare \u00e8 il motore umano per alimentare tale trasformazione.<\/p>\n<h3 class=\"wp-block-heading\"><strong>La Controversia Nascosta: La Violazione di un Patto Storico<\/strong><\/h3>\n<p class=\"has-medium-font-size\">Dietro l\u2019obiettivo dei 460.000 soldati si cela un dettaglio esplosivo: la potenziale violazione del\u00a0<strong>Trattato \u201cDue pi\u00f9 Quattro\u201d del 1990<\/strong>. Questo accordo internazionale, che sanc\u00ec la riunificazione tedesca, fu possibile solo grazie a una garanzia fondamentale: la Germania unita si impegnava a limitare le sue forze armate a un massimo di\u00a0<strong>370.000 uomini<\/strong>. Superare questa soglia significa rompere una promessa fatta per placare i timori di un nuovo militarismo tedesco alla fine della Guerra Fredda.<\/p>\n<h3 class=\"wp-block-heading\"><strong>Un Dibattito che Divide da Sempre: L\u2019Opposizione della SPD nel 1956<\/strong><\/h3>\n<p class=\"has-medium-font-size\">La discussione sulla leva non \u00e8 nuova. Nel 1956, durante un\u2019infuocata seduta di 16 ore al Bundestag, fu la SPD di Fritz Erler a opporsi strenuamente all\u2019introduzione della leva obbligatoria. Il motivo principale era la paura che una leva a Ovest avrebbe innescato una risposta speculare nella DDR, provocando una\u00a0<strong>\u201cfuga di massa\u201d<\/strong>\u00a0dei giovani anti-comunisti dall\u2019Est e svuotando la resistenza interna al regime. \u00c8 in quel dibattito che un giovane deputato, a causa della sua retorica tagliente, si guadagn\u00f2 il soprannome di\u00a0<strong>\u201cSchmidt-Schnauze\u201d<\/strong>: il suo nome era Helmut Schmidt.<\/p>\n<div class=\"wp-block-spacer\" aria-hidden=\"true\"><\/div>\n<figure class=\"wp-block-image size-large\"><img loading=\"lazy\" decoding=\"async\" class=\"wp-image-2553\" src=\"https:\/\/vocidallagermania.it\/wp-content\/uploads\/2025\/04\/Gemini_Generated_Image_hjc2j4hjc2j4hjc2-960x960.jpeg\" alt=\"spesa militare germania\" width=\"960\" height=\"960\" \/><\/figure>\n<div class=\"wp-block-spacer\" aria-hidden=\"true\"><\/div>\n<h3 class=\"wp-block-heading\"><strong>Diritti Garantiti: Obiezione di Coscienza e Ruolo delle Donne<\/strong><\/h3>\n<p class=\"has-medium-font-size\">Due pilastri della democrazia tedesca restano saldi. Il primo \u00e8 il\u00a0<strong>diritto all\u2019obiezione di coscienza<\/strong>, sancito dalla Costituzione. Se la leva torner\u00e0 obbligatoria, con essa torner\u00e0 anche il servizio civile.<\/p>\n<p class=\"has-medium-font-size\">Il secondo punto riguarda\u00a0<a href=\"https:\/\/vocidallagermania.it\/tag\/donne-tedesche-e-gli-uomini-stranieri\/\">le donne.<\/a>\u00a0La loro esclusione dall\u2019obbligo \u00e8 costituzionale. Introdurre la leva obbligatoria per le donne richiederebbe una modifica della Legge Fondamentale con una maggioranza di due terzi, uno scoglio politico oggi insormontabile. La loro partecipazione volontaria \u00e8, per\u00f2, fortemente incoraggiata.<\/p>\n<h3 class=\"wp-block-heading\"><strong>Una Nazione a un Bivio<\/strong><\/h3>\n<p class=\"has-medium-font-size\">La reintroduzione del\u00a0<a href=\"https:\/\/vocidallagermania.it\/il-grande-riarmo-della-germania-nuova-potenza-militare-o-vicolo-cieco\/\">servizio militare<\/a>\u00a0non \u00e8 solo una questione di soldati. \u00c8 una decisione che pone una domanda esistenziale a un\u2019intera generazione: qual \u00e8 il prezzo della sicurezza? La Germania si sta guardando allo specchio, confrontandosi con la sua storia e il suo nuovo ruolo nel mondo. La scelta di riarmarsi, non solo materialmente ma anche umanamente, \u00e8 il segnale pi\u00f9 forte di un cambiamento che riguarda tutta l\u2019Europa.<\/p>\n<div class=\"wp-block-spacer\" aria-hidden=\"true\"><\/div>\n<figure class=\"wp-block-image size-full\"><img loading=\"lazy\" decoding=\"async\" class=\"wp-image-34\" src=\"https:\/\/vocidallagermania.it\/wp-content\/uploads\/2024\/06\/6eb49d3f-edfd-4d83-9cf6-536310ff6320-752x440-1.jpeg\" alt=\"riarmo tedesco\" width=\"752\" height=\"440\" \/><\/figure>\n<div class=\"wp-block-spacer\" aria-hidden=\"true\"><\/div>\n<hr class=\"wp-block-separator has-alpha-channel-opacity\" \/>\n<h3 class=\"wp-block-heading\"><strong>Domande Frequenti sul Nuovo Servizio Militare Tedesco<\/strong><\/h3>\n<p class=\"has-medium-font-size\"><strong>1. Quanto guadagna un volontario nel nuovo servizio militare tedesco?<\/strong><br \/>\nIl soldo di partenza previsto \u00e8 di circa 2.400 euro netti al mese, una cifra superiore allo stipendio medio dei giovani sotto i 25 anni.<\/p>\n<p class=\"has-medium-font-size\"><strong>2. La compilazione del questionario \u00e8 davvero obbligatoria?<\/strong><br \/>\nS\u00ec, dal 2026, per tutti i cittadini maschi al compimento dei 18 anni, la compilazione \u00e8 obbligatoria. Per le donne resta facoltativa.<\/p>\n<p class=\"has-medium-font-size\"><strong>3. \u00c8 vero che ci saranno scioperi degli studenti?<\/strong><br \/>\nS\u00ec, diverse organizzazioni studentesche e pacifiste hanno indetto una giornata di sciopero e protesta nazionale per il 5 dicembre 2025.<\/p>\n<p class=\"has-medium-font-size\"><strong>4. L\u2019aumento dei soldati a 460.000 \u00e8 legale?<\/strong><br \/>\nL\u2019obiettivo supera il limite di 370.000 uomini fissato dal Trattato internazionale \u201cDue pi\u00f9 Quattro\u201d del 1990, che permise la riunificazione tedesca. Questo punto \u00e8 giuridicamente e politicamente molto controverso.<\/p>\n<p class=\"has-medium-font-size\"><strong>5. Cosa succede se i volontari incentivati economicamente non bastano?<\/strong><br \/>\nLa legge prevede una \u201cleva condizionata\u201d. Se il governo dichiara una carenza di personale per la sicurezza nazionale, il Parlamento tedesco pu\u00f2 votare per attivare la coscrizione obbligatoria per tutti gli uomini risultati idonei alla visita di leva.<\/p>\n<\/article>\n<p>&nbsp;<\/p>\n<p><strong>FONTE:<\/strong>\u00a0<a href=\"https:\/\/vocidallagermania.it\/nuovo-servizio-militare-germania\/\">https:\/\/vocidallagermania.it\/nuovo-servizio-militare-germania\/<\/a><\/p>\n","protected":false},"excerpt":{"rendered":"<p>di VOCIDALLAGERMANIA (redazione) &nbsp; Per quasi quindici anni, il concetto di\u00a0leva in\u00a0Germania\u00a0era un\u2019eco della Guerra Fredda. Oggi non \u00e8 pi\u00f9 un\u2019ipotesi, ma una realt\u00e0 in evoluzione. La sospensione della coscrizione nel 2011 \u00e8 storia; ora si apre un capitolo nuovo, destinato a segnare un\u2019epoca. Una lettera busser\u00e0 di nuovo alla porta dei diciottenni tedeschi, ma il suo contenuto \u00e8 il simbolo di una nazione a un bivio. Questa svolta storica, innescata dalle\u00a0tensioni geopolitiche,\u00a0non \u00e8 priva&#46;&#46;&#46;<\/p>\n","protected":false},"author":99,"featured_media":81877,"comment_status":"open","ping_status":"open","sticky":false,"template":"","format":"standard","meta":{"jetpack_post_was_ever_published":false,"_jetpack_newsletter_access":"","_jetpack_dont_email_post_to_subs":false,"_jetpack_newsletter_tier_id":0,"_jetpack_memberships_contains_paywalled_content":false,"_jetpack_memberships_contains_paid_content":false,"footnotes":"","jetpack_publicize_message":"","jetpack_publicize_feature_enabled":true,"jetpack_social_post_already_shared":true,"jetpack_social_options":{"image_generator_settings":{"template":"highway","enabled":false},"version":2}},"categories":[32],"tags":[],"jetpack_publicize_connections":[],"jetpack_featured_media_url":"https:\/\/appelloalpopolo.it\/wp-content\/uploads\/2023\/10\/cropped-cropped-cropped-cropped-cropped-cropped-cropped-cropped-cropped-Voci-dalla-Germania_logo-1.jpg","jetpack_sharing_enabled":true,"jetpack_shortlink":"https:\/\/wp.me\/p7ZaJ4-o9t","_links":{"self":[{"href":"https:\/\/appelloalpopolo.it\/index.php?rest_route=\/wp\/v2\/posts\/92843"}],"collection":[{"href":"https:\/\/appelloalpopolo.it\/index.php?rest_route=\/wp\/v2\/posts"}],"about":[{"href":"https:\/\/appelloalpopolo.it\/index.php?rest_route=\/wp\/v2\/types\/post"}],"author":[{"embeddable":true,"href":"https:\/\/appelloalpopolo.it\/index.php?rest_route=\/wp\/v2\/users\/99"}],"replies":[{"embeddable":true,"href":"https:\/\/appelloalpopolo.it\/index.php?rest_route=%2Fwp%2Fv2%2Fcomments&post=92843"}],"version-history":[{"count":1,"href":"https:\/\/appelloalpopolo.it\/index.php?rest_route=\/wp\/v2\/posts\/92843\/revisions"}],"predecessor-version":[{"id":92844,"href":"https:\/\/appelloalpopolo.it\/index.php?rest_route=\/wp\/v2\/posts\/92843\/revisions\/92844"}],"wp:featuredmedia":[{"embeddable":true,"href":"https:\/\/appelloalpopolo.it\/index.php?rest_route=\/wp\/v2\/media\/81877"}],"wp:attachment":[{"href":"https:\/\/appelloalpopolo.it\/index.php?rest_route=%2Fwp%2Fv2%2Fmedia&parent=92843"}],"wp:term":[{"taxonomy":"category","embeddable":true,"href":"https:\/\/appelloalpopolo.it\/index.php?rest_route=%2Fwp%2Fv2%2Fcategories&post=92843"},{"taxonomy":"post_tag","embeddable":true,"href":"https:\/\/appelloalpopolo.it\/index.php?rest_route=%2Fwp%2Fv2%2Ftags&post=92843"}],"curies":[{"name":"wp","href":"https:\/\/api.w.org\/{rel}","templated":true}]}}