{"id":92845,"date":"2025-11-24T09:30:18","date_gmt":"2025-11-24T08:30:18","guid":{"rendered":"https:\/\/appelloalpopolo.it\/?p=92845"},"modified":"2025-11-23T16:43:46","modified_gmt":"2025-11-23T15:43:46","slug":"il-grande-bluff-tedesco-comuni-in-bancarotta-welfare-al-collasso-e-la-cura-merz-che-affossa-gli-enti-locali","status":"publish","type":"post","link":"https:\/\/appelloalpopolo.it\/?p=92845","title":{"rendered":"Il grande bluff tedesco: Comuni in bancarotta, welfare al collasso e la \u201cCura Merz\u201d che affossa gli enti locali"},"content":{"rendered":"<p><strong>di SCENARIECONOMICI (Fabio Lugano)<\/strong><\/p>\n<p>&nbsp;<\/p>\n<header id=\"mvp-post-head\" class=\"left relative\">La Germania affronta un crac silenzioso: quasi tutti i comuni sono in bancarotta. Tra costi del welfare esplosivi, crisi migratoria e la politica di austerit\u00e0 di Merz che scarica i problemi sugli enti locali, il modello tedesco \u00e8 al collasso. Ecco i numeri del disastro che Berlino non dice.<\/p>\n<p>&nbsp;<\/p>\n<\/header>\n<div class=\"mvp-post-main-out left relative\">\n<div class=\"mvp-post-main-in\">\n<div id=\"mvp-post-content\" class=\"left relative\">\n<div id=\"mvp-post-feat-img\" class=\"left relative mvp-post-feat-img-wide2\"><img loading=\"lazy\" decoding=\"async\" class=\"attachment- size- wp-post-image lazyautosizes lazyloaded\" src=\"https:\/\/scenarieconomici.it\/wp-content\/uploads\/2025\/09\/bundestag.jpg.webp\" alt=\"\" width=\"1460\" height=\"822\" data-src=\"https:\/\/scenarieconomici.it\/wp-content\/uploads\/2025\/09\/bundestag.jpg.webp\" data-srcset=\"https:\/\/scenarieconomici.it\/wp-content\/uploads\/2025\/09\/bundestag.jpg.webp 1460w, https:\/\/scenarieconomici.it\/wp-content\/uploads\/2025\/09\/bundestag-300x169.jpg.webp 300w, https:\/\/scenarieconomici.it\/wp-content\/uploads\/2025\/09\/bundestag-1024x577.jpg.webp 1024w, https:\/\/scenarieconomici.it\/wp-content\/uploads\/2025\/09\/bundestag-768x432.jpg.webp 768w\" data-sizes=\"auto\" data-eio-rwidth=\"1460\" data-eio-rheight=\"822\" data-src-webp=\"https:\/\/scenarieconomici.it\/wp-content\/uploads\/2025\/09\/bundestag.jpg.webp\" data-srcset-webp=\"https:\/\/scenarieconomici.it\/wp-content\/uploads\/2025\/09\/bundestag.jpg.webp 1460w, https:\/\/scenarieconomici.it\/wp-content\/uploads\/2025\/09\/bundestag-300x169.jpg.webp 300w, https:\/\/scenarieconomici.it\/wp-content\/uploads\/2025\/09\/bundestag-1024x577.jpg.webp 1024w, https:\/\/scenarieconomici.it\/wp-content\/uploads\/2025\/09\/bundestag-768x432.jpg.webp 768w\" \/><\/div>\n<div id=\"mvp-content-wrap\" class=\"left relative\">\n<div class=\"mvp-post-soc-out right relative\">\n<div class=\"mvp-post-soc-wrap left relative\">\n<p>&nbsp;<\/p>\n<\/div>\n<div class=\"mvp-post-soc-in\">\n<div id=\"mvp-content-body\" class=\"left relative\">\n<div id=\"mvp-content-body-top\" class=\"left relative\">\n<div id=\"mvp-content-main\" class=\"left relative\">\n<p><strong>La Germania non \u00e8 pi\u00f9 la locomotiva d\u2019Europa, ma rischia di diventarne il vagone deragliato.<\/strong>\u00a0Mentre a Berlino si discute di massimi sistemi e il Cancelliere Friedrich Merz predica rigore e disciplina di bilancio, alla base della piramide amministrativa si sta consumando un dramma finanziario senza precedenti. Le citt\u00e0 tedesche, ossatura del sistema produttivo e sociale del Paese, sono tecnicamente fallite.<\/p>\n<div class=\"ddw-related-posts\">\n<div class=\"ddw-related-posts-title\">Per approfondire:<\/div>\n<ul>\n<li class=\"ddw-related-posts-item\"><a href=\"https:\/\/scenarieconomici.it\/crisi-bancaria-anche-in-germania-bankhaus-rsa-ha-bisogno-di-un-salvataggio\/?rel=correlati\"><span class=\"ddw-related-posts-item-type\">Articolo:<\/span>\u00a0<span class=\"ddw-related-posts-item-title\">Crisi bancaria anche in Germania: Bankhaus RSA ha bisogno di un salvataggio<\/span><\/a><\/li>\n<li class=\"ddw-related-posts-item\"><a href=\"https:\/\/scenarieconomici.it\/la-germania-scopre-la-crisi-unondata-di-fallimenti-che-non-si-vedeva-da-tempo\/?rel=correlati\"><span class=\"ddw-related-posts-item-type\">Articolo:<\/span>\u00a0<span class=\"ddw-related-posts-item-title\">La Germania scopre la crisi: un\u2019ondata di fallimenti che non si vedeva da tempo<\/span><\/a><\/li>\n<li class=\"ddw-related-posts-item\"><a href=\"https:\/\/scenarieconomici.it\/la-germania-in-crisi-forse-ma-siede-su-un-tesoro-di-litio-che-puo-cambiare-il-futuro-delleuropa\/?rel=correlati\"><span class=\"ddw-related-posts-item-type\">Articolo:<\/span>\u00a0<span class=\"ddw-related-posts-item-title\">La Germania in crisi? Forse, ma siede su un tesoro di litio che pu\u00f2 cambiare il futuro dell\u2019Europa<\/span><\/a><\/li>\n<\/ul>\n<\/div>\n<div id=\"div-ddw-ad-VIDEO\">\n<div class=\"DLW_VIDEO\"><\/div>\n<\/div>\n<p>Non si tratta di allarmismo, ma di aritmetica. E come sappiamo, la matematica \u00e8 l\u2019unica materia che non si piega alla retorica politica.<\/p>\n<h3><strong>La caporetto della Renania settentrionale-Vestfalia<\/strong><\/h3>\n<p>Partiamo dai dati, nudi e crudi, che arrivano dal cuore industriale della Germania: la Renania Settentrionale-Vestfalia. In questo Land, che dovrebbe essere il motore pulsante dell\u2019economia, la situazione \u00e8 desolante. Su\u00a0<strong>396 citt\u00e0 e comuni<\/strong>, quanti riescono a presentare\u00a0<a href=\"https:\/\/www.bild.de\/politik\/inland\/essen-ob-schlaegt-alarm-fast-jede-deutsche-stadt-vor-der-pleite-691c89a6073d0eb6833e4134\">un bilancio in pareggio<\/a>?\u00a0<strong>Appena dieci.<\/strong><\/p>\n<p>Avete letto bene.\u00a0<strong>Meno del 3% delle amministrazioni locali<\/strong>\u00a0riesce a chiudere i conti senza andare in rosso. Thomas Kufen, sindaco di Essen (CDU) e membro dell\u2019esecutivo federale del partito, ha lanciato un grido d\u2019allarme che assomiglia pi\u00f9 a un\u00a0<em>de profundis<\/em>:\u00a0<em>\u201cQuasi tutte le citt\u00e0 tedesche sono ormai sull\u2019orlo della bancarotta\u201d<\/em>.<\/p>\n<div id=\"attachment_246152\" class=\"wp-caption aligncenter\"><a href=\"https:\/\/scenarieconomici.it\/wp-content\/uploads\/2025\/11\/Essen.jpg\"><img loading=\"lazy\" decoding=\"async\" class=\"wp-image-246152 size-full lazyautosizes lazyloaded\" src=\"https:\/\/scenarieconomici.it\/wp-content\/uploads\/2025\/11\/Essen.jpg.webp\" alt=\"\" width=\"3024\" height=\"3137\" aria-describedby=\"caption-attachment-246152\" data-src=\"https:\/\/scenarieconomici.it\/wp-content\/uploads\/2025\/11\/Essen.jpg.webp\" data-srcset=\"https:\/\/scenarieconomici.it\/wp-content\/uploads\/2025\/11\/Essen.jpg.webp 3024w, https:\/\/scenarieconomici.it\/wp-content\/uploads\/2025\/11\/Essen-289x300.jpg.webp 289w, https:\/\/scenarieconomici.it\/wp-content\/uploads\/2025\/11\/Essen-987x1024.jpg.webp 987w, https:\/\/scenarieconomici.it\/wp-content\/uploads\/2025\/11\/Essen-768x797.jpg.webp 768w, https:\/\/scenarieconomici.it\/wp-content\/uploads\/2025\/11\/Essen-1481x1536.jpg.webp 1481w, https:\/\/scenarieconomici.it\/wp-content\/uploads\/2025\/11\/Essen-1974x2048.jpg.webp 1974w\" data-sizes=\"auto\" data-eio-rwidth=\"3024\" data-eio-rheight=\"3137\" data-src-webp=\"https:\/\/scenarieconomici.it\/wp-content\/uploads\/2025\/11\/Essen.jpg.webp\" data-srcset-webp=\"https:\/\/scenarieconomici.it\/wp-content\/uploads\/2025\/11\/Essen.jpg.webp 3024w, https:\/\/scenarieconomici.it\/wp-content\/uploads\/2025\/11\/Essen-289x300.jpg.webp 289w, https:\/\/scenarieconomici.it\/wp-content\/uploads\/2025\/11\/Essen-987x1024.jpg.webp 987w, https:\/\/scenarieconomici.it\/wp-content\/uploads\/2025\/11\/Essen-768x797.jpg.webp 768w, https:\/\/scenarieconomici.it\/wp-content\/uploads\/2025\/11\/Essen-1481x1536.jpg.webp 1481w, https:\/\/scenarieconomici.it\/wp-content\/uploads\/2025\/11\/Essen-1974x2048.jpg.webp 1974w\" \/><\/a><\/p>\n<p id=\"caption-attachment-246152\" class=\"wp-caption-text\">Essen, una citt\u00e0 in profonda crisi \u2013 da Unsplash<\/p>\n<\/div>\n<p>Il deficit complessivo delle citt\u00e0 tedesche per il 2025 \u00e8 previsto a\u00a0<strong>30 miliardi di euro<\/strong>, in netto peggioramento rispetto ai 24 miliardi dell\u2019anno precedente. Una voragine che si allarga mentre il PIL ristagna e le entrate fiscali, in particolare la\u00a0<a href=\"https:\/\/context.reverso.net\/traduzione\/tedesco-italiano\/Gewerbesteuer\"><em>Gewerbesteuer<\/em><\/a>\u00a0(l\u2019imposta sulle attivit\u00e0 produttive), crollano a causa della deindustrializzazione. Il bilancio dello Stato federale viene costruito sulle macerie delle amministrazioni locali.<\/p>\n<h3><strong>La forbice mortale: Meno entrate, spese esplosive<\/strong><\/h3>\n<p>La crisi non \u00e8 dovuta a una gestione allegra di sindaci spendaccioni, ma a una tempesta perfetta scatenata da decisioni prese a livello federale e scaricate, con una certa nonchalance, sulle spalle dei governi locali. \u00c8 il classico gioco dello scaricabarile, in cui l\u2019ultimo anello della catena \u2013 quello pi\u00f9 vicino ai cittadini \u2013 si ritrova con il cerino in mano.<\/p>\n<p>Le cause del disastro si possono riassumere in tre voci macroscopiche che stanno drenando le casse comunali:<\/p>\n<ol>\n<li><strong>Il costo dell\u2019immigrazione e dell\u2019integrazione:<\/strong>\u00a0Contrariamente alla narrazione che vedeva nell\u2019immigrazione la soluzione alla crisi demografica e pensionistica, i costi immediati si stanno rivelando un macigno. Solo per alloggio, integrazione e sussidi, il conto nazionale \u00e8 di almeno\u00a0<strong>50 miliardi di euro l\u2019anno<\/strong>. Questi cadono sulle amministrazioni lcoali.<\/li>\n<li><strong>L\u2019aumento dei costi del personale:<\/strong>\u00a0Gli adeguamenti salariali nel settore pubblico, necessari per contrastare l\u2019inflazione, hanno fatto esplodere la spesa corrente. Anche in questo caso le decisioni contrattuali sono state prese a Berlino, e solo subite dai comuni.<\/li>\n<li><strong>L\u2019inflazione sui costi operativi:<\/strong>\u00a0Dall\u2019energia alle costruzioni, ogni servizio costa decisamente di pi\u00f9 rispetto a due anni fa.<\/li>\n<\/ol>\n<h3><strong>Il caso Essen: uno specchio della Germania<\/strong><\/h3>\n<p>Prendiamo Essen, citt\u00e0 di quasi 600.000 abitanti. Il piano era un bilancio in pareggio per il 2025. La realt\u00e0? Un\u00a0<strong>deficit di 123 milioni di euro<\/strong>. Il sindaco Kufen \u00e8 stato costretto a imporre una \u201cgestione restrittiva del bilancio\u201d. In pratica, il Comune paga solo ci\u00f2 che \u00e8 legalmente obbligato a pagare (stipendi e assistenza sociale). Per qualsiasi altra spesa superiore ai 5.000 euro, serve un permesso speciale del tesoriere. Tutto quello che non \u00e8 strettamente necessario \u00e8 tagliato, ma questo significa che l\u2019amministrazione comunale perde di significato, senza autonomia finanziaria.<\/p>\n<h3>Siamo all\u2019amministrazione controllata di fatto<\/h3>\n<p>E qui entra in gioco il paradosso del welfare. Le statistiche ufficiali di Essen mostrano una realt\u00e0 che la politica federale fatica ad ammettere pubblicamente per non turbare gli equilibri del \u201cpoliticamente corretto\u201d, ma che i bilanci registrano impietosamente:<\/p>\n<ul>\n<li>Nelle scuole primarie, il 24,5% degli studenti \u00e8 classificato come \u201cnon tedesco\u201d. Se si include chi ha un background migratorio, si sale al\u00a0<strong>35%<\/strong>.<\/li>\n<li>Questi studenti necessitano di corsi di integrazione e supporto extra, aumentando il costo pro-capite dell\u2019istruzione.<\/li>\n<li>A livello nazionale, circa il\u00a0<strong>63%<\/strong>\u00a0di tutti i beneficiari di sussidi di welfare sono stranieri o con background straniero.<\/li>\n<\/ul>\n<p>Questi non sono giudizi morali, sono voci di costo. E quando le entrate calano perch\u00e9 l\u2019industria rallenta, queste voci di costo diventano insostenibili. Il comune pu\u00f2 solo rivolgersi allo stato federale.<\/p>\n<h3>Merz e il Governo federale: \u201cArrangiatevi\u201d<\/h3>\n<p>E qual \u00e8 la risposta del governo centrale, ora guidato da Friedrich Merz? Una politica che potremmo definire di \u201causterit\u00e0 selettiva\u201d. Mentre si predica il rigore, si lasciano i comuni a boccheggiare. Il pacchetto di aiuti federali per Essen ammonta a 335 milioni di euro spalmati su 12 anni. Facendo due conti:\u00a0<strong>28 milioni l\u2019anno<\/strong>. Come ha sottolineato ironicamente il sindaco Kufen:\u00a0<em>\u201cCon quei soldi, se siamo fortunati, ci costruiamo due scuole e mezzo\u201d<\/em>.<\/p>\n<p>Il problema \u00e8 strutturale. Merz e il governo federale mantengono una linea dura sul bilancio statale, scaricando gli oneri sociali sulle municipalit\u00e0 senza fornire le risorse adeguate per coprirli. \u00c8 la classica strategia neoliberista miope: il bilancio centrale sembra sano, investe pesantemente in armamento, ma il sistema crolla dalle fondamenta.<\/p>\n<p><strong>Se i comuni non possono investire, non possono manutenere le strade, non possono garantire asili nido o illuminazione pubblica, l\u2019economia locale si deprime ulteriormente.<\/strong>\u00a0\u00c8 un circolo vizioso recessivo da manuale, che nessun economista serio\u00a0 esiterebbe a condannare.<\/p>\n<h3>Le conseguenze sociali: quando lo Stato sparisce<\/h3>\n<p>Il sindaco Kufen ha toccato un punto nevralgico:\u00a0<em>\u201cSe non riesco a garantire un posto all\u2019asilo o se i lampioni non si accendono la sera, i cittadini che pagano le tasse hanno l\u2019impressione che la politica non stia facendo il suo lavoro. E questo \u00e8 pericoloso per la democrazia\u201d<\/em>.<\/p>\n<p>Quando lo Stato si ritira dai servizi essenziali per mancanza di fondi, il patto sociale si rompe. A Essen, non soffre solo il comune, ma anche i cittadini. Il numero di persone \u201csovra-indebitate\u201d (che non possono ripagare i propri debiti) ha raggiunto i\u00a0<strong>5,7 milioni<\/strong>\u00a0a livello nazionale, un trend in crescita per la prima volta in sei anni. Affitti alle stelle, prezzi dell\u2019energia e dei generi alimentari stanno erodendo il ceto medio, e quando cade il ceto medio, cade la societ\u00e0.<\/p>\n<div id=\"attachment_246151\" class=\"wp-caption aligncenter\"><a href=\"https:\/\/scenarieconomici.it\/wp-content\/uploads\/2025\/11\/essen-impoverita.jpg\"><img loading=\"lazy\" decoding=\"async\" class=\"size-full wp-image-246151 lazyautosizes lazyloaded\" src=\"https:\/\/scenarieconomici.it\/wp-content\/uploads\/2025\/11\/essen-impoverita.jpg.webp\" alt=\"\" width=\"1280\" height=\"698\" aria-describedby=\"caption-attachment-246151\" data-src=\"https:\/\/scenarieconomici.it\/wp-content\/uploads\/2025\/11\/essen-impoverita.jpg.webp\" data-srcset=\"https:\/\/scenarieconomici.it\/wp-content\/uploads\/2025\/11\/essen-impoverita.jpg.webp 1280w, https:\/\/scenarieconomici.it\/wp-content\/uploads\/2025\/11\/essen-impoverita-300x164.jpg.webp 300w, https:\/\/scenarieconomici.it\/wp-content\/uploads\/2025\/11\/essen-impoverita-1024x558.jpg.webp 1024w, https:\/\/scenarieconomici.it\/wp-content\/uploads\/2025\/11\/essen-impoverita-768x419.jpg.webp 768w\" data-sizes=\"auto\" data-eio-rwidth=\"1280\" data-eio-rheight=\"698\" data-src-webp=\"https:\/\/scenarieconomici.it\/wp-content\/uploads\/2025\/11\/essen-impoverita.jpg.webp\" data-srcset-webp=\"https:\/\/scenarieconomici.it\/wp-content\/uploads\/2025\/11\/essen-impoverita.jpg.webp 1280w, https:\/\/scenarieconomici.it\/wp-content\/uploads\/2025\/11\/essen-impoverita-300x164.jpg.webp 300w, https:\/\/scenarieconomici.it\/wp-content\/uploads\/2025\/11\/essen-impoverita-1024x558.jpg.webp 1024w, https:\/\/scenarieconomici.it\/wp-content\/uploads\/2025\/11\/essen-impoverita-768x419.jpg.webp 768w\" \/><\/a><\/p>\n<p id=\"caption-attachment-246151\" class=\"wp-caption-text\">Vedremo una Germania ridotta cos\u00ec?<\/p>\n<\/div>\n<h3><strong>Un modello da ripensare<\/strong><\/h3>\n<p>La Germania si trova di fronte a un bivio. Continuare con la politica del \u201cSchwarze Null\u201d (il pareggio di bilancio feticcio) a livello federale mentre le citt\u00e0 muoiono, oppure accettare che il modello economico basato su export, bassi investimenti pubblici e welfare generoso finanziato dalla crescita perpetua \u00e8 finito.<\/p>\n<p>L\u2019attuale politica di scaricare i costi del welfare e dell\u2019accoglienza sui comuni, senza un adeguato trasferimento fiscale, non \u00e8 solo ingiusta: \u00e8 economicamente suicida.\u00a0<strong>Se falliscono le citt\u00e0, fallisce la Germania. E se fallisce la Germania, per l\u2019Europa sono guai seri<\/strong>. Ma forse, a Berlino, qualcuno pensa ancora che basti far quadrare i conti del Bund per salvare la faccia.<\/p>\n<h3><strong>Domande e risposte<\/strong><\/h3>\n<p><strong>Il deficit delle citt\u00e0 tedesche \u00e8 causato solo dall\u2019incapacit\u00e0 amministrativa locale?<\/strong>\u00a0R: No, si tratta di un problema strutturale e non gestionale. Le entrate dei comuni (legate all\u2019andamento economico locale) stanno calando a causa della recessione, mentre le spese obbligatorie imposte dal governo federale (sussidi sociali, integrazione, adeguamenti salariali) sono esplose. I comuni non hanno leva fiscale sufficiente per coprire questo divario creato a livello centrale (\u201cforbice\u201d tra entrate e uscite).<\/p>\n<p><strong>Quanto incide realmente l\u2019immigrazione sui bilanci locali tedeschi?<\/strong>\u00a0R: L\u2019incidenza \u00e8 molto significativa. Oltre ai costi diretti per l\u2019alloggio, che gravano sui comuni, ci sono i costi indiretti per l\u2019istruzione e il welfare. Con una spesa nazionale stimata di 50 miliardi annui e una percentuale molto alta di beneficiari di sussidi tra la popolazione straniera (63%), i comuni si trovano a dover erogare servizi costosi senza ricevere trasferimenti adeguati dal governo federale per coprirli.<\/p>\n<p><strong>Quali sono i rischi politici di questa crisi finanziaria dei comuni?<\/strong>\u00a0R: Il rischio principale \u00e8 la delegittimazione delle istituzioni democratiche. Se il comune, l\u2019ente pi\u00f9 vicino al cittadino, non riesce a garantire servizi base come illuminazione, scuole e sicurezza, il contribuente percepisce lo Stato come fallimentare. Questo alimenta la sfiducia nella politica tradizionale e favorisce la crescita di partiti di protesta o estremi, creando instabilit\u00e0 sociale in un momento economico gi\u00e0 fragile.<\/p>\n<\/div>\n<\/div>\n<\/div>\n<\/div>\n<\/div>\n<\/div>\n<\/div>\n<\/div>\n<\/div>\n<p>&nbsp;<\/p>\n<p><strong>FONTE:<\/strong>\u00a0<a href=\"https:\/\/scenarieconomici.it\/il-grande-bluff-tedesco-comuni-in-bancarotta-welfare-al-collasso-e-la-cura-merz-che-affossa-gli-enti-locali\/\">https:\/\/scenarieconomici.it\/il-grande-bluff-tedesco-comuni-in-bancarotta-welfare-al-collasso-e-la-cura-merz-che-affossa-gli-enti-locali\/<\/a><\/p>\n","protected":false},"excerpt":{"rendered":"<p>di SCENARIECONOMICI (Fabio Lugano) &nbsp; La Germania affronta un crac silenzioso: quasi tutti i comuni sono in bancarotta. Tra costi del welfare esplosivi, crisi migratoria e la politica di austerit\u00e0 di Merz che scarica i problemi sugli enti locali, il modello tedesco \u00e8 al collasso. Ecco i numeri del disastro che Berlino non dice. &nbsp; &nbsp; La Germania non \u00e8 pi\u00f9 la locomotiva d\u2019Europa, ma rischia di diventarne il vagone deragliato.\u00a0Mentre a Berlino si discute&#46;&#46;&#46;<\/p>\n","protected":false},"author":99,"featured_media":26680,"comment_status":"open","ping_status":"open","sticky":false,"template":"","format":"standard","meta":{"jetpack_post_was_ever_published":false,"_jetpack_newsletter_access":"","_jetpack_dont_email_post_to_subs":false,"_jetpack_newsletter_tier_id":0,"_jetpack_memberships_contains_paywalled_content":false,"_jetpack_memberships_contains_paid_content":false,"footnotes":"","jetpack_publicize_message":"","jetpack_publicize_feature_enabled":true,"jetpack_social_post_already_shared":true,"jetpack_social_options":{"image_generator_settings":{"template":"highway","enabled":false},"version":2}},"categories":[32],"tags":[],"jetpack_publicize_connections":[],"jetpack_featured_media_url":"https:\/\/appelloalpopolo.it\/wp-content\/uploads\/2016\/12\/Scenarieconomici.png","jetpack_sharing_enabled":true,"jetpack_shortlink":"https:\/\/wp.me\/p7ZaJ4-o9v","_links":{"self":[{"href":"https:\/\/appelloalpopolo.it\/index.php?rest_route=\/wp\/v2\/posts\/92845"}],"collection":[{"href":"https:\/\/appelloalpopolo.it\/index.php?rest_route=\/wp\/v2\/posts"}],"about":[{"href":"https:\/\/appelloalpopolo.it\/index.php?rest_route=\/wp\/v2\/types\/post"}],"author":[{"embeddable":true,"href":"https:\/\/appelloalpopolo.it\/index.php?rest_route=\/wp\/v2\/users\/99"}],"replies":[{"embeddable":true,"href":"https:\/\/appelloalpopolo.it\/index.php?rest_route=%2Fwp%2Fv2%2Fcomments&post=92845"}],"version-history":[{"count":1,"href":"https:\/\/appelloalpopolo.it\/index.php?rest_route=\/wp\/v2\/posts\/92845\/revisions"}],"predecessor-version":[{"id":92846,"href":"https:\/\/appelloalpopolo.it\/index.php?rest_route=\/wp\/v2\/posts\/92845\/revisions\/92846"}],"wp:featuredmedia":[{"embeddable":true,"href":"https:\/\/appelloalpopolo.it\/index.php?rest_route=\/wp\/v2\/media\/26680"}],"wp:attachment":[{"href":"https:\/\/appelloalpopolo.it\/index.php?rest_route=%2Fwp%2Fv2%2Fmedia&parent=92845"}],"wp:term":[{"taxonomy":"category","embeddable":true,"href":"https:\/\/appelloalpopolo.it\/index.php?rest_route=%2Fwp%2Fv2%2Fcategories&post=92845"},{"taxonomy":"post_tag","embeddable":true,"href":"https:\/\/appelloalpopolo.it\/index.php?rest_route=%2Fwp%2Fv2%2Ftags&post=92845"}],"curies":[{"name":"wp","href":"https:\/\/api.w.org\/{rel}","templated":true}]}}