{"id":92900,"date":"2025-11-28T10:30:27","date_gmt":"2025-11-28T09:30:27","guid":{"rendered":"https:\/\/appelloalpopolo.it\/?p=92900"},"modified":"2025-11-27T12:40:23","modified_gmt":"2025-11-27T11:40:23","slug":"ecco-le-nuove-trumpate-usa-contro-lue-e-pro-apple-amazon-e-meta","status":"publish","type":"post","link":"https:\/\/appelloalpopolo.it\/?p=92900","title":{"rendered":"Ecco le nuove trumpate Usa contro l\u2019Ue e pro Apple, Amazon e Meta"},"content":{"rendered":"<p style=\"text-align: left;\"><strong>di\u00a0STARTMAG (Davide Carretta)<\/strong><\/p>\n<div class=\"vcex-post-excerpt vcex-module wpex-text-pretty wpex-last-mb-0 vcex_692616ec49e16\" style=\"text-align: left;\">\n<h4>Che cosa succede tra Usa e Ue sulle regole digitali. Estratto dal Mattinale Europeo.<\/h4>\n<p><img loading=\"lazy\" decoding=\"async\" class=\"size-medium wp-image-92920\" src=\"https:\/\/appelloalpopolo.it\/wp-content\/uploads\/2025\/11\/Imagoeconomica_2481876-scaled-e1759988126962-1170x550-1-300x141.jpg\" alt=\"\" width=\"300\" height=\"141\" srcset=\"https:\/\/appelloalpopolo.it\/wp-content\/uploads\/2025\/11\/Imagoeconomica_2481876-scaled-e1759988126962-1170x550-1-300x141.jpg 300w, https:\/\/appelloalpopolo.it\/wp-content\/uploads\/2025\/11\/Imagoeconomica_2481876-scaled-e1759988126962-1170x550-1-1024x481.jpg 1024w, https:\/\/appelloalpopolo.it\/wp-content\/uploads\/2025\/11\/Imagoeconomica_2481876-scaled-e1759988126962-1170x550-1-768x361.jpg 768w, https:\/\/appelloalpopolo.it\/wp-content\/uploads\/2025\/11\/Imagoeconomica_2481876-scaled-e1759988126962-1170x550-1-520x245.jpg 520w, https:\/\/appelloalpopolo.it\/wp-content\/uploads\/2025\/11\/Imagoeconomica_2481876-scaled-e1759988126962-1170x550-1-720x340.jpg 720w, https:\/\/appelloalpopolo.it\/wp-content\/uploads\/2025\/11\/Imagoeconomica_2481876-scaled-e1759988126962-1170x550-1.jpg 1170w\" sizes=\"(max-width: 300px) 100vw, 300px\" \/><\/p>\n<\/div>\n<div id=\"speakup-player\" style=\"text-align: left;\">\n<div class=\"speakup-container black-white\">\n<div class=\"speakup-floating-player-container speakup-visible\"><\/div>\n<\/div>\n<\/div>\n<div class=\"vcex-post-content\" style=\"text-align: left;\">\n<p><em>Donald Trump, presidente USA e Ursula Von der Leyen, presidente Commissione europea\u00a0<\/em><\/p>\n<p>Il segretario al Commercio americano, Howard Lutnick, e il rappresentante per il Commercio, Jamieson Greer, ieri sono stati invitati a pranzo dai ministri del Commercio dell\u2019Unione europea. I ventisette avevano messo sul men\u00f9 una lunga lista di richieste per esentare dai dazi una serie di prodotti europei, o almeno ridurli, come i derivati dell\u2019acciaio, il vino e i liquori. Invece gli europei hanno dovuto digerire un nuovo ricatto: l\u2019Amministrazione Trump sar\u00e0 disponibile a discuterne solo quando l\u2019Ue avr\u00e0 modificato la sua regolamentazione digitale.<\/p>\n<h2>Il nuovo ricatto di Trump, \u201cmeno regole digitali, meno dazi sull\u2019acciaio\u201d<\/h2>\n<p>\u201cIl nostro suggerimento \u00e8 che l\u2019Ue prenda in seria considerazione l\u2019analisi delle norme digitali e che trovi un approccio equilibrato che funzioni con noi. Se ci riescono, affronteremo insieme il\u00a0<a href=\"https:\/\/www.startmag.it\/energia\/commissione-europea-acciaio-dazi-quote\/\">settore dell\u2019acciaio e dell\u2019alluminio<\/a>\u201d, ha detto Lutnick. La richiesta \u00e8 anche di chiudere i casi aperti contro i colossi americani come Apple, Amazon e Meta. \u201cRisolvete questi casi e create un quadro nel quale siamo a nostro agio, e poi possiamo affrontare l\u2019acciaio e l\u2019alluminio con una lista che vada bene all\u2019Ue\u201d, ha spiegato Lutnick.<\/p>\n<h2>Panico al Berlaymont per la nuova richiesta di Daddy<\/h2>\n<p>Di fronte alla nuova offensiva americana sul digitale, il commissario al Commercio, Maros Sefcovic, \u00e8 rimasto impassibile, incapace di formulare una risposta all\u2019altezza del ricatto. \u201cAbbiamo spiegato come funziona la nostra legislazione, non \u00e8 discriminatoria e non \u00e8 rivolta contro aziende americane. Dobbiamo semplicemente fornire maggiori spiegazioni a riguardo, ci impegneremo in questo processo\u201d, ha detto il commissario. Non molto di fronte a un nuovo diktat di \u201cDaddy\u201d Trump.<\/p>\n<p>Non a caso i portavoce della Commissione hanno dovuto correre ai ripari. \u201cSiamo sempre aperti a discutere con partner che condividono i nostri stessi interessi di tutti gli argomenti e le potenziali preoccupazioni, ma questo non cambia il fatto che l\u2019Europa ha il diritto sovrano di legiferare\u201d, ha precisato un portavoce. \u201cL\u2019obiettivo della nostra legislazione digitale \u00e8 proteggere i consumatori e le imprese europee. E sosteniamo pienamente i nostri standard e valori europei\u201d. La linea \u00e8 che la legislazione digitale sovrana dell\u2019Ue non \u00e8 negoziabile. Almeno per il momento.<\/p>\n<h2>Sefcovic si difende con centinaia di miliardi di acquisti di gas<\/h2>\n<p>Il commissario Sefcovic sperava che bastassero un po\u2019 di numeri a convincere Donald Trump a fare alcune concessioni minime all\u2019Ue. L\u2019accordo di Turnberry imposto all\u2019Ue prevede 750 miliardi di acquisti energetici dagli Stati Uniti e 600 miliardi di investimenti. \u201cGli acquisti di energia dell\u2019Ue \u2013 che comprendono gas naturale liquefatto, petrolio e combustibile nucleare \u2013 hanno gi\u00e0 raggiunto i 200 miliardi di dollari quest\u2019anno.<\/p>\n<p>La quota di GNL importato dagli stati Uniti \u00e8 salita dal 45 al 60 per cento\u201d, ha detto Sefcovic prima del pranzo con le controparti americane. \u201cDa gennaio gli investimenti dell\u2019Ue negli Stati Uniti sono stati 154 miliardi di euro\u201d, ha aggiunto il commissario. Ma non sembra essere bastato per comprare la benevolenza dell\u2019Amministrazione Trump. Greer ha escluso concessioni anche in settori meno importanti, come il vino e liquori, prima che il Parlamento europeo abbia effettivamente azzerato i dazi sui prodotti americani. \u201cLa cosa pi\u00f9 importante ora \u00e8 implementare la dichiarazione congiunta. \u00c8 davvero difficile passare ad altre questioni prima di attuare il testo\u201d, ha detto Greer.<\/p>\n<p><em>(Estratto dal\u00a0<a href=\"https:\/\/davidcarretta.substack.com\/\">Mattinale Europeo<\/a>)<\/em><\/p>\n<\/div>\n<p style=\"text-align: left;\"><strong>FONTE<\/strong>:\u00a0<a href=\"https:\/\/www.startmag.it\/primo-piano\/trump-unione-europea-regole-digitale-dazi-acciaio\/\">https:\/\/www.startmag.it\/primo-piano\/trump-unione-europea-regole-digitale-dazi-acciaio\/<\/a><\/p>\n","protected":false},"excerpt":{"rendered":"<p>di\u00a0STARTMAG (Davide Carretta) Che cosa succede tra Usa e Ue sulle regole digitali. Estratto dal Mattinale Europeo. Donald Trump, presidente USA e Ursula Von der Leyen, presidente Commissione europea\u00a0 Il segretario al Commercio americano, Howard Lutnick, e il rappresentante per il Commercio, Jamieson Greer, ieri sono stati invitati a pranzo dai ministri del Commercio dell\u2019Unione europea. I ventisette avevano messo sul men\u00f9 una lunga lista di richieste per esentare dai dazi una serie di prodotti&#46;&#46;&#46;<\/p>\n","protected":false},"author":97,"featured_media":0,"comment_status":"open","ping_status":"open","sticky":false,"template":"","format":"standard","meta":{"jetpack_post_was_ever_published":false,"_jetpack_newsletter_access":"","_jetpack_dont_email_post_to_subs":false,"_jetpack_newsletter_tier_id":0,"_jetpack_memberships_contains_paywalled_content":false,"_jetpack_memberships_contains_paid_content":false,"footnotes":"","jetpack_publicize_message":"","jetpack_publicize_feature_enabled":true,"jetpack_social_post_already_shared":true,"jetpack_social_options":{"image_generator_settings":{"template":"highway","enabled":false},"version":2}},"categories":[32],"tags":[],"jetpack_publicize_connections":[],"jetpack_featured_media_url":"","jetpack_sharing_enabled":true,"jetpack_shortlink":"https:\/\/wp.me\/p7ZaJ4-oao","_links":{"self":[{"href":"https:\/\/appelloalpopolo.it\/index.php?rest_route=\/wp\/v2\/posts\/92900"}],"collection":[{"href":"https:\/\/appelloalpopolo.it\/index.php?rest_route=\/wp\/v2\/posts"}],"about":[{"href":"https:\/\/appelloalpopolo.it\/index.php?rest_route=\/wp\/v2\/types\/post"}],"author":[{"embeddable":true,"href":"https:\/\/appelloalpopolo.it\/index.php?rest_route=\/wp\/v2\/users\/97"}],"replies":[{"embeddable":true,"href":"https:\/\/appelloalpopolo.it\/index.php?rest_route=%2Fwp%2Fv2%2Fcomments&post=92900"}],"version-history":[{"count":3,"href":"https:\/\/appelloalpopolo.it\/index.php?rest_route=\/wp\/v2\/posts\/92900\/revisions"}],"predecessor-version":[{"id":92921,"href":"https:\/\/appelloalpopolo.it\/index.php?rest_route=\/wp\/v2\/posts\/92900\/revisions\/92921"}],"wp:attachment":[{"href":"https:\/\/appelloalpopolo.it\/index.php?rest_route=%2Fwp%2Fv2%2Fmedia&parent=92900"}],"wp:term":[{"taxonomy":"category","embeddable":true,"href":"https:\/\/appelloalpopolo.it\/index.php?rest_route=%2Fwp%2Fv2%2Fcategories&post=92900"},{"taxonomy":"post_tag","embeddable":true,"href":"https:\/\/appelloalpopolo.it\/index.php?rest_route=%2Fwp%2Fv2%2Ftags&post=92900"}],"curies":[{"name":"wp","href":"https:\/\/api.w.org\/{rel}","templated":true}]}}