{"id":92963,"date":"2025-12-01T10:02:58","date_gmt":"2025-12-01T09:02:58","guid":{"rendered":"https:\/\/appelloalpopolo.it\/?p=92963"},"modified":"2025-12-01T10:02:58","modified_gmt":"2025-12-01T09:02:58","slug":"oltre-la-propaganda-dentro-il-conflitto","status":"publish","type":"post","link":"https:\/\/appelloalpopolo.it\/?p=92963","title":{"rendered":"Oltre la Propaganda, Dentro il Conflitto"},"content":{"rendered":"<p><strong>da CONFLITTI E STRATEGIE (Gianni Petrosillo)<\/strong><\/p>\n<p><img loading=\"lazy\" decoding=\"async\" class=\"attachment-featured_image size-featured_image wp-post-image\" src=\"https:\/\/www.conflittiestrategie.it\/indice\/wp-content\/uploads\/2025\/09\/IMG_8342-860x280.jpeg\" alt=\"Screenshot\" width=\"860\" height=\"280\" \/><\/p>\n<div class=\"entry clearfix\">\n<h4>La Lezione di La Grassa sui gruppi dominanti in lotta per la preminenza<\/h4>\n<p>Mettiamo un po\u2019 d\u2019ordine tra i falsi proclami e le astuzie con cui i leader europei mascherano la loro propaganda, iniziando ogni discorso denunciando una presunta propaganda russa che si starebbe diffondendo capillarmente nelle nostre societ\u00e0 e avvelenandole con le sue menzogne. \u00c8 necessario mettere subito i puntini sulle i, \u00e8 vero che oggi esiste una lotta tra propagande contrapposte, ciascuna impegnata a infiltrarsi nel campo avversario e, soprattutto, a uniformare il proprio sistema sociale a un\u2019unica versione dei fatti, ma esiste anche una tendenza storica che mette in risalto alcune menzogne evidenti.<\/p>\n<p>Quando i leader europei parlano di \u201cguerra ibrida\u201d, non si stanno rivolgendo all\u2019esterno, bens\u00ec all\u2019interno dei propri sistemi. Si tratta di operazioni speciali che contraddicono apertamente i presunti principi democratici di cui si vantano, in contrapposizione alle potenze revisionistiche che minerebbero l\u2019ordine internazionale. In realt\u00e0, siamo davanti a una stretta autoritaria sulle proprie popolazioni, non a una guerra ideologica contro Russia e Cina. Il timore vero \u00e8 che il castello di falsit\u00e0 che hanno costruito possa crollare.<\/p>\n<p>E in che cosa consiste questo castello di falsit\u00e0 che con la guerra ibrida vogliono coprire se non nel fatto che l\u2019Europa non sia un\u2019entit\u00e0 politica indipendente ma completamente sotto il controllo degli Stati Uniti. Va per\u00f2 chiarito che essere sotto il controllo americano non significa essere dipendenti da un unico soggetto. Parliamo di Stati Uniti come se fossero un monoblocco politico, ma cos\u00ec non \u00e8. Gli Stati Uniti sono la potenza imperiale che controlla il nostro destino, ma al loro interno si confrontano gruppi di potere diversi che cercano di imporre sull\u2019Europa la propria visione dell\u2019impero.<\/p>\n<p>Le attuali classi dirigenti europee guardano a Trump come fumo negli occhi perch\u00e9 collegate ad altri settori americani antitrumpiani, gli stessi che avevano in Biden il punto di riferimento. \u00c8 evidente che queste \u00e9lite europee siano in difficolt\u00e0, devono adattarsi a un diverso approccio politico che porta con s\u00e9 una nuova concezione dell\u2019azione americana sull\u2019Europa e sui suoi avversari.<\/p>\n<p>Alla luce di ci\u00f2, quando i leader europei, in blanda dissidenza con Trump, perch\u00e9 pur non essendo sulla sua linea non possono spingersi troppo oltre, propongono di sostituire la NATO con un esercito europeo per combattere la Russia, fanno semplicemente ridere. Se davvero si formasse un esercito europeo autonomo, e il concetto stesso \u00e8 fragile perch\u00e9 l\u2019Europa non \u00e8 una federazione, non esiste un governo unico, e siamo ancora francesi, tedeschi, italiani, spagnoli, i primi a intervenire sarebbero proprio gli americani, che non avrebbero nemmeno bisogno di invaderci, avendo gi\u00e0 basi diffuse sul nostro territorio. A quel punto, conosceremmo la guerra in tutte le sue forme, prima terroristiche e poi convenzionali, e a portarcela sarebbero gli americani e non i russi.<\/p>\n<p>C\u2019\u00e8 di pi\u00f9, quando gli europei affermano che, anche se Trump si disimpegnasse dall\u2019Ucraina, loro continuerebbero a sostenerla, non sono loro a parlare, ma un altro settore del sistema americano, quello opposto all\u2019attuale Presidente. Dietro i presidenti degli Stati Uniti agiscono, pi\u00f9 o meno silenziosamente, conflitti tra gruppi dominanti contrapposti, all\u2019esterno gli USA appaiono come un\u2019unica entit\u00e0, ma non lo sono. L\u2019egemonia politica interna si sposta a seconda delle fasi, e questi gruppi si influenzano reciprocamente, ottenendo vantaggi o svantaggi indipendentemente dall\u2019etichetta politica del presidente di turno.<\/p>\n<p>\u00c8 chiaro che l\u2019Europa, quando alza la voce, parla con le corde vocali di qualcun altro, perch\u00e9 non decide nulla, esegue ordini spesso contraddittori e, se sbaglia nel decodificarli, i suoi leader vengono sostituiti. \u00c8 probabilmente ci\u00f2 che accadr\u00e0 presto a una parte consistente dell\u2019attuale classe dirigente europea, incapace di interpretare correttamente i diktat statunitensi, sempre pi\u00f9 difficili da eseguire perch\u00e9 non univoci a causa del riposizionamento Usa in un mondo sempre meno unipolare. Chi sbaglia paga per tutti, questo perch\u00e9 gli americani sono i padroni dell\u2019Europa e spetta ai sottoposti capire come eseguire gli ordini e fino a dove possono spingersi nel tradurli in atti concreti.<\/p>\n<p>Una cosa \u00e8 certa, l\u2019Europa non pu\u00f2 creare nulla che sfugga al controllo dell\u2019impero, figuriamoci un esercito europeo al di fuori della catena di comando statunitense. Questo rende evidente che chi denuncia con foga la \u201cpropaganda russa\u201d \u00e8, in realt\u00e0, il vero propagandista. Intellettuali e politici di supporto sono oggi modesti, non riescono a elaborare una narrazione pi\u00f9 credibile della retorica sulla democrazia in pericolo e sullo scontro tra civilt\u00e0 del diritto e autocrazie, mentre contemporaneamente cercano di comprimere i diritti dei cittadini dissenzienti, a dir il vero pochi e disorganizzati.<\/p>\n<p>Per carit\u00e0, anche se con pi\u00f9 slancio emotivo essendo rinata dopo la caduta dell\u2019Urss, neppure la Russia brilla di novit\u00e0, la suq propaganda non riesce a produrre grandi sistemi di pensiero come un tempo, limitandosi a difendere un passato glorioso e tradizionale che l\u2019Occidente vorrebbe cancellare introducendo idee sociali bizzarre come la cancel culture. Anche la Cina offre una visione contraddittoria, quella di un \u201csocialismo di mercato\u201d che mescola vecchio e nuovo e ossimori incauti senza suscitare grandi entusiasmi.<\/p>\n<p>Siamo in attesa di grandi idee, adeguate alle nuove tensioni globali, capaci di mobilitare davvero le masse, come accadde un tempo con comunismo, fascismo, nazismo e con la stessa democrazia. Oggi nessuno \u00e8 disposto a difendere la patria per il diritto a contrarre matrimoni eterogenei o per l\u2019abolizione del Natale o perch\u00e9 dalle pareti delle scuole scompare il crocefisso. Il mondo attende una nuova visione del futuro, una promessa di rinnovamento radicale del destino umano. Finch\u00e9 non emerger\u00e0 una nuova grande ideologia (in contrapposizione alle precedenti o ad altre ugualmente nascenti) capace di infiammare gli animi, le masse non avranno una ragione meno banale per sacrificarsi.<\/p>\n<p>Oggi studiare il pensiero di La Grassa sarebbe un vero toccasana per comprendere ci\u00f2 che sta accadendo a livello di conflitto strategico tra gruppi dominanti, sia nella formazione capitalistica globale sia nelle dinamiche interne alle varie aree geopolitiche e ai singoli Stati. Ma forse proprio perch\u00e9 queste dinamiche devono restare inaccessibili ai pi\u00f9, i suoi studi sul conflitto nella societ\u00e0 contemporanea continuano a essere relegati a un numero ristretto di lettori realmente interessati, insegretiti da media e accademia.<\/p>\n<p><strong>FONTE:\u00a0<a href=\"https:\/\/www.conflittiestrategie.it\/oltre-la-propaganda-dentro-il-conflitto\">https:\/\/www.conflittiestrategie.it\/oltre-la-propaganda-dentro-il-conflitto<\/a><\/strong><\/p>\n<\/div>\n","protected":false},"excerpt":{"rendered":"<p>da CONFLITTI E STRATEGIE (Gianni Petrosillo) La Lezione di La Grassa sui gruppi dominanti in lotta per la preminenza Mettiamo un po\u2019 d\u2019ordine tra i falsi proclami e le astuzie con cui i leader europei mascherano la loro propaganda, iniziando ogni discorso denunciando una presunta propaganda russa che si starebbe diffondendo capillarmente nelle nostre societ\u00e0 e avvelenandole con le sue menzogne. \u00c8 necessario mettere subito i puntini sulle i, \u00e8 vero che oggi esiste una&#46;&#46;&#46;<\/p>\n","protected":false},"author":103,"featured_media":82047,"comment_status":"open","ping_status":"open","sticky":false,"template":"","format":"standard","meta":{"jetpack_post_was_ever_published":false,"_jetpack_newsletter_access":"","_jetpack_dont_email_post_to_subs":false,"_jetpack_newsletter_tier_id":0,"_jetpack_memberships_contains_paywalled_content":false,"_jetpack_memberships_contains_paid_content":false,"footnotes":"","jetpack_publicize_message":"","jetpack_publicize_feature_enabled":true,"jetpack_social_post_already_shared":true,"jetpack_social_options":{"image_generator_settings":{"template":"highway","enabled":false},"version":2}},"categories":[32],"tags":[],"jetpack_publicize_connections":[],"jetpack_featured_media_url":"https:\/\/appelloalpopolo.it\/wp-content\/uploads\/2023\/10\/Conflittiestrategie.jpg","jetpack_sharing_enabled":true,"jetpack_shortlink":"https:\/\/wp.me\/p7ZaJ4-obp","_links":{"self":[{"href":"https:\/\/appelloalpopolo.it\/index.php?rest_route=\/wp\/v2\/posts\/92963"}],"collection":[{"href":"https:\/\/appelloalpopolo.it\/index.php?rest_route=\/wp\/v2\/posts"}],"about":[{"href":"https:\/\/appelloalpopolo.it\/index.php?rest_route=\/wp\/v2\/types\/post"}],"author":[{"embeddable":true,"href":"https:\/\/appelloalpopolo.it\/index.php?rest_route=\/wp\/v2\/users\/103"}],"replies":[{"embeddable":true,"href":"https:\/\/appelloalpopolo.it\/index.php?rest_route=%2Fwp%2Fv2%2Fcomments&post=92963"}],"version-history":[{"count":1,"href":"https:\/\/appelloalpopolo.it\/index.php?rest_route=\/wp\/v2\/posts\/92963\/revisions"}],"predecessor-version":[{"id":92964,"href":"https:\/\/appelloalpopolo.it\/index.php?rest_route=\/wp\/v2\/posts\/92963\/revisions\/92964"}],"wp:featuredmedia":[{"embeddable":true,"href":"https:\/\/appelloalpopolo.it\/index.php?rest_route=\/wp\/v2\/media\/82047"}],"wp:attachment":[{"href":"https:\/\/appelloalpopolo.it\/index.php?rest_route=%2Fwp%2Fv2%2Fmedia&parent=92963"}],"wp:term":[{"taxonomy":"category","embeddable":true,"href":"https:\/\/appelloalpopolo.it\/index.php?rest_route=%2Fwp%2Fv2%2Fcategories&post=92963"},{"taxonomy":"post_tag","embeddable":true,"href":"https:\/\/appelloalpopolo.it\/index.php?rest_route=%2Fwp%2Fv2%2Ftags&post=92963"}],"curies":[{"name":"wp","href":"https:\/\/api.w.org\/{rel}","templated":true}]}}