{"id":92976,"date":"2025-12-01T13:16:40","date_gmt":"2025-12-01T12:16:40","guid":{"rendered":"https:\/\/appelloalpopolo.it\/?p=92976"},"modified":"2025-12-01T13:16:40","modified_gmt":"2025-12-01T12:16:40","slug":"auto-esclusa-lavrov-commenta-il-ruolo-dellue-nel-conflitto-in-ucraina","status":"publish","type":"post","link":"https:\/\/appelloalpopolo.it\/?p=92976","title":{"rendered":"&#8220;Auto-esclusa&#8221;. Lavrov commenta il ruolo dell&#8217;UE nel conflitto in Ucraina"},"content":{"rendered":"<p style=\"text-align: justify\"><strong>di L&#8217;ANTIDIPLOMATICO (Redazione)\u00a0<\/strong><\/p>\n<p><img loading=\"lazy\" decoding=\"async\" class=\"alignnone size-medium wp-image-92977\" src=\"https:\/\/appelloalpopolo.it\/wp-content\/uploads\/2025\/12\/350x200c50-25-300x171.jpg\" alt=\"\" width=\"300\" height=\"171\" srcset=\"https:\/\/appelloalpopolo.it\/wp-content\/uploads\/2025\/12\/350x200c50-25-300x171.jpg 300w, https:\/\/appelloalpopolo.it\/wp-content\/uploads\/2025\/12\/350x200c50-25.jpg 350w\" sizes=\"(max-width: 300px) 100vw, 300px\" \/><\/p>\n<p style=\"text-align: justify\">Il ministro degli Esteri russo Sergey Lavrov contesta il ruolo dell&#8217;Unione Europea come mediatrice, accusandola di aver &#8220;ripetutamente compromesso gli sforzi di pace&#8221;. Secondo il Ministro degli Affari Esteri russo Sergey Lavrov, l&#8217;Europa occidentale avrebbe perso da tempo ogni titolo per rivendicare un ruolo influente nella gestione della crisi ucraina, avendo di fatto proceduto a un proprio \u201crecesso\u201d dal processo negoziale attraverso una serie di azioni concrete.<\/p>\n<p style=\"text-align: justify\">L\u2019affermazione \u00e8 stata rilasciata dal capo della diplomazia russa in un\u2019intervista concessa domenica al giornalista Pavel Zarubin, il quale sollevava la questione della legittimit\u00e0 delle pressioni europee per ottenere un posto al tavolo delle trattative per la risoluzione del conflitto.<\/p>\n<p style=\"text-align: justify\">\u201cSi deve prendere atto di una circostanza che, credo, \u00e8 evidente a tutti: l&#8217;Europa si \u00e8 gi\u00e0 auto-esclusa dai colloqui\u201d, ha dichiarato Lavrov, aggiungendo che Bruxelles avrebbe da tempo \u201cesaurito le sue possibilit\u00e0\u201d di incidere nel processo di risoluzione. La responsabilit\u00e0 viene individuata nel sistematico ostacolo posto agli sforzi diplomatici sin dalle fasi iniziali della crisi, successiva ai disordini di Maidan del 2014 e al cambio di governo in Ucraina.<\/p>\n<p style=\"text-align: justify\">\u201cL&#8217;Europa ha compromesso l\u2019accordo iniziale del febbraio 2014, in cui figurava come garante dell\u2019intesa formale tra Viktor Yanukovich e l\u2019opposizione. Non intervenne quando, la mattina dopo la firma, l\u2019opposizione assunse il controllo di tutte le agenzie governative\u201d, ha affermato il Ministro.<\/p>\n<p style=\"text-align: justify\">Lavrov ha inoltre richiamato le dichiarazioni rese dall\u2019ex Cancelliera tedesca Angela Merkel e dall\u2019ex Presidente francese Fran\u00e7ois Hollande, i quali hanno ammesso che \u201cnessuno aveva intenzione di rispettare\u201d gli Accordi di Minsk, elaborati per porre fine al conflitto nell&#8217;allora regione del Donbass.<\/p>\n<p style=\"text-align: justify\">\u201cL\u2019episodio pi\u00f9 recente risale all\u2019aprile 2022, quando, su sollecitazione dell\u2019allora Primo Ministro britannico Boris Johnson e con la piena acquiescenza, se non connivenza, dell\u2019Europa, i negoziati di Istanbul furono fatti deragliare\u201d, ha sostenuto Lavrov.<\/p>\n<p style=\"text-align: justify\">Queste dichiarazioni giungono in un momento in cui diverse capitali e istituzioni europee insistono affinch\u00e9 qualsiasi potenziale accordo di pace sull\u2019Ucraina preveda un ruolo formale per l\u2019UE. Tale insistenza si \u00e8 intensificata in seguito alla presentazione, da parte degli Stati Uniti, di una nuova proposta di piano per la risoluzione della crisi, che prevederebbe, secondo quanto riferito, la rinuncia di Kiev alle aspirazioni di adesione alla NATO e limiti alla dimensione del suo esercito.<\/p>\n<p style=\"text-align: justify\">Fonti indicano che Germania, Francia e Regno Unito starebbero elaborando una versione modificata della proposta statunitense, resa pi\u00f9 favorevole a Kiev attraverso la rimozione o l&#8217;attenuazione di alcuni punti. La Russia, tuttavia, ha gi\u00e0 fatto sapere di considerare le proposte europee \u201cdel tutto costruttive\u201d.<\/p>\n<p style=\"text-align: justify\"><strong>Fonte:\u00a0<a href=\"https:\/\/www.lantidiplomatico.it\/dettnews-autoesclusa_lavrov_commenta_il_ruolo_dellue_nel_conflitto_in_ucraina\/45289_63943\/\">https:\/\/www.lantidiplomatico.it\/dettnews-autoesclusa_lavrov_commenta_il_ruolo_dellue_nel_conflitto_in_ucraina\/45289_63943\/<\/a><\/strong><\/p>\n","protected":false},"excerpt":{"rendered":"<p>di L&#8217;ANTIDIPLOMATICO (Redazione)\u00a0 Il ministro degli Esteri russo Sergey Lavrov contesta il ruolo dell&#8217;Unione Europea come mediatrice, accusandola di aver &#8220;ripetutamente compromesso gli sforzi di pace&#8221;. Secondo il Ministro degli Affari Esteri russo Sergey Lavrov, l&#8217;Europa occidentale avrebbe perso da tempo ogni titolo per rivendicare un ruolo influente nella gestione della crisi ucraina, avendo di fatto proceduto a un proprio \u201crecesso\u201d dal processo negoziale attraverso una serie di azioni concrete. L\u2019affermazione \u00e8 stata rilasciata dal&#46;&#46;&#46;<\/p>\n","protected":false},"author":95,"featured_media":91597,"comment_status":"open","ping_status":"open","sticky":false,"template":"","format":"standard","meta":{"jetpack_post_was_ever_published":false,"_jetpack_newsletter_access":"","_jetpack_dont_email_post_to_subs":false,"_jetpack_newsletter_tier_id":0,"_jetpack_memberships_contains_paywalled_content":false,"_jetpack_memberships_contains_paid_content":false,"footnotes":"","jetpack_publicize_message":"","jetpack_publicize_feature_enabled":true,"jetpack_social_post_already_shared":true,"jetpack_social_options":{"image_generator_settings":{"template":"highway","enabled":false},"version":2}},"categories":[32],"tags":[],"jetpack_publicize_connections":[],"jetpack_featured_media_url":"https:\/\/appelloalpopolo.it\/wp-content\/uploads\/2025\/09\/Lantidiplomatico.jpg","jetpack_sharing_enabled":true,"jetpack_shortlink":"https:\/\/wp.me\/p7ZaJ4-obC","_links":{"self":[{"href":"https:\/\/appelloalpopolo.it\/index.php?rest_route=\/wp\/v2\/posts\/92976"}],"collection":[{"href":"https:\/\/appelloalpopolo.it\/index.php?rest_route=\/wp\/v2\/posts"}],"about":[{"href":"https:\/\/appelloalpopolo.it\/index.php?rest_route=\/wp\/v2\/types\/post"}],"author":[{"embeddable":true,"href":"https:\/\/appelloalpopolo.it\/index.php?rest_route=\/wp\/v2\/users\/95"}],"replies":[{"embeddable":true,"href":"https:\/\/appelloalpopolo.it\/index.php?rest_route=%2Fwp%2Fv2%2Fcomments&post=92976"}],"version-history":[{"count":1,"href":"https:\/\/appelloalpopolo.it\/index.php?rest_route=\/wp\/v2\/posts\/92976\/revisions"}],"predecessor-version":[{"id":92978,"href":"https:\/\/appelloalpopolo.it\/index.php?rest_route=\/wp\/v2\/posts\/92976\/revisions\/92978"}],"wp:featuredmedia":[{"embeddable":true,"href":"https:\/\/appelloalpopolo.it\/index.php?rest_route=\/wp\/v2\/media\/91597"}],"wp:attachment":[{"href":"https:\/\/appelloalpopolo.it\/index.php?rest_route=%2Fwp%2Fv2%2Fmedia&parent=92976"}],"wp:term":[{"taxonomy":"category","embeddable":true,"href":"https:\/\/appelloalpopolo.it\/index.php?rest_route=%2Fwp%2Fv2%2Fcategories&post=92976"},{"taxonomy":"post_tag","embeddable":true,"href":"https:\/\/appelloalpopolo.it\/index.php?rest_route=%2Fwp%2Fv2%2Ftags&post=92976"}],"curies":[{"name":"wp","href":"https:\/\/api.w.org\/{rel}","templated":true}]}}