{"id":92996,"date":"2025-12-02T11:20:59","date_gmt":"2025-12-02T10:20:59","guid":{"rendered":"https:\/\/appelloalpopolo.it\/?p=92996"},"modified":"2025-12-02T11:22:58","modified_gmt":"2025-12-02T10:22:58","slug":"perche-il-vero-made-in-italy-costa-di-piu-spiegato-facile","status":"publish","type":"post","link":"https:\/\/appelloalpopolo.it\/?p=92996","title":{"rendered":"Perch\u00e9 il (vero) Made in Italy costa di pi\u00f9, spiegato facile"},"content":{"rendered":"<p><strong>da SCENARI ECONOMICI (Costantino Rover)<\/strong><\/p>\n<p><img loading=\"lazy\" decoding=\"async\" class=\"alignnone size-medium wp-image-92997\" src=\"https:\/\/appelloalpopolo.it\/wp-content\/uploads\/2025\/12\/Spirit-of-St.-Louis-made-in-Veneto-dettaglio-dellapplicazione-delletichetta.jpg-300x167.webp\" alt=\"\" width=\"300\" height=\"167\" srcset=\"https:\/\/appelloalpopolo.it\/wp-content\/uploads\/2025\/12\/Spirit-of-St.-Louis-made-in-Veneto-dettaglio-dellapplicazione-delletichetta.jpg-300x167.webp 300w, https:\/\/appelloalpopolo.it\/wp-content\/uploads\/2025\/12\/Spirit-of-St.-Louis-made-in-Veneto-dettaglio-dellapplicazione-delletichetta.jpg-768x428.webp 768w, https:\/\/appelloalpopolo.it\/wp-content\/uploads\/2025\/12\/Spirit-of-St.-Louis-made-in-Veneto-dettaglio-dellapplicazione-delletichetta.jpg.webp 900w\" sizes=\"(max-width: 300px) 100vw, 300px\" \/><\/p>\n<p>La sempre crescente abitudine di acquistare a basso costo ci ha fatto perdere il contatto con la realt\u00e0. E qual \u00e8 questa realt\u00e0? Il fatto che il lavoro di ciascuno di noi alla fine produce beni e servizi che finiscono sul mercato e hanno un prezzo che nelle nostre aspettative dovrebbe essere equiparabile con il nostro impegno e alle nostre fatiche.<\/p>\n<div id=\"div-ddw-ad-VIDEO\">\n<div class=\"DLW_VIDEO\" data-yield-master-placement-inserted=\"\">\n<div id=\"notsy_container_148947951\" class=\"SEC_VIDEO\" data-notsy-container-index=\"1\" data-notsy-mapped-container=\"1\">\n<div id=\"video_72337-container\" class=\"nts-container\" data-mobile=\"1\">\n<div id=\"video_72337-sub-container\" class=\"ym-video--sub-container\">\n<div id=\"video_72337-float-container\" class=\"nts-float-container\">\n<div class=\"ym-video--player-container\">\n<div id=\"video_72337\" class=\"video-js vjs-default-skin vjs-big-play-centered vjs-paused video_72337-dimensions vjs-fluid vjs-controls-enabled vjs-touch-enabled vjs-workinghover vjs-v7 vjs-user-active\" lang=\"it-it\" tabindex=\"-1\" role=\"region\" aria-label=\"Video Player\">\n<div id=\"video_72337_ima-ad-container\" class=\"video_72337_ima-ad-container ima-ad-container\">\n<div id=\"video_72337_ima-controls-div\" class=\"video_72337_ima-controls-div ima-controls-div\">\n<h3 id=\"video_72337_ima-fullscreen-div\" class=\"video_72337_ima-fullscreen-div ima-fullscreen-div ima-non-fullscreen ima-non-fullscreen ima-non-fullscreen\"><strong>La percezione del consumatore che contraddice quella del lavoratore<\/strong><\/h3>\n<\/div>\n<\/div>\n<\/div>\n<\/div>\n<\/div>\n<\/div>\n<\/div>\n<\/div>\n<\/div>\n<\/div>\n<p>Ma questa aspettativa svanisce ogni qualvolta il lavoratore indossa i panni del consumatore e si appresta ad acquistare i beni e i servizi prodotti da un altro lavoratore.<br \/>\nIn quel preciso momento la regola sulla quale vorremmo che i nostri redditi crescessero sempre di pi\u00f9, svanisce.<\/p>\n<p>\u00c8 strano che il cittadino non comprenda che puntando al risparmio ossessivo, innesca una spirale che presto o tardi coinvolger\u00e0 anche lui e il suo reddito.<br \/>\nSar\u00e0 per questo che i lavoratori si siano ormai adattati alla stagnazione dei\u00a0<a href=\"https:\/\/www.corriere.it\/economia\/lavoro\/24_maggio_09\/in-italia-si-guadagna-meno-che-nel-1990-e-l-unico-paese-ue-dove-i-salari-reali-sono-scesi-il-grafico-741356f1-2bd7-46de-b0af-1717f28c6xlk.shtml\" target=\"_blank\" rel=\"noopener\">salari reali fermi al 1990<\/a>?<\/p>\n<p><img loading=\"lazy\" decoding=\"async\" class=\"aligncenter size-full wp-image-246837 lazyautosizes lazyloaded\" src=\"https:\/\/scenarieconomici.it\/wp-content\/uploads\/2025\/12\/In-Italia-i-salari-reali-sono-fermi-al-1990.jpg.webp\" sizes=\"680px\" srcset=\"https:\/\/scenarieconomici.it\/wp-content\/uploads\/2025\/12\/In-Italia-i-salari-reali-sono-fermi-al-1990.jpg.webp 900w, https:\/\/scenarieconomici.it\/wp-content\/uploads\/2025\/12\/In-Italia-i-salari-reali-sono-fermi-al-1990-300x233.jpg.webp 300w, https:\/\/scenarieconomici.it\/wp-content\/uploads\/2025\/12\/In-Italia-i-salari-reali-sono-fermi-al-1990-768x597.jpg.webp 768w\" alt=\"In Italia i salari reali sono fermi al 1990\" width=\"900\" height=\"700\" data-src=\"https:\/\/scenarieconomici.it\/wp-content\/uploads\/2025\/12\/In-Italia-i-salari-reali-sono-fermi-al-1990.jpg.webp\" data-srcset=\"https:\/\/scenarieconomici.it\/wp-content\/uploads\/2025\/12\/In-Italia-i-salari-reali-sono-fermi-al-1990.jpg.webp 900w, https:\/\/scenarieconomici.it\/wp-content\/uploads\/2025\/12\/In-Italia-i-salari-reali-sono-fermi-al-1990-300x233.jpg.webp 300w, https:\/\/scenarieconomici.it\/wp-content\/uploads\/2025\/12\/In-Italia-i-salari-reali-sono-fermi-al-1990-768x597.jpg.webp 768w\" data-sizes=\"auto\" data-eio-rwidth=\"900\" data-eio-rheight=\"700\" data-src-webp=\"https:\/\/scenarieconomici.it\/wp-content\/uploads\/2025\/12\/In-Italia-i-salari-reali-sono-fermi-al-1990.jpg.webp\" data-srcset-webp=\"https:\/\/scenarieconomici.it\/wp-content\/uploads\/2025\/12\/In-Italia-i-salari-reali-sono-fermi-al-1990.jpg.webp 900w, https:\/\/scenarieconomici.it\/wp-content\/uploads\/2025\/12\/In-Italia-i-salari-reali-sono-fermi-al-1990-300x233.jpg.webp 300w, https:\/\/scenarieconomici.it\/wp-content\/uploads\/2025\/12\/In-Italia-i-salari-reali-sono-fermi-al-1990-768x597.jpg.webp 768w\" \/><\/p>\n<h3>Lo stallo dei salari da cosa dipende?<\/h3>\n<p>Per comprendere perch\u00e9 il Made in Italy costa di pi\u00f9, occorre fare un\u2019istantanea della societ\u00e0 italiana odierna. Chi non \u00e8 affetto dalla sindrome della memoria corta, ricorder\u00e0 benissimo la<strong><a href=\"https:\/\/economiaspiegatafacile.it\/mario-draghi-i-traditori-dellitalia\/\" target=\"_blank\" rel=\"noopener\">\u00a0lettera Trichet-Draghi<\/a><\/strong>\u00a0che nel 2011 raggiunse Berlusconi con i suoi\u00a0<em>\u201cconsigli\u201d<\/em>\u00a0su come mantenere competitiva l\u2019economia italiana.<br \/>\nSi trattava di ricette semplici e dirette (adottate da tutte le economia periferiche alla Germania e per questo deflative): ridurre i salari, tagliare le costose garanzie ai lavoratori per tramite di una energica precarizzazione dei contratti, taglio alle pensioni.<br \/>\nUn sacco di consigli che oggi\u00a0<a href=\"https:\/\/economiaspiegatafacile.it\/il-piano-marshall-di-draghi\/\" target=\"_blank\" rel=\"noopener\">Draghi si rimangia<\/a>\u00a0ma che Berlusconi si rifiut\u00f2 di seguire e che gli spalancarono la porta d\u2019uscita da Palazzo Chigi per fare posto a\u00a0<a href=\"https:\/\/economiaspiegatafacile.it\/mario-monti\/\" target=\"_blank\" rel=\"noopener\">Mario Monti<\/a>.<br \/>\nIl \u201csalvatore della Patria su mandato della Troika\u201d fece gli sfaceli che la storia ci racconta.<\/p>\n<p>La contrazione economica e finanziaria dell\u2019Italia e degli italiani, figlia di quei giorni \u00e8 sempre continuata sino ai giorni nostri con a capo quelli che dovevano fare finire la pacchia alla UE e\u00a0<a href=\"https:\/\/www.facebook.com\/paolo.cardena\/posts\/in-mezzo-ai-grandi-del-g7-litalia-%C3%A8-lunica-a-mostrare-un-saldo-primario-struttur\/10241393955096760\/\" target=\"_blank\" rel=\"noopener\">invece gli sta lustrando le scarpe<\/a>.<\/p>\n<p><a href=\"https:\/\/www.facebook.com\/paolo.cardena\/posts\/in-mezzo-ai-grandi-del-g7-litalia-%C3%A8-lunica-a-mostrare-un-saldo-primario-struttur\/10241393955096760\/\"><img loading=\"lazy\" decoding=\"async\" class=\"aligncenter wp-image-246839 size-full lazyautosizes lazyloaded\" src=\"https:\/\/scenarieconomici.it\/wp-content\/uploads\/2025\/12\/i-saldi-primari-del-G7-Paolo-Cardena.jpg.webp\" sizes=\"680px\" srcset=\"https:\/\/scenarieconomici.it\/wp-content\/uploads\/2025\/12\/i-saldi-primari-del-G7-Paolo-Cardena.jpg.webp 900w, https:\/\/scenarieconomici.it\/wp-content\/uploads\/2025\/12\/i-saldi-primari-del-G7-Paolo-Cardena-300x217.jpg.webp 300w, https:\/\/scenarieconomici.it\/wp-content\/uploads\/2025\/12\/i-saldi-primari-del-G7-Paolo-Cardena-768x555.jpg.webp 768w\" alt=\"i saldi primari del G7 Paolo Carden\u00e0\" width=\"900\" height=\"650\" data-src=\"https:\/\/scenarieconomici.it\/wp-content\/uploads\/2025\/12\/i-saldi-primari-del-G7-Paolo-Cardena.jpg.webp\" data-srcset=\"https:\/\/scenarieconomici.it\/wp-content\/uploads\/2025\/12\/i-saldi-primari-del-G7-Paolo-Cardena.jpg.webp 900w, https:\/\/scenarieconomici.it\/wp-content\/uploads\/2025\/12\/i-saldi-primari-del-G7-Paolo-Cardena-300x217.jpg.webp 300w, https:\/\/scenarieconomici.it\/wp-content\/uploads\/2025\/12\/i-saldi-primari-del-G7-Paolo-Cardena-768x555.jpg.webp 768w\" data-sizes=\"auto\" data-eio-rwidth=\"900\" data-eio-rheight=\"650\" data-src-webp=\"https:\/\/scenarieconomici.it\/wp-content\/uploads\/2025\/12\/i-saldi-primari-del-G7-Paolo-Cardena.jpg.webp\" data-srcset-webp=\"https:\/\/scenarieconomici.it\/wp-content\/uploads\/2025\/12\/i-saldi-primari-del-G7-Paolo-Cardena.jpg.webp 900w, https:\/\/scenarieconomici.it\/wp-content\/uploads\/2025\/12\/i-saldi-primari-del-G7-Paolo-Cardena-300x217.jpg.webp 300w, https:\/\/scenarieconomici.it\/wp-content\/uploads\/2025\/12\/i-saldi-primari-del-G7-Paolo-Cardena-768x555.jpg.webp 768w\" \/><\/a><\/p>\n<p>Le conseguenze del drastico e costante impoverimento del Sud Europa si riflettono quindi non soltanto sui consumi, ma anche sulla percezione di massa e individuale dei consumatori che si aspettano che \u2013 tanto cala il potere d\u2019acquisto, tanto dovrebbero scendere i prezzi \u2013 vero \u00e8 che questo non sarebbe altro che una spinta alla spirale perversa che innesca il crollo dell\u2019economia.<\/p>\n<h3>Perch\u00e9 il (vero) Made in Italy costa di pi\u00f9, spiegato facile.<\/h3>\n<p><strong><a href=\"https:\/\/www.spiritofstlouis.it\/made-in-veneto-fatti-in-italia\/\" target=\"_blank\" rel=\"noopener\">In questo articolo<\/a><\/strong>\u00a0apparso nel blog di Spirit of St. Louis, brand di moda artigianale italiano emergente, scopriamo che il prodotto non \u00e8 fatto soltanto di costi delle materie prime e di stipendi, ma \u00e8 composto di molti altri fattori che ai pi\u00f9 sfuggono.<br \/>\nCi sono alcune componenti fondamentali \u2013 presenti perlopi\u00f9 nei prodotti di alta qualit\u00e0 \u2013 che il consumatore non \u00e8 pi\u00f9 abituato a considerare, come il know how, la componente strumentale e l\u2019incrocio tra questi due.<\/p>\n<p><strong><em>La potenza \u00e8 nulla senza controllo<\/em>,<\/strong>\u00a0recitava un vecchio slogan della Pirelli; allo stesso modo\u00a0<a href=\"https:\/\/www.spiritofstlouis.it\/made-in-veneto-fatti-in-italia\/\" target=\"_blank\" rel=\"noopener\">l\u2019articolo<\/a>\u00a0su spiritofstlouis.it ci svela che se da una parte le perenni campagne di delocalizzazione hanno desertificato il settore manifatturiero italiano, dall\u2019altra quei pochi rimasti sanno ancora sfruttare il proprio potenziale solo perch\u00e9 hanno conservato\u00a0<strong>le maestranze in grado di mettere a pieno regime i macchinari spiritofstlouis.it <\/strong>destinati a lavorazioni complesse (e costose).<\/p>\n<p>Ecco perch\u00e9 un capo di abbigliamento apparentemente simile a un altro ha dei costi maggiori. Talvolta \u00e8 dovuto alla difficolt\u00e0 di cucire assieme tessuti molto spessi o difficili da lavorare.<\/p>\n<p>Sullo sfondo rimane ovviamente l\u2019annoso tema dell\u2019elevato costo del lavoro, legato a doppio filo con il grafico del saldo primario e agli esosi utili di bilancio dello Stato italiano, che come primo effetto hanno un prelievo fiscale sia sulle buste paga, che dalle imprese che fanno lievitare i costi finali e garantiscono le redditizie rendite agli operatori del mercato dei Titoli di Stato.<\/p>\n<p><a href=\"https:\/\/www.spiritofstlouis.it\/chi-siamo\/\"><img loading=\"lazy\" decoding=\"async\" class=\"aligncenter wp-image-246848 lazyautosizes lazyloaded\" src=\"https:\/\/scenarieconomici.it\/wp-content\/uploads\/2025\/12\/Logo-Spirit-of-St.-Louis-abbigliamento-made-in-Italy.jpg.webp\" sizes=\"600px\" srcset=\"https:\/\/scenarieconomici.it\/wp-content\/uploads\/2025\/12\/Logo-Spirit-of-St.-Louis-abbigliamento-made-in-Italy.jpg.webp 1000w, https:\/\/scenarieconomici.it\/wp-content\/uploads\/2025\/12\/Logo-Spirit-of-St.-Louis-abbigliamento-made-in-Italy-300x169.jpg.webp 300w, https:\/\/scenarieconomici.it\/wp-content\/uploads\/2025\/12\/Logo-Spirit-of-St.-Louis-abbigliamento-made-in-Italy-768x432.jpg.webp 768w\" alt=\"Logo Spirit of St. Louis, marchio italiano di moda artigianale\" width=\"600\" height=\"338\" data-src=\"https:\/\/scenarieconomici.it\/wp-content\/uploads\/2025\/12\/Logo-Spirit-of-St.-Louis-abbigliamento-made-in-Italy.jpg.webp\" data-srcset=\"https:\/\/scenarieconomici.it\/wp-content\/uploads\/2025\/12\/Logo-Spirit-of-St.-Louis-abbigliamento-made-in-Italy.jpg.webp 1000w, https:\/\/scenarieconomici.it\/wp-content\/uploads\/2025\/12\/Logo-Spirit-of-St.-Louis-abbigliamento-made-in-Italy-300x169.jpg.webp 300w, https:\/\/scenarieconomici.it\/wp-content\/uploads\/2025\/12\/Logo-Spirit-of-St.-Louis-abbigliamento-made-in-Italy-768x432.jpg.webp 768w\" data-sizes=\"auto\" data-eio-rwidth=\"1000\" data-eio-rheight=\"563\" data-src-webp=\"https:\/\/scenarieconomici.it\/wp-content\/uploads\/2025\/12\/Logo-Spirit-of-St.-Louis-abbigliamento-made-in-Italy.jpg.webp\" data-srcset-webp=\"https:\/\/scenarieconomici.it\/wp-content\/uploads\/2025\/12\/Logo-Spirit-of-St.-Louis-abbigliamento-made-in-Italy.jpg.webp 1000w, https:\/\/scenarieconomici.it\/wp-content\/uploads\/2025\/12\/Logo-Spirit-of-St.-Louis-abbigliamento-made-in-Italy-300x169.jpg.webp 300w, https:\/\/scenarieconomici.it\/wp-content\/uploads\/2025\/12\/Logo-Spirit-of-St.-Louis-abbigliamento-made-in-Italy-768x432.jpg.webp 768w\" \/><\/a><\/p>\n<p>Come andr\u00e0 a finire la lotta per la sopravvivenza, tra l\u2019austerit\u00e0, le imprese italiane e la mentalit\u00e0 impoverita e miope dei consumatori?<br \/>\nPer averne un\u2019idea\u00a0<a href=\"https:\/\/www.spiritofstlouis.it\/made-in-veneto-fatti-in-italia\/\"><strong>leggi l\u2019articolo che spiega perch\u00e9 il Made in Italy costa di pi\u00f9<\/strong><\/a><strong>.<\/strong><\/p>\n<p><a href=\"https:\/\/www.spiritofstlouis.it\/chi-siamo\/\"><img loading=\"lazy\" decoding=\"async\" class=\"aligncenter wp-image-246849 size-medium lazyautosizes lazyloaded\" src=\"https:\/\/scenarieconomici.it\/wp-content\/uploads\/2025\/12\/Logo-Spirit-of-St.-Louis-abbigliamento-made-in-Italy-adesivo-255x300.png.webp\" sizes=\"255px\" srcset=\"https:\/\/scenarieconomici.it\/wp-content\/uploads\/2025\/12\/Logo-Spirit-of-St.-Louis-abbigliamento-made-in-Italy-adesivo-255x300.png.webp 255w, https:\/\/scenarieconomici.it\/wp-content\/uploads\/2025\/12\/Logo-Spirit-of-St.-Louis-abbigliamento-made-in-Italy-adesivo-768x903.png.webp 768w, https:\/\/scenarieconomici.it\/wp-content\/uploads\/2025\/12\/Logo-Spirit-of-St.-Louis-abbigliamento-made-in-Italy-adesivo.png.webp 800w\" alt=\"Logo Spirit of St. Louis, marchio italiano di moda artigianale\" width=\"255\" height=\"300\" data-src=\"https:\/\/scenarieconomici.it\/wp-content\/uploads\/2025\/12\/Logo-Spirit-of-St.-Louis-abbigliamento-made-in-Italy-adesivo-255x300.png.webp\" data-srcset=\"https:\/\/scenarieconomici.it\/wp-content\/uploads\/2025\/12\/Logo-Spirit-of-St.-Louis-abbigliamento-made-in-Italy-adesivo-255x300.png.webp 255w, https:\/\/scenarieconomici.it\/wp-content\/uploads\/2025\/12\/Logo-Spirit-of-St.-Louis-abbigliamento-made-in-Italy-adesivo-768x903.png.webp 768w, https:\/\/scenarieconomici.it\/wp-content\/uploads\/2025\/12\/Logo-Spirit-of-St.-Louis-abbigliamento-made-in-Italy-adesivo.png.webp 800w\" data-sizes=\"auto\" data-eio-rwidth=\"255\" data-eio-rheight=\"300\" data-src-webp=\"https:\/\/scenarieconomici.it\/wp-content\/uploads\/2025\/12\/Logo-Spirit-of-St.-Louis-abbigliamento-made-in-Italy-adesivo-255x300.png.webp\" data-srcset-webp=\"https:\/\/scenarieconomici.it\/wp-content\/uploads\/2025\/12\/Logo-Spirit-of-St.-Louis-abbigliamento-made-in-Italy-adesivo-255x300.png.webp 255w, https:\/\/scenarieconomici.it\/wp-content\/uploads\/2025\/12\/Logo-Spirit-of-St.-Louis-abbigliamento-made-in-Italy-adesivo-768x903.png.webp 768w, https:\/\/scenarieconomici.it\/wp-content\/uploads\/2025\/12\/Logo-Spirit-of-St.-Louis-abbigliamento-made-in-Italy-adesivo.png.webp 800w\" \/><\/a><\/p>\n<p><strong>FONTE:\u00a0\u00a0<a href=\"https:\/\/scenarieconomici.it\/perche-il-vero-made-in-italy-costa-di-piu-spiegato-facile\/\">https:\/\/scenarieconomici.it\/perche-il-vero-made-in-italy-costa-di-piu-spiegato-facile\/<\/a><\/strong><\/p>\n","protected":false},"excerpt":{"rendered":"<p>da SCENARI ECONOMICI (Costantino Rover) La sempre crescente abitudine di acquistare a basso costo ci ha fatto perdere il contatto con la realt\u00e0. E qual \u00e8 questa realt\u00e0? Il fatto che il lavoro di ciascuno di noi alla fine produce beni e servizi che finiscono sul mercato e hanno un prezzo che nelle nostre aspettative dovrebbe essere equiparabile con il nostro impegno e alle nostre fatiche. La percezione del consumatore che contraddice quella del lavoratore&#46;&#46;&#46;<\/p>\n","protected":false},"author":103,"featured_media":26680,"comment_status":"open","ping_status":"open","sticky":false,"template":"","format":"standard","meta":{"jetpack_post_was_ever_published":false,"_jetpack_newsletter_access":"","_jetpack_dont_email_post_to_subs":false,"_jetpack_newsletter_tier_id":0,"_jetpack_memberships_contains_paywalled_content":false,"_jetpack_memberships_contains_paid_content":false,"footnotes":"","jetpack_publicize_message":"","jetpack_publicize_feature_enabled":true,"jetpack_social_post_already_shared":true,"jetpack_social_options":{"image_generator_settings":{"template":"highway","enabled":false},"version":2}},"categories":[32],"tags":[],"jetpack_publicize_connections":[],"jetpack_featured_media_url":"https:\/\/appelloalpopolo.it\/wp-content\/uploads\/2016\/12\/Scenarieconomici.png","jetpack_sharing_enabled":true,"jetpack_shortlink":"https:\/\/wp.me\/p7ZaJ4-obW","_links":{"self":[{"href":"https:\/\/appelloalpopolo.it\/index.php?rest_route=\/wp\/v2\/posts\/92996"}],"collection":[{"href":"https:\/\/appelloalpopolo.it\/index.php?rest_route=\/wp\/v2\/posts"}],"about":[{"href":"https:\/\/appelloalpopolo.it\/index.php?rest_route=\/wp\/v2\/types\/post"}],"author":[{"embeddable":true,"href":"https:\/\/appelloalpopolo.it\/index.php?rest_route=\/wp\/v2\/users\/103"}],"replies":[{"embeddable":true,"href":"https:\/\/appelloalpopolo.it\/index.php?rest_route=%2Fwp%2Fv2%2Fcomments&post=92996"}],"version-history":[{"count":3,"href":"https:\/\/appelloalpopolo.it\/index.php?rest_route=\/wp\/v2\/posts\/92996\/revisions"}],"predecessor-version":[{"id":93000,"href":"https:\/\/appelloalpopolo.it\/index.php?rest_route=\/wp\/v2\/posts\/92996\/revisions\/93000"}],"wp:featuredmedia":[{"embeddable":true,"href":"https:\/\/appelloalpopolo.it\/index.php?rest_route=\/wp\/v2\/media\/26680"}],"wp:attachment":[{"href":"https:\/\/appelloalpopolo.it\/index.php?rest_route=%2Fwp%2Fv2%2Fmedia&parent=92996"}],"wp:term":[{"taxonomy":"category","embeddable":true,"href":"https:\/\/appelloalpopolo.it\/index.php?rest_route=%2Fwp%2Fv2%2Fcategories&post=92996"},{"taxonomy":"post_tag","embeddable":true,"href":"https:\/\/appelloalpopolo.it\/index.php?rest_route=%2Fwp%2Fv2%2Ftags&post=92996"}],"curies":[{"name":"wp","href":"https:\/\/api.w.org\/{rel}","templated":true}]}}