{"id":93011,"date":"2025-12-04T08:00:34","date_gmt":"2025-12-04T07:00:34","guid":{"rendered":"https:\/\/appelloalpopolo.it\/?p=93011"},"modified":"2025-12-02T21:16:25","modified_gmt":"2025-12-02T20:16:25","slug":"non-solo-ex-ilva-tutte-le-crisi-dellacciaio-in-germania-e-francia","status":"publish","type":"post","link":"https:\/\/appelloalpopolo.it\/?p=93011","title":{"rendered":"Non solo ex Ilva: tutte le crisi dell\u2019acciaio in Germania e Francia"},"content":{"rendered":"<p><strong>di START MAGAZINE (Marco Dell&#8217;Aguzzo)<\/strong><\/p>\n<div class=\"vcex-post-excerpt vcex-module wpex-text-pretty wpex-last-mb-0 vcex_692f43bad302c\">\n<p>Il futuro di Acciaierie d&#8217;Italia \u00e8 ancora incerto, ma la situazione \u00e8 critica anche nel resto d&#8217;Europa: in Germania Thyssenkrupp vuole licenziare il 40 per cento degli addetti alla siderurgia e ridurre la capacit\u00e0 produttiva, mentre in Francia \u00e8 stata approvata una mozione per nazionalizzare i siti di ArcelorMittal. Tutti i dettagli.<\/p>\n<\/div>\n<div class=\"vcex-post-content\">\n<p>Tra problemi operativi e difficolt\u00e0 nella selezione di un acquirente anche dopo due gare, il futuro di Acciaierie d\u2019Italia \u2013 la societ\u00e0 in amministrazione straordinaria che gestisce gli impianti dell\u2019ex-Ilva, non solo a Taranto \u2013 \u00e8 ancora\u00a0<a href=\"https:\/\/www.startmag.it\/energia\/decreto-legge-ex-ilva-20-novembre-2025\/\">incerto<\/a>. Non soltanto nel nostro paese, comunque, ma in tutta Europa l\u2019industria siderurgica sta vivendo un momento difficile: le ragioni sono diverse, e vanno dai costi di decarbonizzazione ai prezzi alti dell\u2019energia, dalla fiacchezza della domanda interna di acciaio alla\u00a0<a href=\"https:\/\/www.startmag.it\/energia\/alleanza-acciaio-regno-unito-unione-europea-stati-uniti\/\">sovraccapacit\u00e0 sui mercati<\/a>\u00a0che deprime i prezzi di vendita.<\/p>\n<h2>I TAGLI DI THYSSENKRUPP IN GERMANIA<\/h2>\n<p>In Germania, ad esempio, il conglomerato tedesco Thyssenkrupp \u2013 il pi\u00f9 grande produttore di acciaio nel paese \u2013 ha\u00a0<a href=\"https:\/\/www.ft.com\/content\/2fecbe6c-1b9a-4833-81bf-9089e4ae748c\">detto<\/a>\u00a0di voler procedere immediatamente con i licenziamenti e con la riduzione della capacit\u00e0, nell\u2019ottica di una possibile vendita della sua divisione siderurgica. Tra i potenziali acquirenti ci sono il gruppo indiano\u00a0<a href=\"https:\/\/www.startmag.it\/energia\/ex-ilva-jindal-steel-thyssenkrupp\/\">Jindal Steel<\/a>\u00a0e l\u2019imprenditore ceco Daniel Kretinsky, proprietario della compagnia energetica Eph.<\/p>\n<p>Pi\u00f9 nel dettaglio, Thyssenkrupp intende rimuovere il 40 per cento della forza-lavoro nell\u2019unit\u00e0 in questione e diminuire di un quarto la capacit\u00e0 produttiva annua, portandola a nove milioni di tonnellate o poco meno, in modo da trovare pi\u00f9 facilmente un compratore. Non sar\u00e0 facile, comunque: nei primi nove mesi dell\u2019anno fiscale che si \u00e8 concluso lo scorso giugno, la divisione siderurgica ha registrato un calo degli ordini di oltre il 10 per cento su base annua; il quadro generale \u2013 come detto \u2013 \u00e8 sfidante per via della scarsit\u00e0 di domanda, dei prezzi elevati dell\u2019energia e della concorrenza con le economiche importazioni dall\u2019Asia.<\/p>\n<h2>LA FRANCIA NAZIONALIZZER\u00c0 LE ACCIAIERIE DI ARCELORMITTAL?<\/h2>\n<p>Anche in Francia la situazione \u00e8 complicata. Il 27 novembre, infatti, la camera bassa del parlamento ha approvato \u2013 con 127 voti a favore e 41 contrari \u2013 una mozione presentata dal partito di estrema sinistra La France insoumise per la nazionalizzazione delle acciaierie di ArcelorMittal. Il gruppo indiano-lussemburghese \u00e8 il secondo maggiore produttore di acciaio al mondo e nel 2018 acquis\u00ec Ilva, salvo uscirne qualche anno dopo.<\/p>\n<p>Nonostante il voto dell\u2019Assemblea nazionale, il ministro delle Finanze Roland Lescure ha dichiarato che il governo \u00e8\u00a0<a href=\"https:\/\/www.reuters.com\/business\/france-keeps-up-opposition-nationalising-arcelormittal-sites-2025-11-28\/\">contrario<\/a>\u00a0alla nazionalizzazione.<\/p>\n<p>Il presidente della divisione francese di ArcelorMittal, Alain Le Grix, ha\u00a0<a href=\"https:\/\/eurometal.net\/french-national-assembly-backs-nationalizing-arcelormittal-france-defying-government\/\">spiegato<\/a>\u00a0che la societ\u00e0 deve affrontare \u201cuna concorrenza sleale e la nazionalizzazione non risolve in alcun modo questo problema. I nostri siti sono ora esposti a un eccesso di capacit\u00e0 produttiva globale e a importazioni distruttive dai mercati europei\u201d.<\/p>\n<h2>IL REGNO UNITO L\u2019HA GI\u00c0 FATTO: E L\u2019ITALIA?<\/h2>\n<p>Tuttavia, gi\u00e0 il Regno Unito ha proceduto alla nazionalizzazione, lo scorso aprile, di British Steel per evitare la chiusura degli altiforni di Scunthorpe da parte del proprietario, il\u00a0<a href=\"https:\/\/www.startmag.it\/energia\/acciaierie-italia-ex-ilva-baosteel\/\">gruppo cinese Jingye<\/a>. Gli altiforni sono fondamentali per la produzione di acciaio primario, qualitativamente diverso da quello secondario da rottami.<\/p>\n<p>Non \u00e8 escluso che anche Acciaierie d\u2019Italia, gi\u00e0 in amministrazione straordinaria e sostenuta con soldi pubblici,\u00a0<a href=\"https:\/\/www.startmag.it\/energia\/acciaierie-d-italia-fallimento-gara\/\">venga nazionalizzata<\/a>. Nonostante il ministro delle Imprese Adolfo Urso, che sta gestendo il dossier, abbia in passato\u00a0criticato la partecipazione statale nell\u2019ex Ilva, da tempo circola la possibilit\u00e0 di un ingresso nel capitale di Invitalia (l\u2019agenzia per l\u2019attrazione degli investimenti controllata dal ministero dell\u2019Economia) con una quota del 10 per cento.<\/p>\n<\/div>\n<p><strong>FONTE:\u00a0<a href=\"https:\/\/www.startmag.it\/energia\/crisi-acciaio-germania-francia\/\">https:\/\/www.startmag.it\/energia\/crisi-acciaio-germania-francia\/<\/a><\/strong><\/p>\n","protected":false},"excerpt":{"rendered":"<p>di START MAGAZINE (Marco Dell&#8217;Aguzzo) Il futuro di Acciaierie d&#8217;Italia \u00e8 ancora incerto, ma la situazione \u00e8 critica anche nel resto d&#8217;Europa: in Germania Thyssenkrupp vuole licenziare il 40 per cento degli addetti alla siderurgia e ridurre la capacit\u00e0 produttiva, mentre in Francia \u00e8 stata approvata una mozione per nazionalizzare i siti di ArcelorMittal. Tutti i dettagli. Tra problemi operativi e difficolt\u00e0 nella selezione di un acquirente anche dopo due gare, il futuro di Acciaierie&#46;&#46;&#46;<\/p>\n","protected":false},"author":112,"featured_media":48474,"comment_status":"open","ping_status":"open","sticky":false,"template":"","format":"standard","meta":{"jetpack_post_was_ever_published":false,"_jetpack_newsletter_access":"","_jetpack_dont_email_post_to_subs":false,"_jetpack_newsletter_tier_id":0,"_jetpack_memberships_contains_paywalled_content":false,"_jetpack_memberships_contains_paid_content":false,"footnotes":"","jetpack_publicize_message":"","jetpack_publicize_feature_enabled":true,"jetpack_social_post_already_shared":true,"jetpack_social_options":{"image_generator_settings":{"template":"highway","enabled":false},"version":2}},"categories":[32],"tags":[],"jetpack_publicize_connections":[],"jetpack_featured_media_url":"https:\/\/appelloalpopolo.it\/wp-content\/uploads\/2019\/02\/start-magazine.png","jetpack_sharing_enabled":true,"jetpack_shortlink":"https:\/\/wp.me\/p7ZaJ4-ocb","_links":{"self":[{"href":"https:\/\/appelloalpopolo.it\/index.php?rest_route=\/wp\/v2\/posts\/93011"}],"collection":[{"href":"https:\/\/appelloalpopolo.it\/index.php?rest_route=\/wp\/v2\/posts"}],"about":[{"href":"https:\/\/appelloalpopolo.it\/index.php?rest_route=\/wp\/v2\/types\/post"}],"author":[{"embeddable":true,"href":"https:\/\/appelloalpopolo.it\/index.php?rest_route=\/wp\/v2\/users\/112"}],"replies":[{"embeddable":true,"href":"https:\/\/appelloalpopolo.it\/index.php?rest_route=%2Fwp%2Fv2%2Fcomments&post=93011"}],"version-history":[{"count":1,"href":"https:\/\/appelloalpopolo.it\/index.php?rest_route=\/wp\/v2\/posts\/93011\/revisions"}],"predecessor-version":[{"id":93012,"href":"https:\/\/appelloalpopolo.it\/index.php?rest_route=\/wp\/v2\/posts\/93011\/revisions\/93012"}],"wp:featuredmedia":[{"embeddable":true,"href":"https:\/\/appelloalpopolo.it\/index.php?rest_route=\/wp\/v2\/media\/48474"}],"wp:attachment":[{"href":"https:\/\/appelloalpopolo.it\/index.php?rest_route=%2Fwp%2Fv2%2Fmedia&parent=93011"}],"wp:term":[{"taxonomy":"category","embeddable":true,"href":"https:\/\/appelloalpopolo.it\/index.php?rest_route=%2Fwp%2Fv2%2Fcategories&post=93011"},{"taxonomy":"post_tag","embeddable":true,"href":"https:\/\/appelloalpopolo.it\/index.php?rest_route=%2Fwp%2Fv2%2Ftags&post=93011"}],"curies":[{"name":"wp","href":"https:\/\/api.w.org\/{rel}","templated":true}]}}