{"id":93029,"date":"2025-12-05T09:00:01","date_gmt":"2025-12-05T08:00:01","guid":{"rendered":"https:\/\/appelloalpopolo.it\/?p=93029"},"modified":"2025-12-02T23:04:44","modified_gmt":"2025-12-02T22:04:44","slug":"se-litalia-entra-in-guerra-un-sondaggio-shock-del-garante-agli-adolescenti-italiani","status":"publish","type":"post","link":"https:\/\/appelloalpopolo.it\/?p=93029","title":{"rendered":"&#8220;Se l&#8217;Italia entra in guerra&#8221;&#8230;. un sondaggio shock del Garante agli adolescenti italiani"},"content":{"rendered":"<p style=\"text-align: left\"><strong>di L&#8217;ANTIDIPLOMATICO(AGATA IACONO)<\/strong><\/p>\n<div class=\"post-media post-featured-image\" style=\"text-align: left\">\n<div class=\"inimage-wrapper\"><img loading=\"lazy\" decoding=\"async\" class=\"alignnone  wp-image-93030\" src=\"https:\/\/appelloalpopolo.it\/wp-content\/uploads\/2025\/12\/720x410c50-3-300x157.jpg\" alt=\"\" width=\"438\" height=\"229\" srcset=\"https:\/\/appelloalpopolo.it\/wp-content\/uploads\/2025\/12\/720x410c50-3-300x157.jpg 300w, https:\/\/appelloalpopolo.it\/wp-content\/uploads\/2025\/12\/720x410c50-3.jpg 690w\" sizes=\"(max-width: 438px) 100vw, 438px\" \/><\/div>\n<\/div>\n<div id=\"video-evo-player\" class=\"player_evolution\" style=\"text-align: left\">\n<div class=\"gptslot evo-atf\" data-adunitid=\"1\">\n<div class=\"evo-passback\" data-init=\"true\" data-pb=\"pb_300x250\"><ins class=\"adsbygoogle\" data-ad-client=\"ca-pub-8945354104464549\" data-ad-slot=\"3701709072\" data-adsbygoogle-status=\"done\" data-ad-status=\"unfilled\"><\/p>\n<div id=\"aswift_3_host\"><\/div>\n<p><\/ins><\/div>\n<\/div>\n<\/div>\n<div class=\"entry-content evo-first-article\" style=\"text-align: left\" data-evolink=\"https:\/\/www.lantidiplomatico.it\/dettnews-se_litalia_entra_in_guerra_un_sondaggio_shock_del_garante_agli_adolescenti_italiani\/45289_63978\/\" data-evotitle=\"&quot;Se l'Italia entra in guerra&quot;.... un sondaggio shock del Garante agli adolescenti italiani - IN PRIMO PIANO - L'Antidiplomatico\" data-scrollama-index=\"0\">\n<p><em>di Agata Iacono per l&#8217;AntiDiplomatico<\/em><\/p>\n<div class=\"adn ads\" data-message-id=\"#msg-f:1850424667589238484\" data-legacy-message-id=\"19ae076e6346ded4\">\n<div class=\"gs\">\n<div class=\"\">\n<div id=\":2ff\" class=\"ii gt\">\n<div id=\":2fe\" class=\"a3s aiL\">\n<div id=\"avWBGd-231\">\n<div dir=\"auto\">\n<div dir=\"auto\">&#8220;Come ti informi sulla guerra? Quali emozioni provi davanti alle immagini dei conflitti? Cosa pensi del ruolo della tua generazione nella costruzione della pace? Se hai voglia di farci conoscere la tua esperienza puoi rispondere al questionario.&#8221;<\/div>\n<div dir=\"auto\"><\/div>\n<div dir=\"auto\">Con questa presentazione, l&#8217;autorit\u00e0 garante per l&#8217;infanzia e l&#8217;adolescenza, (nominata dal governo Meloni), annuncia in pompa magna una specie di sondaggio aperto ai giovani dai 14 ai 18 anni.<\/div>\n<div dir=\"auto\"><\/div>\n<div dir=\"auto\">Segue una specie di elenco di domande a risposta chiusa, che i promotori dicono di aver concordato con un gruppo di giovani, che si dividono sostanzialmente in due parti.<\/div>\n<div dir=\"auto\"><\/div>\n<div dir=\"auto\">La prima parte pretende di sondare quanto i ragazzi siano disposti ad arruolarsi per difendere la patria, quanto sappiano di guerra e quale sia la fonte privilegiata di informazione.<\/div>\n<div dir=\"auto\"><\/div>\n<div dir=\"auto\"><a href=\"https:\/\/www.ilfattoquotidiano.it\/in-edicola\/articoli\/2025\/12\/02\/italia-in-guerra-ti-arruoleresti-cosi-il-garante-agli-adolescenti\/8213774\/?utm_content=fattoquotidiano&amp;utm_medium=social&amp;utm_campaign=Echobox2021&amp;utm_source=Facebook&amp;fbclid=IwdGRzaAOb7d9leHRuA2FlbQIxMQBzcnRjBmFwcF9pZAwzNTA2ODU1MzE3MjgAAR7YWRzzwGihgtJF1xeRCYf9RtJDdVfHfEsqBscsGSVdAWKJiysw1ztFXl43eA_aem_x9a83keNZAULumREJyA7lg&amp;brid=zmDwBL3JJj_4RBrE2NiUKA&amp;sfnsn=scwspmo\" target=\"_blank\" rel=\"noopener\">Scrive in merito Elisabetta Reguitti sul Fatto Quotidiano:<\/a><\/div>\n<div dir=\"auto\"><em><br \/>\n<\/em><\/p>\n<div class=\"gptslot evo-intext0\" data-adunitid=\"2\">\n<div class=\"evo-passback\" data-init=\"true\" data-pb=\"pb_300x250\"><ins class=\"adsbygoogle\" data-ad-client=\"ca-pub-8945354104464549\" data-ad-slot=\"3701709072\" data-adsbygoogle-status=\"done\" data-ad-status=\"unfilled\"><\/p>\n<div id=\"aswift_7_host\"><\/div>\n<p><\/ins><\/div>\n<\/div>\n<p><em>\u201cSe il mio Paese entrasse in guerra mi sentirei responsabile e se servisse mi arruolerei. Quanto sei d\u2019accordo con questa affermazione? \u201d. Questo viene chiesto oggi nella scuola italiana ai ragazzi dai 14 ai 18 anni. \u00c8 un questionario di 32 domande dal titolo \u201cGuerra e conflitti\u201d disponibile sul sito dell\u2019Autorit\u00e0 garante per l\u2019infanzia e adolescenza guidato da Marina Terragni, nominata dai presidenti di Camera e Senato, Lorenzo Fontana e Ignazio La Russa&#8221;<\/em><\/div>\n<div dir=\"auto\"><\/div>\n<div dir=\"auto\">Ma questo piano di militarizzazione delle scuole, che passa anche attraverso un &#8220;questionario&#8221;, che farebbe bocciare qualsiasi studente di sociologia e metodologia della ricerca, cela di pi\u00f9.<\/div>\n<div dir=\"auto\"><\/div>\n<div dir=\"auto\">Paradossalmente, infatti, \u00e8 proprio la seconda parte quella pi\u00f9 grave e preoccupante, perch\u00e9 propone un parallelismo diretto tra guerre e conflitti individuali e di gruppo.<\/div>\n<div dir=\"auto\"><\/div>\n<div dir=\"auto\">Il messaggio in sintesi \u00e8 che la guerra, le guerre, non hanno motivazioni economiche e geopolitiche, ma sono solo l&#8217;estensione dei piccoli conflitti che avvengono in famiglia, con gli amici, nei social.<\/div>\n<div dir=\"auto\">\n<div class=\"gptslot evo-intext1\" data-adunitid=\"2\">\n<div class=\"evo-passback\" data-init=\"true\" data-pb=\"pb_300x250\"><ins class=\"adsbygoogle\" data-ad-client=\"ca-pub-8945354104464549\" data-ad-slot=\"3701709072\" data-adsbygoogle-status=\"done\" data-ad-status=\"unfilled\"><\/p>\n<div id=\"aswift_8_host\"><\/div>\n<p><\/ins><\/div>\n<\/div>\n<p>Quindi, sei un pacifista?<\/p><\/div>\n<div dir=\"auto\">\nCome puoi aiutare un percorso di pace?<\/div>\n<div dir=\"auto\">\nEcco: dipende se sei disponibile a fare pace o a insistere caparbiamente sulle tue opinioni.<\/div>\n<div dir=\"auto\">\nIn questo modo, con questo accorgimento, la guerra diventa una esperienza quotidiana, si normalizza, nei piccoli litigi di tutti i giorni.<\/div>\n<div dir=\"auto\">\nE, naturalmente, pi\u00f9 sei disposto a subire, meno lotti, e pi\u00f9 sei pacifista&#8230;<\/div>\n<div dir=\"auto\"><\/div>\n<div dir=\"auto\">Sono stati resi noti i primi risultati.<\/div>\n<div dir=\"auto\">\n<a href=\"https:\/\/www.garanteinfanzia.org\/il-68-degli-adolescenti-non-si-arruolerebbe-in-caso-di-guerra-2\/\" target=\"_blank\" rel=\"noopener\">Secondo le prime stime<\/a>, su un campione casuale di 4.000 adolescenti, il 68% avrebbe risposto di non essere disponibile ad immolarsi per difendere la patria.<\/div>\n<div dir=\"auto\">Pare, paradossalmente, che gli stessi giovani si informino prevalentemente guardando la TV&#8230;.<\/div>\n<div dir=\"auto\"><\/div>\n<div dir=\"auto\">Lamentando la critica del FQ, si invitano tutti a leggere le 32 domande per rendersi personalmente conto di quanto non vi sia patriottismo.<\/div>\n<div dir=\"auto\"><\/div>\n<div dir=\"auto\">Peccato che, aprendo il questionario, ci si renda piuttosto conto che pu\u00f2 rispondere chiunque, basta dichiarare di essere giovane, in modo anonimo e non solo.<\/div>\n<div dir=\"auto\">\n<div class=\"gptslot evo-intext2\" data-adunitid=\"2\">\n<div class=\"evo-passback\" data-init=\"true\" data-pb=\"pb_300x250\"><ins class=\"adsbygoogle\" data-ad-client=\"ca-pub-8945354104464549\" data-ad-slot=\"3701709072\" data-adsbygoogle-status=\"done\" data-ad-status=\"unfilled\"><\/p>\n<div id=\"aswift_9_host\"><\/div>\n<p><\/ins><\/div>\n<\/div>\n<p>Si pu\u00f2 rispondere tutte le volte che si vuole, senza limiti, rendendo qualsiasi analisi del report totalmente falsato, spurio e ridicolo.<\/p><\/div>\n<div dir=\"auto\"><\/div>\n<div dir=\"auto\">Neppure quando compili un questionario pubblicitario sulle preferenze tra pecorino o parmigiano puoi rispondere pi\u00f9 di una volta.<\/div>\n<div dir=\"auto\"><\/div>\n<div dir=\"auto\">Eccolo:\u00a0<a href=\"https:\/\/iopartecipo.garanteinfanzia.org\/consultazioni\/consultazione-guerra-e-conflitti\/\" target=\"_blank\" rel=\"noopener\">Consultazione \u201cGuerra e conflitti\u201d &#8211; Io partecipo<\/a><\/div>\n<\/div>\n<\/div>\n<\/div>\n<\/div>\n<\/div>\n<\/div>\n<\/div>\n<\/div>\n<p style=\"text-align: left\"><strong>FONTE<\/strong>:\u00a0<a href=\"https:\/\/www.lantidiplomatico.it\/dettnews-se_litalia_entra_in_guerra_un_sondaggio_shock_del_garante_agli_adolescenti_italiani\/45289_63978\/\">https:\/\/www.lantidiplomatico.it\/dettnews-se_litalia_entra_in_guerra_un_sondaggio_shock_del_garante_agli_adolescenti_italiani\/45289_63978\/<\/a><\/p>\n","protected":false},"excerpt":{"rendered":"<p>di L&#8217;ANTIDIPLOMATICO(AGATA IACONO) di Agata Iacono per l&#8217;AntiDiplomatico &#8220;Come ti informi sulla guerra? Quali emozioni provi davanti alle immagini dei conflitti? Cosa pensi del ruolo della tua generazione nella costruzione della pace? Se hai voglia di farci conoscere la tua esperienza puoi rispondere al questionario.&#8221; Con questa presentazione, l&#8217;autorit\u00e0 garante per l&#8217;infanzia e l&#8217;adolescenza, (nominata dal governo Meloni), annuncia in pompa magna una specie di sondaggio aperto ai giovani dai 14 ai 18 anni. Segue&#46;&#46;&#46;<\/p>\n","protected":false},"author":97,"featured_media":91597,"comment_status":"open","ping_status":"open","sticky":false,"template":"","format":"standard","meta":{"jetpack_post_was_ever_published":false,"_jetpack_newsletter_access":"","_jetpack_dont_email_post_to_subs":false,"_jetpack_newsletter_tier_id":0,"_jetpack_memberships_contains_paywalled_content":false,"_jetpack_memberships_contains_paid_content":false,"footnotes":"","jetpack_publicize_message":"","jetpack_publicize_feature_enabled":true,"jetpack_social_post_already_shared":true,"jetpack_social_options":{"image_generator_settings":{"template":"highway","enabled":false},"version":2}},"categories":[32],"tags":[],"jetpack_publicize_connections":[],"jetpack_featured_media_url":"https:\/\/appelloalpopolo.it\/wp-content\/uploads\/2025\/09\/Lantidiplomatico.jpg","jetpack_sharing_enabled":true,"jetpack_shortlink":"https:\/\/wp.me\/p7ZaJ4-oct","_links":{"self":[{"href":"https:\/\/appelloalpopolo.it\/index.php?rest_route=\/wp\/v2\/posts\/93029"}],"collection":[{"href":"https:\/\/appelloalpopolo.it\/index.php?rest_route=\/wp\/v2\/posts"}],"about":[{"href":"https:\/\/appelloalpopolo.it\/index.php?rest_route=\/wp\/v2\/types\/post"}],"author":[{"embeddable":true,"href":"https:\/\/appelloalpopolo.it\/index.php?rest_route=\/wp\/v2\/users\/97"}],"replies":[{"embeddable":true,"href":"https:\/\/appelloalpopolo.it\/index.php?rest_route=%2Fwp%2Fv2%2Fcomments&post=93029"}],"version-history":[{"count":1,"href":"https:\/\/appelloalpopolo.it\/index.php?rest_route=\/wp\/v2\/posts\/93029\/revisions"}],"predecessor-version":[{"id":93031,"href":"https:\/\/appelloalpopolo.it\/index.php?rest_route=\/wp\/v2\/posts\/93029\/revisions\/93031"}],"wp:featuredmedia":[{"embeddable":true,"href":"https:\/\/appelloalpopolo.it\/index.php?rest_route=\/wp\/v2\/media\/91597"}],"wp:attachment":[{"href":"https:\/\/appelloalpopolo.it\/index.php?rest_route=%2Fwp%2Fv2%2Fmedia&parent=93029"}],"wp:term":[{"taxonomy":"category","embeddable":true,"href":"https:\/\/appelloalpopolo.it\/index.php?rest_route=%2Fwp%2Fv2%2Fcategories&post=93029"},{"taxonomy":"post_tag","embeddable":true,"href":"https:\/\/appelloalpopolo.it\/index.php?rest_route=%2Fwp%2Fv2%2Ftags&post=93029"}],"curies":[{"name":"wp","href":"https:\/\/api.w.org\/{rel}","templated":true}]}}