{"id":93036,"date":"2025-12-05T09:30:55","date_gmt":"2025-12-05T08:30:55","guid":{"rendered":"https:\/\/appelloalpopolo.it\/?p=93036"},"modified":"2025-12-04T11:30:58","modified_gmt":"2025-12-04T10:30:58","slug":"e-la-cosa-peggiore-e-plausibile","status":"publish","type":"post","link":"https:\/\/appelloalpopolo.it\/?p=93036","title":{"rendered":"E la cosa peggiore? \u00c8 plausibile."},"content":{"rendered":"<p style=\"text-align: justify\"><strong>di TERMOMETRO GEOPOLITICO (The Islander)<\/strong><\/p>\n<p><img loading=\"lazy\" decoding=\"async\" class=\"alignnone size-medium wp-image-93037\" src=\"https:\/\/appelloalpopolo.it\/wp-content\/uploads\/2025\/12\/FB_IMG_1764844105420-300x197.jpg\" alt=\"\" width=\"300\" height=\"197\" srcset=\"https:\/\/appelloalpopolo.it\/wp-content\/uploads\/2025\/12\/FB_IMG_1764844105420-300x197.jpg 300w, https:\/\/appelloalpopolo.it\/wp-content\/uploads\/2025\/12\/FB_IMG_1764844105420-1024x673.jpg 1024w, https:\/\/appelloalpopolo.it\/wp-content\/uploads\/2025\/12\/FB_IMG_1764844105420-768x505.jpg 768w, https:\/\/appelloalpopolo.it\/wp-content\/uploads\/2025\/12\/FB_IMG_1764844105420.jpg 1320w\" sizes=\"(max-width: 300px) 100vw, 300px\" \/><\/p>\n<p style=\"text-align: justify\">Se Kim Dotcom ha ragione (la sua media di battuta \u00e8 molto alta) e l&#8217;Ucraina sta davvero sviluppando armi nucleari con l&#8217;aiuto di Regno Unito e Francia, allora l&#8217;Europa non sta solo accelerando. Sta giocando alla roulette russa con la civilt\u00e0.<\/p>\n<p style=\"text-align: justify\">E la cosa peggiore? \u00c8 plausibile. Orribilmente plausibile.<\/p>\n<p style=\"text-align: justify\">Tutto questo si somma tristemente&#8230; Che l&#8217;Ucraina stia sviluppando un programma nucleare con l&#8217;assistenza di Gran Bretagna e Francia, un&#8217;accusa che verr\u00e0 respinta nelle capitali occidentali, ma che si adatta fin troppo bene alle dichiarazioni pubbliche di Kiev. Non si tratta di un&#8217;accusa azzardata proveniente dai margini. La leadership ucraina ha ripetutamente manifestato ambizioni nucleari: da Zelensky a Monaco che ha accennato all&#8217;abbandono del Memorandum di Budapest, all&#8217;ambasciatore Andrey Melnyk a Berlino che ha minacciato il riarmo nucleare, fino a &#8220;potremmo aver bisogno di armi nucleari se la NATO non ci accetta&#8221;. Questi non sono passi falsi. Sono avvertimenti e confessioni camuffate da ipotesi.<\/p>\n<p style=\"text-align: justify\">E ora? L&#8217;Europa sta discutendo apertamente di attacchi preventivi contro la Russia. Il generale di punta della NATO, Cavo Dragone, ha proposto un'&#8221;azione preventiva&#8221; contro i siti russi, un codice che sta a indicare la dottrina del primo attacco. La Russia ha risposto definendola &#8220;una mossa straordinariamente irresponsabile&#8221;. Hanno ragione. Questa non \u00e8 deterrenza, ma politica del rischio calcolato da parte di una classe politica che ha perso la testa, e lo sa.<\/p>\n<p style=\"text-align: justify\">Perch\u00e9 questa affermazione \u00e8 pi\u00f9 che plausibile? Perch\u00e9 Kiev ha il movente, ha dichiarato pubblicamente l&#8217;intenzione (di dare copertura ai suoi sostenitori), ha i resti di una base scientifica sovietica e ha i sostenitori occidentali in grado di fornire le competenze necessarie. E perch\u00e9 uno Stato disperato, con linee del fronte al collasso, una popolazione sacrificata e la pazienza occidentale in calo, prender\u00e0 in considerazione qualsiasi cosa, incluso l&#8217;impensabile, per assicurarsi un vantaggio.<\/p>\n<p style=\"text-align: justify\">E l&#8217;Europa? L&#8217;Europa non \u00e8 un freno. L&#8217;Europa \u00e8 l&#8217;acceleratore. Londra e Parigi, terrorizzate dal proprio collasso politico, stanno intensificando l&#8217;escalation in ogni direzione: terrore con droni navali, guerra ibrida e cinetica, ora ambiguit\u00e0 nucleare. Temono i propri elettori pi\u00f9 di quanto temano Mosca. Ecco perch\u00e9 spingono Zelensky a correre rischi che nessuna leadership sana di mente si sognerebbe di correre. Perch\u00e9 se l&#8217;Ucraina cade, i loro governi cadono con lei.<\/p>\n<p style=\"text-align: justify\">Ecco come le grandi potenze si avviano verso la catastrofe, uno stato fantoccio disperato, \u00e9lite europee squilibrate e ambiguit\u00e0 nucleare. E un&#8217;alleanza militare che discute apertamente di attacchi per primi contro una superpotenza nucleare.<\/p>\n<p style=\"text-align: justify\">Il mondo \u00e8 sull&#8217;orlo del baratro. Non perch\u00e9 la Russia voglia la guerra, ma perch\u00e9 la classe politica europea sta cercando di sfuggire al giudizio che la attende in patria. E se trascinano l&#8217;Ucraina verso un regime terroristico con armi nucleari, o trascinano la NATO verso la dottrina del primo attacco, il prossimo errore di calcolo non sar\u00e0 la &#8220;guerra ibrida&#8221;. Sar\u00e0 irreversibile.<\/p>\n<p style=\"text-align: justify\">Oggi siamo pi\u00f9 vicini all&#8217;abisso che in qualsiasi altro momento dal 1962, e chi sta accendendo la miccia \u00e8 a Bruxelles, Londra e Parigi. Non a Mosca.<\/p>\n<p style=\"text-align: justify\"><em>#TGP #Ucraina #Russia #UK #Francia #Nucleare<\/em><\/p>\n<p style=\"text-align: justify\"><em>Fonte: https:\/\/x.com\/IslanderWORLD\/status\/1995629853417066751<\/em><\/p>\n<p style=\"text-align: justify\"><strong>Fonte:\u00a0<a href=\"https:\/\/www.facebook.com\/share\/p\/1DWo7ixSQQ\/\">https:\/\/www.facebook.com\/share\/p\/1DWo7ixSQQ\/<\/a><\/strong><\/p>\n","protected":false},"excerpt":{"rendered":"<p>di TERMOMETRO GEOPOLITICO (The Islander) Se Kim Dotcom ha ragione (la sua media di battuta \u00e8 molto alta) e l&#8217;Ucraina sta davvero sviluppando armi nucleari con l&#8217;aiuto di Regno Unito e Francia, allora l&#8217;Europa non sta solo accelerando. Sta giocando alla roulette russa con la civilt\u00e0. E la cosa peggiore? \u00c8 plausibile. Orribilmente plausibile. Tutto questo si somma tristemente&#8230; Che l&#8217;Ucraina stia sviluppando un programma nucleare con l&#8217;assistenza di Gran Bretagna e Francia, un&#8217;accusa che&#46;&#46;&#46;<\/p>\n","protected":false},"author":95,"featured_media":86323,"comment_status":"open","ping_status":"open","sticky":false,"template":"","format":"standard","meta":{"jetpack_post_was_ever_published":false,"_jetpack_newsletter_access":"","_jetpack_dont_email_post_to_subs":false,"_jetpack_newsletter_tier_id":0,"_jetpack_memberships_contains_paywalled_content":false,"_jetpack_memberships_contains_paid_content":false,"footnotes":"","jetpack_publicize_message":"","jetpack_publicize_feature_enabled":true,"jetpack_social_post_already_shared":true,"jetpack_social_options":{"image_generator_settings":{"template":"highway","enabled":false},"version":2}},"categories":[32],"tags":[],"jetpack_publicize_connections":[],"jetpack_featured_media_url":"https:\/\/appelloalpopolo.it\/wp-content\/uploads\/2024\/07\/FB_IMG_1720128433689.jpg","jetpack_sharing_enabled":true,"jetpack_shortlink":"https:\/\/wp.me\/p7ZaJ4-ocA","_links":{"self":[{"href":"https:\/\/appelloalpopolo.it\/index.php?rest_route=\/wp\/v2\/posts\/93036"}],"collection":[{"href":"https:\/\/appelloalpopolo.it\/index.php?rest_route=\/wp\/v2\/posts"}],"about":[{"href":"https:\/\/appelloalpopolo.it\/index.php?rest_route=\/wp\/v2\/types\/post"}],"author":[{"embeddable":true,"href":"https:\/\/appelloalpopolo.it\/index.php?rest_route=\/wp\/v2\/users\/95"}],"replies":[{"embeddable":true,"href":"https:\/\/appelloalpopolo.it\/index.php?rest_route=%2Fwp%2Fv2%2Fcomments&post=93036"}],"version-history":[{"count":1,"href":"https:\/\/appelloalpopolo.it\/index.php?rest_route=\/wp\/v2\/posts\/93036\/revisions"}],"predecessor-version":[{"id":93038,"href":"https:\/\/appelloalpopolo.it\/index.php?rest_route=\/wp\/v2\/posts\/93036\/revisions\/93038"}],"wp:featuredmedia":[{"embeddable":true,"href":"https:\/\/appelloalpopolo.it\/index.php?rest_route=\/wp\/v2\/media\/86323"}],"wp:attachment":[{"href":"https:\/\/appelloalpopolo.it\/index.php?rest_route=%2Fwp%2Fv2%2Fmedia&parent=93036"}],"wp:term":[{"taxonomy":"category","embeddable":true,"href":"https:\/\/appelloalpopolo.it\/index.php?rest_route=%2Fwp%2Fv2%2Fcategories&post=93036"},{"taxonomy":"post_tag","embeddable":true,"href":"https:\/\/appelloalpopolo.it\/index.php?rest_route=%2Fwp%2Fv2%2Ftags&post=93036"}],"curies":[{"name":"wp","href":"https:\/\/api.w.org\/{rel}","templated":true}]}}