{"id":93039,"date":"2025-12-05T10:30:04","date_gmt":"2025-12-05T09:30:04","guid":{"rendered":"https:\/\/appelloalpopolo.it\/?p=93039"},"modified":"2025-12-04T11:37:28","modified_gmt":"2025-12-04T10:37:28","slug":"luciano-il-reazionario-cortese","status":"publish","type":"post","link":"https:\/\/appelloalpopolo.it\/?p=93039","title":{"rendered":"Luciano, il reazionario cortese."},"content":{"rendered":"<p style=\"text-align: justify\"><strong>di FERDINANDO PASTORE (Pagina FB)<\/strong><\/p>\n<p style=\"text-align: justify\">Luciano Violante, in piena campagna di riabilitazione delle camicie nere, plasm\u00f2 la seconda repubblica sul concetto di &#8220;onore ai vinti&#8221;. Gi\u00e0 il buon Giampaolo Pansa pens\u00f2 bene di pubblicare volumi sulle deviazioni terroriste della Resistenza inquadrando i repubblichini come semplice parte avversa che all&#8217;occorrenza poteva anche assumere il ruolo di vittima.<\/p>\n<p style=\"text-align: justify\">Per concepire la nuova Repubblica dei mercati, priva di dialettica politica, imperniata su una progressiva e inesorabile macelleria sociale dettata dai trattati europei, servivano i fascisti. E furono corteggiati, incensati e decantati dai Violante di turno. Fu una semplice guerra civile. Due schieramenti di italiani in buona fede.<\/p>\n<p style=\"text-align: justify\">Luciano Violante ancor&#8217;oggi non si smentisce. Con quell&#8217;incedere sempre cortese evoca l&#8217;eversione per chi si adopera a denunciare la triste e grave sottomissione alla quale tutti noi siamo costretti da un vero e proprio regime. Un regime che squalifica qualsiasi voce critica senza aver bisogno di arresti. Bastano le parole di questi sacerdoti del buon senso per eliminare dal dibattito le deformazioni del sistema, le parole che non si devono poter ascoltare, i gruppi politici non accomodanti. Luciano Violante la chiama democrazia e con lui tanti altri maggiordomi.<\/p>\n<p style=\"text-align: justify\"><strong>Fonte:\u00a0<a href=\"https:\/\/www.facebook.com\/share\/p\/1BojJpXBTv\/\">https:\/\/www.facebook.com\/share\/p\/1BojJpXBTv\/<\/a><\/strong><\/p>\n","protected":false},"excerpt":{"rendered":"<p>di FERDINANDO PASTORE (Pagina FB) Luciano Violante, in piena campagna di riabilitazione delle camicie nere, plasm\u00f2 la seconda repubblica sul concetto di &#8220;onore ai vinti&#8221;. Gi\u00e0 il buon Giampaolo Pansa pens\u00f2 bene di pubblicare volumi sulle deviazioni terroriste della Resistenza inquadrando i repubblichini come semplice parte avversa che all&#8217;occorrenza poteva anche assumere il ruolo di vittima. Per concepire la nuova Repubblica dei mercati, priva di dialettica politica, imperniata su una progressiva e inesorabile macelleria sociale&#46;&#46;&#46;<\/p>\n","protected":false},"author":95,"featured_media":89105,"comment_status":"open","ping_status":"open","sticky":false,"template":"","format":"standard","meta":{"jetpack_post_was_ever_published":false,"_jetpack_newsletter_access":"","_jetpack_dont_email_post_to_subs":false,"_jetpack_newsletter_tier_id":0,"_jetpack_memberships_contains_paywalled_content":false,"_jetpack_memberships_contains_paid_content":false,"footnotes":"","jetpack_publicize_message":"","jetpack_publicize_feature_enabled":true,"jetpack_social_post_already_shared":true,"jetpack_social_options":{"image_generator_settings":{"template":"highway","enabled":false},"version":2}},"categories":[32],"tags":[],"jetpack_publicize_connections":[],"jetpack_featured_media_url":"https:\/\/appelloalpopolo.it\/wp-content\/uploads\/2025\/02\/Ferdinando-Pastore.jpg","jetpack_sharing_enabled":true,"jetpack_shortlink":"https:\/\/wp.me\/p7ZaJ4-ocD","_links":{"self":[{"href":"https:\/\/appelloalpopolo.it\/index.php?rest_route=\/wp\/v2\/posts\/93039"}],"collection":[{"href":"https:\/\/appelloalpopolo.it\/index.php?rest_route=\/wp\/v2\/posts"}],"about":[{"href":"https:\/\/appelloalpopolo.it\/index.php?rest_route=\/wp\/v2\/types\/post"}],"author":[{"embeddable":true,"href":"https:\/\/appelloalpopolo.it\/index.php?rest_route=\/wp\/v2\/users\/95"}],"replies":[{"embeddable":true,"href":"https:\/\/appelloalpopolo.it\/index.php?rest_route=%2Fwp%2Fv2%2Fcomments&post=93039"}],"version-history":[{"count":1,"href":"https:\/\/appelloalpopolo.it\/index.php?rest_route=\/wp\/v2\/posts\/93039\/revisions"}],"predecessor-version":[{"id":93040,"href":"https:\/\/appelloalpopolo.it\/index.php?rest_route=\/wp\/v2\/posts\/93039\/revisions\/93040"}],"wp:featuredmedia":[{"embeddable":true,"href":"https:\/\/appelloalpopolo.it\/index.php?rest_route=\/wp\/v2\/media\/89105"}],"wp:attachment":[{"href":"https:\/\/appelloalpopolo.it\/index.php?rest_route=%2Fwp%2Fv2%2Fmedia&parent=93039"}],"wp:term":[{"taxonomy":"category","embeddable":true,"href":"https:\/\/appelloalpopolo.it\/index.php?rest_route=%2Fwp%2Fv2%2Fcategories&post=93039"},{"taxonomy":"post_tag","embeddable":true,"href":"https:\/\/appelloalpopolo.it\/index.php?rest_route=%2Fwp%2Fv2%2Ftags&post=93039"}],"curies":[{"name":"wp","href":"https:\/\/api.w.org\/{rel}","templated":true}]}}