{"id":93044,"date":"2025-12-04T12:39:39","date_gmt":"2025-12-04T11:39:39","guid":{"rendered":"https:\/\/appelloalpopolo.it\/?p=93044"},"modified":"2025-12-04T12:39:39","modified_gmt":"2025-12-04T11:39:39","slug":"davvero-lue-non-si-gasera-piu-col-gas-russo","status":"publish","type":"post","link":"https:\/\/appelloalpopolo.it\/?p=93044","title":{"rendered":"Davvero l\u2019Ue non si gaser\u00e0 pi\u00f9 col gas russo?"},"content":{"rendered":"<p><strong>DA START MAGAZINE (Di David Carretta)<\/strong><\/p>\n<p><em><img loading=\"lazy\" decoding=\"async\" class=\"aligncenter\" src=\"https:\/\/www.startmag.it\/wp-content\/uploads\/Imagoeconomica_2227480-1170x550.jpg\" alt=\"gas\" width=\"466\" height=\"219\" \/><\/em><\/p>\n<p><em>Entro il 30 novembre 2027, l&#8217;Unione europea dovr\u00e0 azzerare le importazioni di gas dalla Russia. &#8220;Stiamo voltando pagina&#8221;, ha dichiarato von der Leyen: ma \u00e8 davvero cos\u00ec? Estratto dal Mattinale Europeo.<\/em><\/p>\n<p>&nbsp;<\/p>\n<div class=\"vcex-post-content\">\n<p>30 novembre 2027: entro questa data, secondo il regolamento RePowerEU su cui Consiglio e Parlamento hanno raggiunto un accordo ieri sera, neppure una singola molecola di gas russo dovrebbe pi\u00f9 entrare nell\u2019Ue. \u00abStiamo voltando pagina, e lo stiamo facendo per sempre\u00bb, ha dichiarato la presidente della Commissione, Ursula von der Leyen. \u201cQuesta \u00e8 l\u2019alba di una nuova era: l\u2019era della piena indipendenza energetica dalla Russia\u201d.<\/p>\n<p><strong><span style=\"font-size: 14pt\">PERCH\u00c9 L\u2019INDIPENDENZA EUROPEA DALL\u2019ENERGIA RUSSA \u00c8 ANCORA DISTANTE<\/span><\/strong><\/p>\n<p>Quell\u2019era, tuttavia, \u00e8 ancora un po\u2019 distante. Solo l\u2019anno prossimo la Commissione presenter\u00e0 una proposta legislativa per eliminare gradualmente anche il petrolio greggio russo. Questo processo dovrebbe essere completato entro la fine del 2027, ha spiegato Dan J\u00f8rgensen, commissario per l\u2019Energia.<\/p>\n<p>Le condizioni per liberarsi delle restanti importazioni di petrolio russo sono favorevoli, ha affermato Ben McWilliams del think tank Bruegel. \u201cIl divieto dell\u2019Ue sulle importazioni di petrolio \u00e8 stato molto efficace e ha ridotto in modo significativo le opportunit\u00e0 di esportazione per la Russia\u201d, ha dichiarato al\u00a0<em>Mattinale Europeo<\/em>. \u201cParte di questo calo sar\u00e0 compensato dalla riallocazione delle importazioni di greggio e di prodotti raffinati, ma si tratta di una quantit\u00e0 modesta rispetto alla riduzione immediata delle importazioni europee di greggio. \u00c8 comunque un ambito in cui la politica pu\u00f2 essere inasprita \u2014 si veda il caso dei dazi di Trump sull\u2019India e le discussioni nell\u2019Ue sulla limitazione delle esportazioni dalle raffinerie note per trattare greggio russo\u201d.<\/p>\n<p><strong><span style=\"font-size: 14pt\">QUANTO PESA IL PETROLIO RUSSO PER L\u2019UE<\/span><\/strong><\/p>\n<p>La quota di importazioni di greggio russo nell\u2019Ue \u00e8 scesa dal 30% prima dell\u2019invasione su vasta scala dell\u2019Ucraina a circa il 3%. Sanzionare le raffinerie in India e in altri paesi terzi che lavorano il greggio russo \u201c\u00e8 difficile da monitorare e rischia di far salire i prezzi del petrolio\u201d\u00bb, ammette McWilliams. \u201cEcco perch\u00e9 nel 2022 Ue e Stati Uniti hanno deciso di consentire questa esenzione. Il fatto che oggi i prezzi globali del petrolio siano sensibilmente pi\u00f9 bassi offre maggior margine politico per esplorare questa strada\u201d.<\/p>\n<p>Naturalmente, tutto dipender\u00e0 dal fatto che Ungheria e Slovacchia cambino posizione. E se la Russia diventasse semplicemente troppo costosa per loro rispetto ai fornitori alternativi? L\u2019opzione di rendere il greggio russo fuori mercato imponendo un dazio speciale all\u2019importazione \u00e8 una delle possibilit\u00e0 discusse dalla Commissione negli ultimi mesi. Con un vantaggio aggiuntivo: richiederebbe solo una maggioranza qualificata in Consiglio \u2014 quindi niente potere di veto.<\/p>\n<p><strong><span style=\"font-size: 14pt\">L\u2019UNGHERIA PREPARA UN RICORSO<\/span><\/strong><\/p>\n<p>Viktor Orban non accetta l\u2019imposizione di un divieto di importazione di idrocarburi russi. Il primo ministro ungherese la scorsa settimana \u00e8 stato al Cremlino per chiedere a Vladimir Putin di continuare a fornirgli petrolio e gas, a prescindere dalla guerra in Ucraina e dalle misure adottate dall\u2019Ue. Orban \u00e8 stato anche a Washington per implorare Donald Trump di esentare l\u2019Ungheria dalle sanzioni petrolifere. L\u2019accordo sul divieto di importazione di gas russo rischia di rovinare i suoi piani.<\/p>\n<p>\u201cAppena il piano RePowerEu sar\u00e0 formalmente adottato, presenteremo immediatamente ricorso davanti alla Corte di giustizia dell\u2019Ue, ha annunciato il suo ministro degli Esteri, Peter Szijjarto. \u201cLe procedure legali inizieranno senza ritardi. Il lavoro preparatorio \u00e8 gi\u00e0 in corso. Faremo tutto il necessario per difendere la sicurezza energetica dell\u2019Ungheria\u201d, ha aggiunto.<\/p>\n<p><em>(Estratto dal\u00a0<a href=\"https:\/\/davidcarretta.substack.com\/\">Mattinale Europeo<\/a>)<\/em><\/p>\n<\/div>\n<div class=\"vcex-post-content\">\n<div class=\"related-posts wpex-overflow-hidden wpex-mb-40 wpex-clr\">\n<p class=\"theme-heading border-bottom related-posts-title\"><strong>FONTE:<\/strong>\u00a0<a href=\"https:\/\/www.startmag.it\/energia\/ue-indipendenza-gas-petrolio-russia-2027\/\">https:\/\/www.startmag.it\/energia\/ue-indipendenza-gas-petrolio-russia-2027\/<\/a><\/p>\n<\/div>\n<\/div>\n","protected":false},"excerpt":{"rendered":"<p>DA START MAGAZINE (Di David Carretta) Entro il 30 novembre 2027, l&#8217;Unione europea dovr\u00e0 azzerare le importazioni di gas dalla Russia. &#8220;Stiamo voltando pagina&#8221;, ha dichiarato von der Leyen: ma \u00e8 davvero cos\u00ec? Estratto dal Mattinale Europeo. &nbsp; 30 novembre 2027: entro questa data, secondo il regolamento RePowerEU su cui Consiglio e Parlamento hanno raggiunto un accordo ieri sera, neppure una singola molecola di gas russo dovrebbe pi\u00f9 entrare nell\u2019Ue. \u00abStiamo voltando pagina, e lo&#46;&#46;&#46;<\/p>\n","protected":false},"author":111,"featured_media":48474,"comment_status":"open","ping_status":"open","sticky":false,"template":"","format":"standard","meta":{"jetpack_post_was_ever_published":false,"_jetpack_newsletter_access":"","_jetpack_dont_email_post_to_subs":false,"_jetpack_newsletter_tier_id":0,"_jetpack_memberships_contains_paywalled_content":false,"_jetpack_memberships_contains_paid_content":false,"footnotes":"","jetpack_publicize_message":"","jetpack_publicize_feature_enabled":true,"jetpack_social_post_already_shared":true,"jetpack_social_options":{"image_generator_settings":{"template":"highway","enabled":false},"version":2}},"categories":[32],"tags":[],"jetpack_publicize_connections":[],"jetpack_featured_media_url":"https:\/\/appelloalpopolo.it\/wp-content\/uploads\/2019\/02\/start-magazine.png","jetpack_sharing_enabled":true,"jetpack_shortlink":"https:\/\/wp.me\/p7ZaJ4-ocI","_links":{"self":[{"href":"https:\/\/appelloalpopolo.it\/index.php?rest_route=\/wp\/v2\/posts\/93044"}],"collection":[{"href":"https:\/\/appelloalpopolo.it\/index.php?rest_route=\/wp\/v2\/posts"}],"about":[{"href":"https:\/\/appelloalpopolo.it\/index.php?rest_route=\/wp\/v2\/types\/post"}],"author":[{"embeddable":true,"href":"https:\/\/appelloalpopolo.it\/index.php?rest_route=\/wp\/v2\/users\/111"}],"replies":[{"embeddable":true,"href":"https:\/\/appelloalpopolo.it\/index.php?rest_route=%2Fwp%2Fv2%2Fcomments&post=93044"}],"version-history":[{"count":2,"href":"https:\/\/appelloalpopolo.it\/index.php?rest_route=\/wp\/v2\/posts\/93044\/revisions"}],"predecessor-version":[{"id":93046,"href":"https:\/\/appelloalpopolo.it\/index.php?rest_route=\/wp\/v2\/posts\/93044\/revisions\/93046"}],"wp:featuredmedia":[{"embeddable":true,"href":"https:\/\/appelloalpopolo.it\/index.php?rest_route=\/wp\/v2\/media\/48474"}],"wp:attachment":[{"href":"https:\/\/appelloalpopolo.it\/index.php?rest_route=%2Fwp%2Fv2%2Fmedia&parent=93044"}],"wp:term":[{"taxonomy":"category","embeddable":true,"href":"https:\/\/appelloalpopolo.it\/index.php?rest_route=%2Fwp%2Fv2%2Fcategories&post=93044"},{"taxonomy":"post_tag","embeddable":true,"href":"https:\/\/appelloalpopolo.it\/index.php?rest_route=%2Fwp%2Fv2%2Ftags&post=93044"}],"curies":[{"name":"wp","href":"https:\/\/api.w.org\/{rel}","templated":true}]}}