{"id":93049,"date":"2025-12-05T09:58:00","date_gmt":"2025-12-05T08:58:00","guid":{"rendered":"https:\/\/appelloalpopolo.it\/?p=93049"},"modified":"2025-12-04T14:00:40","modified_gmt":"2025-12-04T13:00:40","slug":"la-cricca-di-ursula-e-noi-considerazioni-a-partire-dal-libro-di-frederic-baldan","status":"publish","type":"post","link":"https:\/\/appelloalpopolo.it\/?p=93049","title":{"rendered":"La cricca di Ursula e noi: considerazioni a partire dal libro di Fr\u00e9d\u00e9ric Baldan"},"content":{"rendered":"<p style=\"text-align: justify\"><strong>di LA FIONDA (Lorenzo Palaia)<\/strong><\/p>\n<div class=\"intestazione-post\" style=\"text-align: justify\"><img decoding=\"async\" class=\"img-fluid foto-articolo ls-is-cached lazyloaded\" src=\"https:\/\/www.lafionda.org\/wp-content\/uploads\/2025\/12\/9788862509671.webp\" alt=\"\" data-src=\"https:\/\/www.lafionda.org\/wp-content\/uploads\/2025\/12\/9788862509671.webp\" \/><\/p>\n<div class=\"cover-post\"><\/div>\n<\/div>\n<div class=\"info-post\" style=\"text-align: justify\"><\/div>\n<div class=\"contenuto-post\" style=\"text-align: justify\">\n<p>Il 17 ottobre di quest\u2019anno \u00e8 uscito <em><a href=\"https:\/\/www.guerini.it\/index.php\/prodotto\/ursula-gates\/\" target=\"_blank\" rel=\"noopener\">Ursula gates: la Von der Leyen e il potere delle lobby a Bruxelles<\/a><\/em>, edito in Italia da Guerini e Associati. Pochi giorni dopo l\u2019autore Frederic Baldan si vede bloccare i conti correnti posseduti presso gli istituti Nagelmackers e ING; non solo i suoi, ma quelli della moglie e del figlio. Una pratica nota come <em>debanking<\/em>, spesso usata dalle banche senza giustificazioni o avvertimenti che non siano una generica e opportunistica difesa della propria reputazione. Ma da cosa dovevano difendere la propria reputazione? Dalla encomiabile attivit\u00e0 dell\u2019autore, ex lobbista presso l\u2019UE, che ha deciso da qualche anno di dedicare il suo tempo e le sue risorse a mettere a nudo l\u2019intrico di potere pubblico e interessi privati che si \u00e8 impossessato delle nostre istituzioni e che ci governa fingendo di difenderci e di lavorare per il progresso. Ecco quindi che la mossa dei banchieri si dimostra una chiara ritorsione per l\u2019attivismo di Baldan, che non \u00e8 nuovo a vendette di questo tipo: nel luglio 2023 infatti il suo accredito di lobbista del settore aeronautico viene ritirato senza motivazioni plausibili, pochi mesi dopo aver avviato un\u2019azione penale presso le autorit\u00e0 belghe contro Ursula von der Leyen.<\/p>\n<p>Non abbiamo sentito molto parlare di queste misure ritorsive sui media, per i nostri giornalisti inspiegabilmente prive di interesse pubblico: anzi spiegabilmente, perch\u00e9 <a href=\"https:\/\/youtu.be\/giW9m2-0uCU?si=xQzOLz5MgB0G_-DL\" target=\"_blank\" rel=\"noopener\">come spiega il nostro Thomas Fazi<\/a> l\u2019UE paga giornali e agenzie per diffondere la propria buona immagine presso l\u2019opinione pubblica, non solo quella europea ma persino quella dei paesi \u201ccontesi\u201d con il \u201cnemico\u201d: Moldavia, Georgia e ovviamente Ucraina. E chi non prende soldi si adegua per conformismo, con il risultato che il giornalismo blasonato si caratterizza per essere in gran parte propaganda. Ecco perch\u00e9 oggi, di fronte a una politica che \u00e8 mera apparenza, o meglio, che fa di tutto per costruirsi un\u2019immagine positiva con operazioni di informazione ben congegnate e ben finanziate, si fa sempre pi\u00f9 difficile il compito di chi, inascoltato, cerca di mettere a nudo il re, in questo caso la regina. Tanto pi\u00f9 che questa cricca al potere<a id=\"_ftnref1\" href=\"https:\/\/www.lafionda.org\/2025\/12\/04\/la-cricca-di-ursula-e-noi-considerazioni-a-partire-dal-libro-di-frederic-baldan\/#_ftn1\">[1]<\/a> utilizza un linguaggio accattivante per i cittadini pi\u00f9 coscienziosi: ambientalismo, inclusione, progresso, lotta alle disuguaglianze, pace e chi pi\u00f9 ne ha pi\u00f9 ne metta; si viene c\u00f2lti da conati quando il gioco viene smascherato e sotto quelle parole, secondo una prassi ormai nota come neolingua orwelliana, si scopre il loro esatto contrario. Si spiega almeno in parte cos\u00ec a mio avviso ci\u00f2 che Baldan chiama ipnosi collettiva, ovvero il conformismo generalizzato che ha portato ad accettare come normale ci\u00f2 che sarebbe assurdo: una popolazione utilizzata per sperimentare su larga scala un farmaco nuovo non sperimentato, acclaratamente portatore di gravi e numerosi effetti nocivi, con la scusa (che ora sappiamo menzognera) di proteggerla dalla trasmissione del virus. Eppure l\u2019ipnosi collettiva non si limita certo al covid e neanche agli ultimi anni: che dire infatti del trattamento riservato alla Grecia, cui dopo essersi spogliata della moneta con l\u2019ingresso nell\u2019euro il banchiere centrale ha detto (e fatto) \u201co firmate il memorandum oppure vi chiudo le banche\u201d, fatto passare per un giusto e necessario atto di giustizia finanziaria dovuto alla pigrizia degli ellenici? E dell\u2019imposizione al nostro paese di presidenti del consiglio non eletti, calati da grandi banche private dietro l\u2019accusa al nostro popolo di aver vissuto al di sopra delle proprie possibilit\u00e0? E della partecipazione ai bombardamenti sulla Libia fatti passare come dovere di protezione della popolazione afflitta? Senza poter dimenticare il grande punto di svolta della guerra americana al terrorismo, che ha inaugurato un nuovo grande sistema di sorveglianza sulla popolazione rivelatoci grazie al coraggio di persone come Edward Snowden. Qual \u00e8 il legame tra tutti questi eventi? L\u2019autore non parte da cos\u00ec lontano, ma la sua tesi sulla gestione del covid \u00e8 che \u201cnon si trattasse di \u2018guerra a una virus\u2019, ma di creare un precedente per introdurre misure eccezionali e in modo da renderle permanenti in seguito, come nel caso della guerra al terrorismo\u201d<a id=\"_ftnref2\" href=\"https:\/\/www.lafionda.org\/2025\/12\/04\/la-cricca-di-ursula-e-noi-considerazioni-a-partire-dal-libro-di-frederic-baldan\/#_ftn2\">[2]<\/a>. Credo quindi di non aver deformato troppo il suo pensiero menzionando questa breve sequela storica.<\/p>\n<p>Eppure, mentre denunciare la guerra o la cannibalizzazione della Grecia era pi\u00f9 facile almeno per la sinistra, sulle misure ambientaliste e sui vaccini ci\u00f2 si rende molto pi\u00f9 difficile a causa del linguaggio apparentemente troppo familiare per quella famiglia politica, motivo per cui oggi i primi denuncianti della nuova cricca, quella rappresentata dalla Von der Leyen, sono soprattutto partiti di destra, inclusa la destra americana trumpiana di cui quella europea \u00e8 un\u2019interlocutrice. Non \u00e8 il momento qui di esaminare la complessa geografia politica anti-sistema attuale, fatta (a destra) di non scontati apparentamenti e commistioni tra tradizionalismo religioso, escatologia, conservatorismo, critica al liberismo, giustizia sociale, non-interventismo della politica estera ma anche spesso razzismo ecc. Lo stesso Baldan lamenta di potere aver contato, nel suo lavoro di investigazione, solo su una sparuta pattuglia di europarlamentari degli estremi opposti dell\u2019arco, pi\u00f9 qualche verde, tra cui ricorda con commozione la scomparsa deputata verde francese Mich\u00e8le Rivasi.<\/p>\n<p>Mettiamo allora le mani avanti e prima di entrare nel nucleo del libro avvertiamo che l\u2019autore stesso non vuole passare per complottista giacch\u00e9, questo depone a suo favore, non crede che la verit\u00e0 vada trovata in trame occulte:<\/p>\n<p>Le istituzioni non hanno mai avuto bisogno di operare in segreto; basta che l\u2019opinione pubblica non capisca un granch\u00e9 e che la popolazione se ne disinteressi perch\u00e9 possano decidere liberamente, promuovendo interessi diversi dal nostro.<a id=\"_ftnref3\" href=\"https:\/\/www.lafionda.org\/2025\/12\/04\/la-cricca-di-ursula-e-noi-considerazioni-a-partire-dal-libro-di-frederic-baldan\/#_ftn3\">[3]<\/a><\/p>\n<p>Ma Baldan non vuole passare neanche per anti-europeo o per sciovinista, tantomeno per un illiberale: premessa una giusta distinzione tra UE ed Europa, crede nei prinicip\u00ee della Carta di Nizza<a id=\"_ftnref4\" href=\"https:\/\/www.lafionda.org\/2025\/12\/04\/la-cricca-di-ursula-e-noi-considerazioni-a-partire-dal-libro-di-frederic-baldan\/#_ftn4\">[4]<\/a> e si fregia di provenire dalla citt\u00e0 belga di Huy, luogo di nascita di un\u2019antichissima carta delle libert\u00e0 (1066) contemplante il diritto di resistenza. Dato perci\u00f2 il suo animo sensibile ai valori civili, Baldan non si era mai particolarmente interessato all\u2019affare dell\u2019acquisto dei vaccini fin quando nell\u2019estate del 2022, presenziando per motivi professionali a un incontro pubblico del personale di volo affetto dai danni da vaccino, viene per la prima volta a contatto con questa realt\u00e0 e decide di impegnarsi per avere, in base al diritto di accesso agli atti, i contratti e i documenti riguardanti la trattativa d\u2019acquisto. Non li ottiene. Nel gennaio 2023 emerge su larga scala lo scandalo degli sms, allorch\u00e9 il New York Times si rivolge alla giustizia europea contro il diniego della commissione a mostrare gli sms con cui la Von der Leyen \u2013 gi\u00e0 reduce di un analogo scandalo sms durante il suo incarico di ministro della difesa in Germania \u2013 avrebbe negoziato direttamente l\u2019acquisto dei vaccini Pzifer con l\u2019amministratore della societ\u00e0 Albert Bourla. Il caso si era aperto quando una relazione della Corte dei conti del Lussemburgo del settembre 2022 lamentava:<\/p>\n<p>abbiamo chiesto alla commissione di fornirci informazioni sui contratti preliminari relativi a tale contratto [\u2026] La nostra richiesta \u00e8 rimasta inevasa.<a id=\"_ftnref5\" href=\"https:\/\/www.lafionda.org\/2025\/12\/04\/la-cricca-di-ursula-e-noi-considerazioni-a-partire-dal-libro-di-frederic-baldan\/#_ftn5\">[5]<\/a><\/p>\n<p>Nell\u2019aprile successivo Baldan intraprende l\u2019azione penale contro la presidente della commissione per abuso d\u2019ufficio, distruzione di documenti (dagli uffici era stata addotta, al diniego, la motivazione che gli sms sarebbero stati cancellati) e corruzione; lo fa in Belgio perch\u00e9 la neo-creata procura europea si era rivelata a dir poco inadeguata all\u2019azione. Come abbiamo detto, nel luglio Baldan viene espulso dal registro dei lobbisti e ha bisogno quindi di appoggiarsi agli inviti di alcuni parlamentari per accedere agli edifici istituzionali e proseguire la sua inchiesta.<\/p>\n<p>Per comprendere la portata della vicenda, parliamo dell\u2019acquisto pi\u00f9 grande della storia dell\u2019UE, la quale ha speso 44,4 miliardi di euro nei confronti di Pfizer, 71 miliardi in totale, per comprare pi\u00f9 di dieci dosi di vaccino per abitante. Di contro il costo per fiala, secondo un <em>whistleblower<a id=\"_ftnref6\" href=\"https:\/\/www.lafionda.org\/2025\/12\/04\/la-cricca-di-ursula-e-noi-considerazioni-a-partire-dal-libro-di-frederic-baldan\/#_ftn6\"><strong>[6]<\/strong><\/a><\/em>, era di 80 centesimi di euro.<a id=\"_ftnref7\" href=\"https:\/\/www.lafionda.org\/2025\/12\/04\/la-cricca-di-ursula-e-noi-considerazioni-a-partire-dal-libro-di-frederic-baldan\/#_ftn7\">[7]<\/a> L\u2019amministratore Bourla ha guadagnato invece la somma di 5,6 milioni di euro solo vendendo le azioni della societ\u00e0 al momento pi\u00f9 opportuno: il giorno dell\u2019annuncio del vaccino. Convocato da una commissione del parlamento europeo per il 10 ottobre 2022 a chiarire alcuni aspetti riguardanti il vaccino e la trattativa per l\u2019acquisto, Bourla non si presentava decidendo di mandare una sua delegata, Janine Small, la quale afferm\u00f2 chiaramente che il vaccino non era stato testato contro la trasmissione del virus e che i contatti per la compravendita erano avvenuti tramite sms. L\u2019importanza in particolare della prima informazione \u00e8 stata determinante, dal momento che l\u2019imposizione dell\u2019obbligo vaccinale, esplicito o surrettizio, si era basata sulla capacit\u00e0 del vaccino di interrompere la trasmissione.<\/p>\n<p>Questo il quadro, ora entriamo nella trama. La tesi centrale dell\u2019autore \u00e8 che \u201cl\u2019obiettivo della sua ascesa [di Ursula] al potere \u00e8 liquidare la democrazia a favore di un cambiamento sociale basato sul capitalismo degli \u2018stakeholder\u2019 e sul \u2018precariato\u2019.\u201d<a id=\"_ftnref8\" href=\"https:\/\/www.lafionda.org\/2025\/12\/04\/la-cricca-di-ursula-e-noi-considerazioni-a-partire-dal-libro-di-frederic-baldan\/#_ftn8\">[8]<\/a> E ci fornisce un modello circostanziato di questo capitalismo degli <em>stakeholder<\/em>: un sistema di partenariato pubblico-privato, per dirla nei termini eufemistici del potere, in cui le istituzioni pubbliche \u2013 e in particolare l\u2019Unione Europea \u2013 sono ridotte a camere di compensazione degli interessi privati, nonostante il sistema regolatorio del lobbismo che dovrebbe proprio evitare influenze indebite e occulte. Ad avviso di Baldan le lobby che hanno maggiore influenza in Europa sono: Bruegel, Carnegie, Chatham house, Council on foreign relations, European council on foreign relations, Peterson institute for international economics e Stifftung Wissenschaft und Politik. Ma al di l\u00e0 dei soggetti registrati, gli <em>stakeholder<\/em> in cima alla scala sarebbero fondazioni come il Wellcome trust, la fondazione Gates, la fondazione Rockefeller, nonch\u00e9 governi, operatori finanziari quali Blackrock, e anche attori coalizzati come il World economic forum (WEF) di Davos, che insieme alla fondazione Gates troverete forse tra i nomi pi\u00f9 menzionati del libro a fianco a quello della Von der Leyen; al di sotto, gli emissari di queste fondazioni come gli <em>young global leaders<\/em> (giovani leader globali) del WEF, tra i quali nomi del calibro di Emmanuel Macron e Nicolas Sarkozy.<a id=\"_ftnref9\" href=\"https:\/\/www.lafionda.org\/2025\/12\/04\/la-cricca-di-ursula-e-noi-considerazioni-a-partire-dal-libro-di-frederic-baldan\/#_ftn9\">[9]<\/a> Tra i metodi di questo capitalismo pubblico-privato, un vero e proprio sistema, il pi\u00f9 importante \u00e8 quello delle classiche porte girevoli, per cui il controllato diventa controllore e viceversa. <a id=\"_ftnref10\" href=\"https:\/\/www.lafionda.org\/2025\/12\/04\/la-cricca-di-ursula-e-noi-considerazioni-a-partire-dal-libro-di-frederic-baldan\/#_ftn10\">[10]<\/a><\/p>\n<p>\u00c8 interessante la somiglianza che Baldan trova tra i metodi dello spionaggio e quelli del lobbismo, cui possiamo aggiungere agilmente quelli del giornalismo, proprio in virt\u00f9 del fatto che il confine tra raccolta delle informazioni e loro utilizzo per influenzare \u00e8 molto sottile: ci\u00f2 \u00e8 ben visibile nel caso Hill &amp; Knowlton, l\u2019azienda ingaggiata per organizzare la campagna di convincimento sul vaccino Pfizer, con il preciso mandato di potenziare l\u2019immagine del vaccino e la \u201cfiducia nella scienza\u201d, sotto il motto emblematico <em>Science will win<\/em>.<a id=\"_ftnref11\" href=\"https:\/\/www.lafionda.org\/2025\/12\/04\/la-cricca-di-ursula-e-noi-considerazioni-a-partire-dal-libro-di-frederic-baldan\/#_ftn11\">[11]<\/a> La stessa azienda aveva organizzato la campagna di propaganda a favore della prima guerra del golfo, con la messinscena della falsa testimonianza dell\u2019infermiera kuwaitiana di fronte al congresso americano, rivelatasi poi essere la figlia dell\u2019ambasciatore del Kuwait: la falsa testimone giurava di aver visto i bambini tirati fuori dalle incubatrici dai soldati iracheni, ci\u00f2 che bast\u00f2 a scatenare l\u2019indignazione pubblica necessaria a legittimare la guerra. Saremmo di fronte quindi a un sistema pubblico-privato-mediatico sui cui scopi Baldan ha una precisa opinione: si tratterebbe di strategie per implementare quei cosiddetti beni pubblici globali (come il green pass) che servirebbero ad attuare una <em>governance<\/em> globale \u201cprima ancora che tutti i governi rinuncino alla loro sovranit\u00e0 nazionale\u201d.<a id=\"_ftnref12\" href=\"https:\/\/www.lafionda.org\/2025\/12\/04\/la-cricca-di-ursula-e-noi-considerazioni-a-partire-dal-libro-di-frederic-baldan\/#_ftn12\">[12]<\/a> \u00c8 discutibile che si possa davvero arrivare a un governo mondiale, ma a una <em>governance<\/em> \u2013 cio\u00e8 a una forma di gestione di alcune funzioni di governo sulle quali lo Stato non sarebbe pi\u00f9 sovrano, come effettivamente \u00e8 successo con l\u2019UE \u2013 \u00e8 molto pi\u00f9 probabile e ci\u00f2 sembrerebbe in molti casi gi\u00e0 in essere. Ma una analogia tra UE e ONU,<a id=\"_ftnref13\" href=\"https:\/\/www.lafionda.org\/2025\/12\/04\/la-cricca-di-ursula-e-noi-considerazioni-a-partire-dal-libro-di-frederic-baldan\/#_ftn13\">[13]<\/a> sia per genesi storica che per natura giuridica, \u00e8 discutibile a meno che non ci si riferisca in particolare ad agenzie come l\u2019OMS, le quali indubbiamente sono uno strumento di <em>governance<\/em> globale. Giova ricordare che tra i principali finanziatori dell\u2019OMS ci sono, oltre agli Stati Uniti, la fondazione Gates e GAVI (a sua volta finanziata dalla fondazione Gates). Di questa <em>governance<\/em> globale, secondo l\u2019autore, la Cina sarebbe una parte integrante, tanto che l\u2019UE avrebbe ripreso molte cose dalla Cina: dal credito sociale che avrebbe ispirato il green pass, alla pubblicit\u00e0 <em>You are EU<\/em> per le europee del 2024.<a id=\"_ftnref14\" href=\"https:\/\/www.lafionda.org\/2025\/12\/04\/la-cricca-di-ursula-e-noi-considerazioni-a-partire-dal-libro-di-frederic-baldan\/#_ftn14\">[14]<\/a> Tale deduzione viene basata sulla collaborazione tra Cina, ONU e WEF per l\u2019attuazione dell\u2019agenza 2030.<a id=\"_ftnref15\" href=\"https:\/\/www.lafionda.org\/2025\/12\/04\/la-cricca-di-ursula-e-noi-considerazioni-a-partire-dal-libro-di-frederic-baldan\/#_ftn15\">[15]<\/a> Addirittura, l\u2019UE starebbe andando verso un modello di socialismo alla cinese (sic!).<a id=\"_ftnref16\" href=\"https:\/\/www.lafionda.org\/2025\/12\/04\/la-cricca-di-ursula-e-noi-considerazioni-a-partire-dal-libro-di-frederic-baldan\/#_ftn16\">[16]<\/a> Questo sembra francamente eccessivo e motivato dalla personale visione che l\u2019autore ha della Cina. Appare lucida invece la constatazione della contraddizione tra il modo cinese di intendere la <em>governance<\/em> globale e quello occidentale: il primo opportunistico, v\u00f2lto a trarne i vantaggi e finalizzato infine al multilateralismo; il secondo v\u00f2lto al mantenimento del dominio unilaterale.<a id=\"_ftnref17\" href=\"https:\/\/www.lafionda.org\/2025\/12\/04\/la-cricca-di-ursula-e-noi-considerazioni-a-partire-dal-libro-di-frederic-baldan\/#_ftn17\">[17]<\/a><\/p>\n<p>Nel 2021, in piena pandemia, Ursula Von der Leyen vola a Washington, invitata dal Consiglio atlantico<a id=\"_ftnref18\" href=\"https:\/\/www.lafionda.org\/2025\/12\/04\/la-cricca-di-ursula-e-noi-considerazioni-a-partire-dal-libro-di-frederic-baldan\/#_ftn18\">[18]<\/a>, per conferire il premio dell\u2019anno ad Albert Bourla. Nel 2022 sempre Ursula riceve a New York il premio della fondazione Gates per la rapidit\u00e0 e l\u2019efficacia con cui l\u2019UE ha affrontato la \u201clotta al virus\u201d. Si tratta di due casi simbolo per capire la trama di quel capitalismo degli <em>stakeholder<\/em> che ha come suoi esecutori, a fianco ai soggetti privati quali i giovani leader globali, istituzioni pubbliche come la commissione e il parlamento europei. Ce ne sono tanti altri che il libro di Baldan ricostruisce, come la nomina, sempre nell\u2019ambito della pandemia, di Peter Piot a consigliere speciale della presidente: un personaggio legato di nuovo alla fondazione Gates e al WEF, particolarmente nell\u2019\u00e0mbito del <em>Global burden disease<\/em>, un grande progetto di raccolta di dati sanitari su scala mondiale. Oltre a ci\u00f2, l\u2019azienda Microsoft di Bill Gates ha avviato un progetto chiamato <em>AI for health<\/em> (Intelligenza artificiale per la salute) che secondo la ricostruzione di Baldan avrebbe lo scopo di raccogliere le cartelle cliniche della popolazione per monitorare a distanza gli effetti dei farmaci somministrati.<a id=\"_ftnref19\" href=\"https:\/\/www.lafionda.org\/2025\/12\/04\/la-cricca-di-ursula-e-noi-considerazioni-a-partire-dal-libro-di-frederic-baldan\/#_ftn19\">[19]<\/a> Sappiamo che uno dei principali obiettivi della commissione Von der Leyen \u00e8 la digitalizzazione anche in campo sanitario, come promosso dallo European health summit cui partecipano sia Pfizer sia Microsoft. La tesi dell\u2019autore in merito alla gestione della pandemia \u00e8 che il fine non fosse la \u201clotta al virus\u201d, ma la sperimentazione su larga scala dei vaccini a base di RNA e la raccolta massiva di dati a distanza sui loro effetti, con l\u2019obiettivo ultimo di studiare il genoma umano avendo a disposizione un enorme laboratorio reale.<a id=\"_ftnref20\" href=\"https:\/\/www.lafionda.org\/2025\/12\/04\/la-cricca-di-ursula-e-noi-considerazioni-a-partire-dal-libro-di-frederic-baldan\/#_ftn20\">[20]<\/a> Non \u00e8 un segreto del resto, se pensiamo ad esempio agli interessi sulla manipolazione genetica in agricoltura e ai suoi recenti avanzamenti in campo normativo, che il genoma \u00e8 l\u2019ultima frontiera della ricerca scientifica e insieme dell\u2019investimento capitalistico. Dato il fine, \u00e8 chiaro che la ricerca sulle terapie anti- covid ulteriori rispetto al vaccino dovevano essere ostacolate: ne \u00e8 una dimostrazione lo scandalo Lancet, la prestigiosa rivista scientifica che pubblic\u00f2 uno studio a sfavore di alcuni farmaci anti-covid in sperimentazione; nonostante l\u2019articolo venisse ritirato pochi giorni dopo dai suoi stessi autori per l\u2019inaffidabilit\u00e0 dei dati, i risultati provocarono la sospensione permanente della sperimentazione. Il trapelamento di alcuni documenti riservati dell\u2019esercito americano, firmati dall\u2019ufficiale Joseph Murphy, ha poi rivelato che l\u2019esercito era a conoscenza dell\u2019esistenza di cure efficaci.<\/p>\n<p>Il modo in cui \u00e8 stata preparata la gestione della crisi sanitaria non fu quindi improvvisato: l\u2019autore mostra come la sperimentazione di prototipi del pass vaccinale antecedenti a quello covid venisse da fondazioni legate al WEF e finanziate tra gli altri anche da Rockefeller;<a id=\"_ftnref21\" href=\"https:\/\/www.lafionda.org\/2025\/12\/04\/la-cricca-di-ursula-e-noi-considerazioni-a-partire-dal-libro-di-frederic-baldan\/#_ftn21\">[21]<\/a> inoltre, gi\u00e0 dal 2017 Bill Gates avvertiva della necessit\u00e0 di creare vaccini a base genica per affrontare nel pi\u00f9 breve tempo possibile possibili rischi bioterroristici. A tal fine in quello stesso anno veniva creata CEPI, una coalizione composta dalla fondazione Gates, il WEF, il Wellcome trust e altri soggetti.<a id=\"_ftnref22\" href=\"https:\/\/www.lafionda.org\/2025\/12\/04\/la-cricca-di-ursula-e-noi-considerazioni-a-partire-dal-libro-di-frederic-baldan\/#_ftn22\">[22]<\/a> Nel settembre 2020 viene creato HERA, lo strumento della commissione per la produzione e la distribuzione dei vaccini nell\u2019ambito dell\u2019emergenza sanitaria, che collabora proprio con CEPI.<a id=\"_ftnref23\" href=\"https:\/\/www.lafionda.org\/2025\/12\/04\/la-cricca-di-ursula-e-noi-considerazioni-a-partire-dal-libro-di-frederic-baldan\/#_ftn23\">[23]<\/a> Dall\u2019altro lato dell\u2019Atlantico succede qualcosa di analogo: nel 2020 viene lanciata l\u2019operazione militare <em>Warp speed<\/em>, per la produzione di vaccini anti-covid, formata da diversi soggetti pubblici e privati. <em>Warp speed<\/em> gestisce l\u2019operazione <em>Activ<\/em>, cui prendono parte tra gli altri la solita fondazione Gates, il Wellcome trust, nonch\u00e9 Pfizer e le stesse istituzioni europee, oltre all\u2019OMS. Gli stessi soggetti privati, insieme a GAVI e CEPI, partecipano all\u2019iniziativa <em>Act-A<\/em> dell\u2019OMS per la distribuzione globale dei vaccini.<\/p>\n<p>Di fronte a un quadro cos\u00ec intricato di connivenze e conflitti di interessi, da alcuni chiamato eufemisticamente partenariato pubblico-privato, da altri con una locuzione un po\u2019 difficile capitalismo degli <em>stakeholder<\/em>, dove la soluzione di continuit\u00e0 tra pubblico e privato \u00e8 davvero difficile da trovare, ci si pu\u00f2 domandare se il termine tecnocrazia spesso usato per descrivere questo sistema sia adeguato allo scopo o se non induca invece a pensare che esista davvero una tecnica della politica, la cui agenda sarebbe quindi obbligata e in certo senso frutto di \u201cstudio da manuale\u201d. Esistono certamente funzionari strabordanti, con una loro forte visione, in qualche modo dei politici loro stessi, non eletti, come dimostrano queste dichiarazioni trapelate di Sandra Gallina, direttrice generale del settore salute della commissione, del novembre 2022:<\/p>\n<p>I miei colleghi giuristi mi dicono, sapete, nei trattati c\u2019\u00e8 scritto questo e quello, quindi non puoi farlo, Sandra [\u2026] Allora io dico: \u201cme ne infischio, la gente lo vuole, troveremo un modo per farlo\u201d. [\u2026] \u00e8 il modo in cui si crea l\u2019Europa! Se si crea l\u2019Europa seguendo solo il testo, si resta immobili.<a id=\"_ftnref24\" href=\"https:\/\/www.lafionda.org\/2025\/12\/04\/la-cricca-di-ursula-e-noi-considerazioni-a-partire-dal-libro-di-frederic-baldan\/#_ftn24\">[24]<\/a><\/p>\n<p>Ma il sistema nel suo complesso si basa su ben altro che su funzionari strabordanti. Viene da domandarsi se anche il concetto di democrazia sia adeguato a descrivere i nostri sistemi di governo o se non sia piuttosto un concetto retoricamente usato per descrivere in realt\u00e0 un\u2019area geopolitica, l\u2019Occidente, o la NATO, dei quali in effetti funge da sinonimo. Appaiono inadeguati anche i nostri modelli di studio in uso della scienza politica, laddove gli Stati figurano ancora come gli attori supremi, mentre al massimo si ammettono le organizzazioni internazionali a contorno.<\/p>\n<p>Infine, un\u2019ultima considerazione. L\u2019autore \u00e8 un inguaribile romantico e crede fermamente in istituzioni pubbliche imparziali, indipendenti, trasparenti, perseguenti solo l\u2019interesse pubblico, in conformit\u00e0 del resto con quanto l\u2019articolo 17, punto 3, del Trattato sull\u2019Unione Europea statuisce per la commissione.<a id=\"_ftnref25\" href=\"https:\/\/www.lafionda.org\/2025\/12\/04\/la-cricca-di-ursula-e-noi-considerazioni-a-partire-dal-libro-di-frederic-baldan\/#_ftn25\">[25]<\/a> Moti che riecheggiano un po\u2019 il nostro dibattito pubblico sul conflitto di interessi di epoca berlusconiana, oppure la lotta contro la casta del primo Movimento 5 stelle, con la sua crociata contro il finanziamento pubblico ai partiti e all\u2019editoria, o ancora prima il finanziamento illecito ai partiti di Tangentopoli. Ragionamenti giusti in astratto, senz\u2019altro, ma incompleti e quindi poi in definitiva ingenui perch\u00e9, se \u00e8 vero che la legge pu\u00f2 regolare l\u2019imparzialit\u00e0 della pubblica amministrazione arginando le corruzioni e le clientele, \u00e8 anche vero che una legge del genere pu\u00f2 essere esistente e funzionante solo se le varie parti in conflitto che costituiscono la societ\u00e0 sono equilibrate sul piano della forza. Il maggiore errore del movimento di Beppe Grillo, che a mio avviso ha determinato la sua fine o il suo riassorbimento, \u00e8 stato credere che si potessero cambiare le cose con una riforma ben intenzionata da parte di cittadini onesti, ignorando che senza la consapevolezza degli interessi collettivi di chi non ha mezzi o ne ha pochi (una volta denominata \u201ccoscienza di classe\u201d), \u00e8 facile che anche gli individui armati delle migliori intenzioni perdano presto la bussola e vengano catturati da altri interessi. Ecco dove la retorica populista ha maggiormente fallito. Lo stesso Baldan del resto termina il libro con l\u2019ormai classica citazione di Warren Buffett sulla lotta di classe vinta dai ricchi. Se soltanto la classe dei capitalisti \u00e8 forte e organizzata allora le istituzioni pubbliche saranno inevitabilmente plasmate a suo servizio e funzioneranno con l\u2019unico scopo di servire i suoi interessi. Non dimentichiamo che la politica \u00e8 innanzitutto la sfera del <em>p\u00f2lemos<\/em>, della guerra, e far credere che invece non sia cos\u00ec \u00e8 l\u2019arma migliore di chi ha il coltello dalla parte del manico per portare inconsapevolmente l\u2019avversario ad abbassare le difese. Avere questa consapevolezza non vuol dire cercare lo scontro a tutti i costi ma dotarsi degli strumenti per difendersi, organizzandosi in soggetti collettivi adeguati a rappresentare gli interessi di soggetti certamente maggioritari ma, in quanto privi delle risorse, pi\u00f9 deboli. Infine, occorre avere gli strumenti culturali perch\u00e9 una organizzazione siffatta abbia successo. \u00c8 una necessit\u00e0 che si impone di fronte a metodi di governo perlopi\u00f9 psicologici, basati sulla lusinga e sulla costruzione dell\u2019immagine per coprire la realt\u00e0 dei fatti.<\/p>\n<hr class=\"wp-block-separator has-alpha-channel-opacity\" \/>\n<p><a id=\"_ftn1\" href=\"https:\/\/www.lafionda.org\/2025\/12\/04\/la-cricca-di-ursula-e-noi-considerazioni-a-partire-dal-libro-di-frederic-baldan\/#_ftnref1\">[1]<\/a> Non uso il termine casta, irrimediabilmente compromesso dal grillismo come spiegher\u00f2 meglio alla fine dell\u2019articolo. Per la verit\u00e0, l\u2019autore usa la locuzione \u201cbolla europea\u201d, ma con il solo riferimento ovviamente al sistema UE.<\/p>\n<p><a id=\"_ftn2\" href=\"https:\/\/www.lafionda.org\/2025\/12\/04\/la-cricca-di-ursula-e-noi-considerazioni-a-partire-dal-libro-di-frederic-baldan\/#_ftnref2\">[2]<\/a> F. BALDAN, <em>Ursula gates, La Von der Leyen e il potere delle lobby a Bruxelles<\/em>, Guerini e Associati, 2025, p. 215.<\/p>\n<p><a id=\"_ftn3\" href=\"https:\/\/www.lafionda.org\/2025\/12\/04\/la-cricca-di-ursula-e-noi-considerazioni-a-partire-dal-libro-di-frederic-baldan\/#_ftnref3\">[3]<\/a> <em>Ivi<\/em>, p. 37.<\/p>\n<p><a id=\"_ftn4\" href=\"https:\/\/www.lafionda.org\/2025\/12\/04\/la-cricca-di-ursula-e-noi-considerazioni-a-partire-dal-libro-di-frederic-baldan\/#_ftnref4\">[4]<\/a> Cio\u00e8 la Carta dei diritti fondamentali dell\u2019Unione Europea. Cfr. <em>ivi<\/em> p. 92.<\/p>\n<p><a id=\"_ftn5\" href=\"https:\/\/www.lafionda.org\/2025\/12\/04\/la-cricca-di-ursula-e-noi-considerazioni-a-partire-dal-libro-di-frederic-baldan\/#_ftnref5\">[5]<\/a> <em>Ivi<\/em>, p. 208.<\/p>\n<p><a id=\"_ftn6\" href=\"https:\/\/www.lafionda.org\/2025\/12\/04\/la-cricca-di-ursula-e-noi-considerazioni-a-partire-dal-libro-di-frederic-baldan\/#_ftnref6\">[6]<\/a> Chi denuncia abusi e illeciti dall\u2019interno delle istituzioni.<\/p>\n<p><a id=\"_ftn7\" href=\"https:\/\/www.lafionda.org\/2025\/12\/04\/la-cricca-di-ursula-e-noi-considerazioni-a-partire-dal-libro-di-frederic-baldan\/#_ftnref7\">[7]<\/a> <em>Ivi<\/em>, p. 355.<\/p>\n<p><a id=\"_ftn8\" href=\"https:\/\/www.lafionda.org\/2025\/12\/04\/la-cricca-di-ursula-e-noi-considerazioni-a-partire-dal-libro-di-frederic-baldan\/#_ftnref8\">[8]<\/a> <em>Ivi<\/em>, p. 93.<\/p>\n<p><a id=\"_ftn9\" href=\"https:\/\/www.lafionda.org\/2025\/12\/04\/la-cricca-di-ursula-e-noi-considerazioni-a-partire-dal-libro-di-frederic-baldan\/#_ftnref9\">[9]<\/a> <em>Ivi<\/em>, pp. 44-45.<\/p>\n<p><a id=\"_ftn10\" href=\"https:\/\/www.lafionda.org\/2025\/12\/04\/la-cricca-di-ursula-e-noi-considerazioni-a-partire-dal-libro-di-frederic-baldan\/#_ftnref10\">[10]<\/a> <em>Ivi<\/em>, pp. 46 ss.<\/p>\n<p><a id=\"_ftn11\" href=\"https:\/\/www.lafionda.org\/2025\/12\/04\/la-cricca-di-ursula-e-noi-considerazioni-a-partire-dal-libro-di-frederic-baldan\/#_ftnref11\">[11]<\/a> Fate un divertente esercizio mentale e sostituite a \u201cScience\u201d, \u201cCristo\u201d.<\/p>\n<p><a id=\"_ftn12\" href=\"https:\/\/www.lafionda.org\/2025\/12\/04\/la-cricca-di-ursula-e-noi-considerazioni-a-partire-dal-libro-di-frederic-baldan\/#_ftnref12\">[12]<\/a> <em>Ivi<\/em>, p. 219.<\/p>\n<p><a id=\"_ftn13\" href=\"https:\/\/www.lafionda.org\/2025\/12\/04\/la-cricca-di-ursula-e-noi-considerazioni-a-partire-dal-libro-di-frederic-baldan\/#_ftnref13\">[13]<\/a> <em>Ivi<\/em>, pp. 159 ss.<\/p>\n<p><a id=\"_ftn14\" href=\"https:\/\/www.lafionda.org\/2025\/12\/04\/la-cricca-di-ursula-e-noi-considerazioni-a-partire-dal-libro-di-frederic-baldan\/#_ftnref14\">[14]<\/a> <em>Ivi<\/em>, pp. 366-367.<\/p>\n<p><a id=\"_ftn15\" href=\"https:\/\/www.lafionda.org\/2025\/12\/04\/la-cricca-di-ursula-e-noi-considerazioni-a-partire-dal-libro-di-frederic-baldan\/#_ftnref15\">[15]<\/a> <em>Ivi<\/em>, pp. 178 ss.<\/p>\n<p><a id=\"_ftn16\" href=\"https:\/\/www.lafionda.org\/2025\/12\/04\/la-cricca-di-ursula-e-noi-considerazioni-a-partire-dal-libro-di-frederic-baldan\/#_ftnref16\">[16]<\/a> <em>Ivi<\/em>, p. 184.<\/p>\n<p><a id=\"_ftn17\" href=\"https:\/\/www.lafionda.org\/2025\/12\/04\/la-cricca-di-ursula-e-noi-considerazioni-a-partire-dal-libro-di-frederic-baldan\/#_ftnref17\">[17]<\/a> <em>Ivi<\/em>, p. 185.<\/p>\n<p><a id=\"_ftn18\" href=\"https:\/\/www.lafionda.org\/2025\/12\/04\/la-cricca-di-ursula-e-noi-considerazioni-a-partire-dal-libro-di-frederic-baldan\/#_ftnref18\">[18]<\/a> Lobby finanziata da una miriade di soggetti pubblici e privati, tra cui molte multinazionali statunitensi.<\/p>\n<p><a id=\"_ftn19\" href=\"https:\/\/www.lafionda.org\/2025\/12\/04\/la-cricca-di-ursula-e-noi-considerazioni-a-partire-dal-libro-di-frederic-baldan\/#_ftnref19\">[19]<\/a> <em>Ivi<\/em>, pp. 148 ss.<\/p>\n<p><a id=\"_ftn20\" href=\"https:\/\/www.lafionda.org\/2025\/12\/04\/la-cricca-di-ursula-e-noi-considerazioni-a-partire-dal-libro-di-frederic-baldan\/#_ftnref20\">[20]<\/a> <em>Ivi<\/em>, p. 129.<\/p>\n<p><a id=\"_ftn21\" href=\"https:\/\/www.lafionda.org\/2025\/12\/04\/la-cricca-di-ursula-e-noi-considerazioni-a-partire-dal-libro-di-frederic-baldan\/#_ftnref21\">[21]<\/a> <em>Ivi<\/em>, pp. 186 ss.<\/p>\n<p><a id=\"_ftn22\" href=\"https:\/\/www.lafionda.org\/2025\/12\/04\/la-cricca-di-ursula-e-noi-considerazioni-a-partire-dal-libro-di-frederic-baldan\/#_ftnref22\">[22]<\/a> <em>Ivi<\/em>, pp. 132 ss.<\/p>\n<p><a id=\"_ftn23\" href=\"https:\/\/www.lafionda.org\/2025\/12\/04\/la-cricca-di-ursula-e-noi-considerazioni-a-partire-dal-libro-di-frederic-baldan\/#_ftnref23\">[23]<\/a> <em>Ivi<\/em>, pp. 152 ss.<\/p>\n<p><a id=\"_ftn24\" href=\"https:\/\/www.lafionda.org\/2025\/12\/04\/la-cricca-di-ursula-e-noi-considerazioni-a-partire-dal-libro-di-frederic-baldan\/#_ftnref24\">[24]<\/a> <em>Ivi<\/em>, pp. 281-282.<\/p>\n<p><a id=\"_ftn25\" href=\"https:\/\/www.lafionda.org\/2025\/12\/04\/la-cricca-di-ursula-e-noi-considerazioni-a-partire-dal-libro-di-frederic-baldan\/#_ftnref25\">[25]<\/a> <em>Ivi<\/em>, p. 182.<\/p>\n<p><strong>FONTE:<a href=\"https:\/\/www.lafionda.org\/2025\/12\/04\/la-cricca-di-ursula-e-noi-considerazioni-a-partire-dal-libro-di-frederic-baldan\/\">https:\/\/www.lafionda.org\/2025\/12\/04\/la-cricca-di-ursula-e-noi-considerazioni-a-partire-dal-libro-di-frederic-baldan\/<\/a><\/strong><\/p>\n<\/div>\n","protected":false},"excerpt":{"rendered":"<p>di LA FIONDA (Lorenzo Palaia) Il 17 ottobre di quest\u2019anno \u00e8 uscito Ursula gates: la Von der Leyen e il potere delle lobby a Bruxelles, edito in Italia da Guerini e Associati. Pochi giorni dopo l\u2019autore Frederic Baldan si vede bloccare i conti correnti posseduti presso gli istituti Nagelmackers e ING; non solo i suoi, ma quelli della moglie e del figlio. Una pratica nota come debanking, spesso usata dalle banche senza giustificazioni o avvertimenti&#46;&#46;&#46;<\/p>\n","protected":false},"author":109,"featured_media":89999,"comment_status":"open","ping_status":"open","sticky":false,"template":"","format":"standard","meta":{"jetpack_post_was_ever_published":false,"_jetpack_newsletter_access":"","_jetpack_dont_email_post_to_subs":false,"_jetpack_newsletter_tier_id":0,"_jetpack_memberships_contains_paywalled_content":false,"_jetpack_memberships_contains_paid_content":false,"footnotes":"","jetpack_publicize_message":"","jetpack_publicize_feature_enabled":true,"jetpack_social_post_already_shared":true,"jetpack_social_options":{"image_generator_settings":{"template":"highway","enabled":false},"version":2}},"categories":[32],"tags":[],"jetpack_publicize_connections":[],"jetpack_featured_media_url":"https:\/\/appelloalpopolo.it\/wp-content\/uploads\/2025\/05\/IMG_0516-1.jpeg","jetpack_sharing_enabled":true,"jetpack_shortlink":"https:\/\/wp.me\/p7ZaJ4-ocN","_links":{"self":[{"href":"https:\/\/appelloalpopolo.it\/index.php?rest_route=\/wp\/v2\/posts\/93049"}],"collection":[{"href":"https:\/\/appelloalpopolo.it\/index.php?rest_route=\/wp\/v2\/posts"}],"about":[{"href":"https:\/\/appelloalpopolo.it\/index.php?rest_route=\/wp\/v2\/types\/post"}],"author":[{"embeddable":true,"href":"https:\/\/appelloalpopolo.it\/index.php?rest_route=\/wp\/v2\/users\/109"}],"replies":[{"embeddable":true,"href":"https:\/\/appelloalpopolo.it\/index.php?rest_route=%2Fwp%2Fv2%2Fcomments&post=93049"}],"version-history":[{"count":1,"href":"https:\/\/appelloalpopolo.it\/index.php?rest_route=\/wp\/v2\/posts\/93049\/revisions"}],"predecessor-version":[{"id":93050,"href":"https:\/\/appelloalpopolo.it\/index.php?rest_route=\/wp\/v2\/posts\/93049\/revisions\/93050"}],"wp:featuredmedia":[{"embeddable":true,"href":"https:\/\/appelloalpopolo.it\/index.php?rest_route=\/wp\/v2\/media\/89999"}],"wp:attachment":[{"href":"https:\/\/appelloalpopolo.it\/index.php?rest_route=%2Fwp%2Fv2%2Fmedia&parent=93049"}],"wp:term":[{"taxonomy":"category","embeddable":true,"href":"https:\/\/appelloalpopolo.it\/index.php?rest_route=%2Fwp%2Fv2%2Fcategories&post=93049"},{"taxonomy":"post_tag","embeddable":true,"href":"https:\/\/appelloalpopolo.it\/index.php?rest_route=%2Fwp%2Fv2%2Ftags&post=93049"}],"curies":[{"name":"wp","href":"https:\/\/api.w.org\/{rel}","templated":true}]}}