{"id":93054,"date":"2025-12-08T10:30:46","date_gmt":"2025-12-08T09:30:46","guid":{"rendered":"https:\/\/appelloalpopolo.it\/?p=93054"},"modified":"2025-12-05T18:22:07","modified_gmt":"2025-12-05T17:22:07","slug":"lantiautoritarismo-grimaldello-per-lequiparazione-tra-fascismo-e-comunismo","status":"publish","type":"post","link":"https:\/\/appelloalpopolo.it\/?p=93054","title":{"rendered":"L&#8217;antiautoritarismo grimaldello per l&#8217;equiparazione tra fascismo e comunismo."},"content":{"rendered":"<p style=\"text-align: justify\"><strong>di FERDINANDO PASTORE (Pagina FB)<\/strong><\/p>\n<p style=\"text-align: justify\">I fascisti della mia et\u00e0 hanno sempre cercato di porre l&#8217;attenzione sull&#8217;equiparazione tra i regimi neri e i paesi del socialismo reale. Nella loro dialettica si scorgeva la volont\u00e0 di offrire un terreno comune di discussione e il desiderio di volersi far guardare in termini pi\u00f9 benevoli. Ma, in realt\u00e0, con questo stratagemma hanno sempre intravisto la possibilit\u00e0 di rilegittimare la loro immagine e, alla lunga, di ottenere possibilit\u00e0 politiche all&#8217;interno dell&#8217;arco parlamentare e credibilit\u00e0 all&#8217;interno dei circoli culturali.<\/p>\n<p style=\"text-align: justify\">Se ci si fa caso, l&#8217;estrema destra non perde occasione per votare le risoluzioni che equiparano i due fenomeni storici. Lo fa per due motivi. Il primo \u00e8 avere la possibilit\u00e0 di mettere al bando nei Paesi dell&#8217;Est Europa i partiti socialisti e comunisti e vietare la loro presenza pubblica. \u00c8 avvenuto in Ucraina e sta avvenendo in Polonia. Ma in pi\u00f9 l&#8217;equiparazione, nei Paesi dell&#8217;Europa occidentale, permette ai nostalgici di partecipare con piena dignit\u00e0 al contesto politico nazionale, proprio perch\u00e9 tra Parigi, Roma e Madrid non \u00e8 semplice mettere fuorilegge le tradizioni politiche che contribuirono maggiormente alla liberazione dal nazifascismo. Ma se sono buone le une saranno accettate anche le altre. Cos\u00ec potranno anche governare quando il contesto politico lo permette.<\/p>\n<p style=\"text-align: justify\">Questo espediente logico \u00e8 servito ai liberali di destra e di sinistra per certificare la loro centralit\u00e0 costituzionale nel sistema guidato dai mercati. L&#8217;obiettivo ovviamente era sin da subito cancellare la tradizione politica marxista per renderla non solo antiquata ma anche inappropriata al volgere della nuova civilt\u00e0 imperniata sul capitalismo digitale, finanziario e globalizzato. Anzi, nel contesto mutato sar\u00e0 proprio l&#8217;estrema destra a reggere il moccolo ai governi che ossequiano rispettosi il profitto privato.<\/p>\n<p style=\"text-align: justify\">Il disinnesco del conflitto sociale organizzato ha rappresentato un&#8217;ossessione per la civilt\u00e0 neoliberale. E paradossalmente trov\u00f2 una sua giustificazione morale nell&#8217;enfatizzazione dell&#8217;antiautoritarismo, cos\u00ec come era presentato da qualche frangia della nuova sinistra sessantottina, soprattutto quelle pi\u00f9 americanizzate. Tutta la tradizione della &#8220;fantasia al potere&#8221; che arriva alla necessit\u00e0 primaria del &#8220;personale \u00e8 politico&#8221; e dell&#8217;emancipazione di s\u00e9 attraverso la liberazione del piacere, con la diffusione di pratiche contestative situazioniste, ha consacrato una sorta di rifiuto permanente allo Stato, chiunque sia a rappresentarlo. E ha diffuso la convinzione che per ottenere il socialismo non servisse un&#8217;azione tesa a conquistarlo per poi difendere quella conquista.<\/p>\n<p style=\"text-align: justify\">Questo \u00e8 il motivo per cui qualche settore dell&#8217;antagonismo non riesce proprio a prendere posizioni nette sulla questione ucraina, l\u00ec dove i nazisti si sono fatti esercito regolare finanziato dalle Casapound di mezza Europa o per la rivoluzione bolivariana del Venezuela. Oppure, pur spendendosi attivamente per il popolo palestinese, faticano a cogliere il cuore portante della questione palestinese che \u00e8 la formazione della nazione e dello Stato palestinesi con dei confini precisi, altro che &#8220;no borders&#8221;.<\/p>\n<p style=\"text-align: justify\">Ed \u00e8 il motivo per cui la logica di Zerocalcare, che \u00e8 indubbiamente un militante, lo costringe ad accettare la compagnia degli Scurati di turno e di tutti quelli che pontificano di riarmo etico, di guerre preventive, di valori europei da difendere. Paradossalmente \u00e8 lo stesso Zerocalcare che si trasforma in un tifoso spassionato delle squadracce Azov, delle novelle Pinochet venezuelane, perch\u00e9 Putin, Maduro e chi per loro rappresenterebbero cadenze autoritarie. Motivo per cui gli appelli contro l&#8217;editoria nazista, pi\u00f9 che giustificati, perdono nerbo e sostanza politica per diventare il solito argomento di conversazione nelle apericene partigiane dei quartieri pi\u00f9 sofisticati.<\/p>\n<p style=\"text-align: justify\"><strong>Fonte:\u00a0<a href=\"https:\/\/www.facebook.com\/share\/p\/1AjWH1HecK\/\">https:\/\/www.facebook.com\/share\/p\/1AjWH1HecK\/<\/a><\/strong><\/p>\n","protected":false},"excerpt":{"rendered":"<p>di FERDINANDO PASTORE (Pagina FB) I fascisti della mia et\u00e0 hanno sempre cercato di porre l&#8217;attenzione sull&#8217;equiparazione tra i regimi neri e i paesi del socialismo reale. Nella loro dialettica si scorgeva la volont\u00e0 di offrire un terreno comune di discussione e il desiderio di volersi far guardare in termini pi\u00f9 benevoli. Ma, in realt\u00e0, con questo stratagemma hanno sempre intravisto la possibilit\u00e0 di rilegittimare la loro immagine e, alla lunga, di ottenere possibilit\u00e0 politiche&#46;&#46;&#46;<\/p>\n","protected":false},"author":95,"featured_media":89105,"comment_status":"open","ping_status":"open","sticky":false,"template":"","format":"standard","meta":{"jetpack_post_was_ever_published":false,"_jetpack_newsletter_access":"","_jetpack_dont_email_post_to_subs":false,"_jetpack_newsletter_tier_id":0,"_jetpack_memberships_contains_paywalled_content":false,"_jetpack_memberships_contains_paid_content":false,"footnotes":"","jetpack_publicize_message":"","jetpack_publicize_feature_enabled":true,"jetpack_social_post_already_shared":true,"jetpack_social_options":{"image_generator_settings":{"template":"highway","enabled":false},"version":2}},"categories":[32],"tags":[],"jetpack_publicize_connections":[],"jetpack_featured_media_url":"https:\/\/appelloalpopolo.it\/wp-content\/uploads\/2025\/02\/Ferdinando-Pastore.jpg","jetpack_sharing_enabled":true,"jetpack_shortlink":"https:\/\/wp.me\/p7ZaJ4-ocS","_links":{"self":[{"href":"https:\/\/appelloalpopolo.it\/index.php?rest_route=\/wp\/v2\/posts\/93054"}],"collection":[{"href":"https:\/\/appelloalpopolo.it\/index.php?rest_route=\/wp\/v2\/posts"}],"about":[{"href":"https:\/\/appelloalpopolo.it\/index.php?rest_route=\/wp\/v2\/types\/post"}],"author":[{"embeddable":true,"href":"https:\/\/appelloalpopolo.it\/index.php?rest_route=\/wp\/v2\/users\/95"}],"replies":[{"embeddable":true,"href":"https:\/\/appelloalpopolo.it\/index.php?rest_route=%2Fwp%2Fv2%2Fcomments&post=93054"}],"version-history":[{"count":1,"href":"https:\/\/appelloalpopolo.it\/index.php?rest_route=\/wp\/v2\/posts\/93054\/revisions"}],"predecessor-version":[{"id":93055,"href":"https:\/\/appelloalpopolo.it\/index.php?rest_route=\/wp\/v2\/posts\/93054\/revisions\/93055"}],"wp:featuredmedia":[{"embeddable":true,"href":"https:\/\/appelloalpopolo.it\/index.php?rest_route=\/wp\/v2\/media\/89105"}],"wp:attachment":[{"href":"https:\/\/appelloalpopolo.it\/index.php?rest_route=%2Fwp%2Fv2%2Fmedia&parent=93054"}],"wp:term":[{"taxonomy":"category","embeddable":true,"href":"https:\/\/appelloalpopolo.it\/index.php?rest_route=%2Fwp%2Fv2%2Fcategories&post=93054"},{"taxonomy":"post_tag","embeddable":true,"href":"https:\/\/appelloalpopolo.it\/index.php?rest_route=%2Fwp%2Fv2%2Ftags&post=93054"}],"curies":[{"name":"wp","href":"https:\/\/api.w.org\/{rel}","templated":true}]}}