{"id":93061,"date":"2025-12-08T08:30:17","date_gmt":"2025-12-08T07:30:17","guid":{"rendered":"https:\/\/appelloalpopolo.it\/?p=93061"},"modified":"2025-12-07T16:28:10","modified_gmt":"2025-12-07T15:28:10","slug":"la-dottrina-trump-2025-lamerica-torna-fabbrica-leuropa-si-prepara-allestinzione-amici-e-nemici","status":"publish","type":"post","link":"https:\/\/appelloalpopolo.it\/?p=93061","title":{"rendered":"La Dottrina Trump 2025: L\u2019America torna \u201cFabbrica\u201d, l\u2019Europa si prepara all\u2019estinzione. Amici e nemici"},"content":{"rendered":"<p><strong>di SCENARIECONOMICI (Fabio Lugano)<\/strong><\/p>\n<p>&nbsp;<\/p>\n<header id=\"mvp-post-head\" class=\"left relative\">Richiesta del 5% di PIL per la NATO e previsione di un\u2019Europa \u201cirriconoscibile\u201d ed estinta in 20 anni. Il piano che cambia tutto.&nbsp;<\/p>\n<\/header>\n<div class=\"mvp-post-main-out left relative\">\n<div class=\"mvp-post-main-in\">\n<div id=\"mvp-post-content\" class=\"left relative\">\n<div id=\"mvp-post-feat-img\" class=\"left relative mvp-post-feat-img-wide2\"><img loading=\"lazy\" decoding=\"async\" class=\"attachment- size- wp-post-image lazyautosizes lazyloaded\" src=\"https:\/\/scenarieconomici.it\/wp-content\/uploads\/2025\/12\/trump-bandiera-USA.jpg.webp\" alt=\"\" width=\"1280\" height=\"859\" data-src=\"https:\/\/scenarieconomici.it\/wp-content\/uploads\/2025\/12\/trump-bandiera-USA.jpg.webp\" data-srcset=\"https:\/\/scenarieconomici.it\/wp-content\/uploads\/2025\/12\/trump-bandiera-USA.jpg.webp 1280w, https:\/\/scenarieconomici.it\/wp-content\/uploads\/2025\/12\/trump-bandiera-USA-300x201.jpg.webp 300w, https:\/\/scenarieconomici.it\/wp-content\/uploads\/2025\/12\/trump-bandiera-USA-1024x687.jpg.webp 1024w, https:\/\/scenarieconomici.it\/wp-content\/uploads\/2025\/12\/trump-bandiera-USA-768x515.jpg.webp 768w\" data-sizes=\"auto\" data-eio-rwidth=\"1280\" data-eio-rheight=\"859\" data-src-webp=\"https:\/\/scenarieconomici.it\/wp-content\/uploads\/2025\/12\/trump-bandiera-USA.jpg.webp\" data-srcset-webp=\"https:\/\/scenarieconomici.it\/wp-content\/uploads\/2025\/12\/trump-bandiera-USA.jpg.webp 1280w, https:\/\/scenarieconomici.it\/wp-content\/uploads\/2025\/12\/trump-bandiera-USA-300x201.jpg.webp 300w, https:\/\/scenarieconomici.it\/wp-content\/uploads\/2025\/12\/trump-bandiera-USA-1024x687.jpg.webp 1024w, https:\/\/scenarieconomici.it\/wp-content\/uploads\/2025\/12\/trump-bandiera-USA-768x515.jpg.webp 768w\" \/><\/div>\n<div id=\"mvp-content-wrap\" class=\"left relative\">\n<div class=\"mvp-post-soc-out right relative\">\n<div class=\"mvp-post-soc-in\">\n<div id=\"mvp-content-body\" class=\"left relative\">\n<div id=\"mvp-content-body-top\" class=\"left relative\">\n<div id=\"mvp-content-main\" class=\"left relative\">\n<p>&nbsp;<\/p>\n<p>Se a Bruxelles qualcuno sperava che il ritorno di Donald Trump fosse gestibile con qualche sorriso di circostanza e qualche acquisto in pi\u00f9 di gas liquefatto, la pubblicazione della\u00a0<a href=\"https:\/\/www.whitehouse.gov\/wp-content\/uploads\/2025\/12\/2025-National-Security-Strategy.pdf\"><b>National Security Strategy 2025<\/b><\/a>\u00a0\u00e8 la doccia gelata che spegne ogni illusione.<\/p>\n<div class=\"ddw-related-posts\">\n<div class=\"ddw-related-posts-title\">Per approfondire:<\/div>\n<ul>\n<li class=\"ddw-related-posts-item\"><a href=\"https:\/\/scenarieconomici.it\/auto-crollano-i-prezzi-il-ceo-di-ford-svela-il-piano-di-trump-contro-il-caro-green-della-macchine\/?rel=correlati\"><span class=\"ddw-related-posts-item-type\">Articolo:<\/span>\u00a0<span class=\"ddw-related-posts-item-title\">Auto, crollano i prezzi? Il CEO di Ford svela il piano di Trump contro il \u201ccaro Green\u201d della macchine<\/span><\/a><\/li>\n<li class=\"ddw-related-posts-item\"><a href=\"https:\/\/scenarieconomici.it\/la-boj-gela-i-mercati-bitcoin-affonda-e-rendimenti-record-a-tokyo-trump-dovra-fare-una-telefonata-a-ueda\/?rel=correlati\"><span class=\"ddw-related-posts-item-type\">Articolo:<\/span>\u00a0<span class=\"ddw-related-posts-item-title\">La BoJ gela i mercati: Bitcoin affonda e rendimenti record a Tokyo. Trump dovr\u00e0 fare una telefonata a Ueda?<\/span><\/a><\/li>\n<li class=\"ddw-related-posts-item\"><a href=\"https:\/\/scenarieconomici.it\/trump-chiude-i-cieli-del-venezuela-ultimatum-secco-a-maduro-e-scacco-matto-nei-caraibi\/?rel=correlati\"><span class=\"ddw-related-posts-item-type\">Articolo:<\/span>\u00a0<span class=\"ddw-related-posts-item-title\">Trump chiude i cieli del Venezuela: ultimatum \u201csecco\u201d a Maduro e scacco matto nei Caraibi<\/span><\/a><\/li>\n<\/ul>\n<\/div>\n<div id=\"div-ddw-ad-VIDEO\">\n<div class=\"DLW_VIDEO\"><\/div>\n<\/div>\n<p data-path-to-node=\"3\">Non siamo di fronte al solito documento infarcito di \u201cdiplomatichese\u201d, ma a un manifesto brutale di\u00a0<b>Realpolitik economica e culturale<\/b>. Il testo delinea un cambio di paradigma totale: fine dell\u2019interventismo liberale \u201cwilsoniano\u201d, ritorno alla protezione degli interessi vitali e, soprattutto, una\u00a0<b>reindustrializzazione forzata<\/b>\u00a0che guarda all\u2019economia reale come unico vero baluardo della sicurezza nazionale.<\/p>\n<h3 data-path-to-node=\"4\">Il Ritorno di Hamilton: \u201cMakers\u201d contro \u201cTakers\u201d<\/h3>\n<p data-path-to-node=\"5\"><span data-path-to-node=\"5,0\">Dimenticate la \u201cfinanza creativa\u201d, i derivati e le bolle speculative che hanno arricchito Wall Street impoverendo la Rust Belt.\u00a0<\/span><span data-path-to-node=\"5,2\"><span class=\"citation-215\">La nuova amministrazione rispolvera\u00a0<a href=\"https:\/\/it.wikipedia.org\/wiki\/Alexander_Hamilton\">Alexander Hamilton\u00a0<\/a><\/span><\/span><span data-path-to-node=\"5,4\">e punta tutto sulla produzione fisica.\u00a0<\/span><span data-path-to-node=\"5,6\"><span class=\"citation-214\">Il documento afferma chiaramente che\u00a0<\/span><b><span class=\"citation-214\">\u201cil futuro appartiene a chi produce (makers)\u201d<\/span><\/b><\/span><span data-path-to-node=\"5,8\">.\u00a0<\/span><span data-path-to-node=\"5,10\"><span class=\"citation-213\">L\u2019economia non \u00e8 pi\u00f9 vista come un fine a s\u00e9 stante, ma come la \u201croccia\u201d su cui poggia la potenza militare<\/span><\/span><span data-path-to-node=\"5,12\">.<\/span><\/p>\n<p data-path-to-node=\"6\">La strategia si basa su tre pilastri economici che fanno impallidire il Green Deal europeo:<\/p>\n<ul>\n<li data-path-to-node=\"7,0,1\"><span data-path-to-node=\"7,0,1,0\"><b><span class=\"citation-212\">Dominio Energetico Assoluto:<\/span><\/b><span class=\"citation-212\">\u00a0Mentre l\u2019Europa si suicida economicamente con obiettivi climatici irraggiungibili, gli USA bollano le ideologie \u201cNet Zero\u201d come disastrose<\/span><\/span><span data-path-to-node=\"7,0,1,2\">.\u00a0<\/span><span data-path-to-node=\"7,0,1,4\"><span class=\"citation-211\">L\u2019obiettivo \u00e8 scatenare la produzione di petrolio, gas e nucleare per abbattere i costi e attirare investimenti<\/span><\/span><span data-path-to-node=\"7,0,1,6\">.<\/span><\/li>\n<li data-path-to-node=\"7,1,0\"><span data-path-to-node=\"7,1,0,0\"><b>Sovranit\u00e0 delle Supply Chain:<\/b>\u00a0Si punta al controllo totale delle filiere.\u00a0<\/span><span data-path-to-node=\"7,1,0,2\"><span class=\"citation-210\">L\u2019America non deve dipendere da \u201calcuna potenza esterna\u201d per componenti critici<\/span><\/span><span data-path-to-node=\"7,1,0,4\">. Questo significa dazi storici e incentivi massicci per riportare le industrie a casa.<\/span><\/li>\n<li data-path-to-node=\"7,2,0\"><span data-path-to-node=\"7,2,0,0\"><b>Guerra al deficit:<\/b>\u00a0I deficit commerciali non sono pi\u00f9 una statistica, ma una vulnerabilit\u00e0 strategica.\u00a0<\/span><span data-path-to-node=\"7,2,0,2\"><span class=\"citation-209\">L\u2019amministrazione \u201cnon tollerer\u00e0 pi\u00f9\u201d il free-riding e le pratiche predatorie, nemmeno dagli alleati<\/span><\/span><span data-path-to-node=\"7,2,0,3\"><span class=\"citation-209 citation-end-209\"><sup class=\"superscript\" data-turn-source-index=\"7\">7<\/sup><\/span><\/span><span data-path-to-node=\"7,2,0,4\">.<\/span><\/li>\n<\/ul>\n<h3 data-path-to-node=\"8\">Il \u201cCorollario Trump\u201d e la Fine dell\u2019Era delle Migrazioni<\/h3>\n<p>Sul piano geopolitico, il documento non si limita a rispolverare la Dottrina Monroe, ma la potenzia con un \u201cCorollario Trump\u201d. Il messaggio all\u2019America Latina (e alla Cina che vi investe) \u00e8 netto: l\u2019emisfero occidentale \u00e8 chiuso alle influenze ostili.<\/p>\n<p>Ma il punto che far\u00e0 saltare sulla sedia i progressisti di tutto il mondo riguarda l\u2019immigrazione. La NSS 2025 dichiara ufficialmente che \u201cL\u2019era delle migrazioni di massa \u00e8 finita\u201d.<\/p>\n<p>La sicurezza dei confini \u00e8 elevata a \u201celemento primario della sicurezza nazionale\u201d10. Il testo demolisce la retorica dell\u2019accoglienza, affermando che i flussi incontrollati aumentano il crimine, distorcono il mercato del lavoro e minano la coesione sociale11. \u00c8 la fine del modello multiculturale come lo conosciamo: le nazioni sovrane hanno il diritto esclusivo di decidere il proprio futuro demografico12.<\/p>\n<h3 data-path-to-node=\"10\">Meritocrazia contro Ideologia \u201cWoke\u201d<\/h3>\n<p data-path-to-node=\"11\"><span data-path-to-node=\"11,0\">Un\u2019aggiunta significativa rispetto al passato \u00e8 la guerra culturale interna alle istituzioni.\u00a0<\/span><span data-path-to-node=\"11,2\"><span class=\"citation-203\">Il documento celebra l\u2019eliminazione dell\u2019ideologia \u201cwoke\u201d e delle politiche DEI (Diversity, Equity, and Inclusion) dalle forze armate<\/span><\/span><span data-path-to-node=\"11,3\"><span class=\"citation-203 citation-end-203\"><sup class=\"superscript\" data-turn-source-index=\"13\">13<\/sup><sup class=\"superscript\" data-turn-source-index=\"13\">13<\/sup><sup class=\"superscript\" data-turn-source-index=\"13\">13<\/sup><sup class=\"superscript\" data-turn-source-index=\"13\">13<\/sup><\/span><\/span><span data-path-to-node=\"11,4\">.\u00a0<\/span><span data-path-to-node=\"11,6\"><span class=\"citation-202\">La competenza e il merito tornano ad essere gli unici metri di giudizio, considerati vantaggi di civilt\u00e0 fondamentali che non possono essere sacrificati sull\u2019altare del politicamente corretto<\/span><\/span><span data-path-to-node=\"11,8\">.<\/span><\/p>\n<h3 data-path-to-node=\"12\">Tabella: Confronto Strategico USA-UE<\/h3>\n<table data-path-to-node=\"13\">\n<thead>\n<tr>\n<td><strong>Tema<\/strong><\/td>\n<td><strong>Strategia UE \/ Precedente<\/strong><\/td>\n<td><strong>Strategia Trump 2025<\/strong><\/td>\n<\/tr>\n<\/thead>\n<tbody>\n<tr>\n<td><span data-path-to-node=\"13,1,0,0\"><b>Energia<\/b><\/span><\/td>\n<td><span data-path-to-node=\"13,1,1,0\">Transizione Green, rinnovabili, Net Zero<\/span><\/td>\n<td>\n<p data-path-to-node=\"13,1,2,0\"><span data-path-to-node=\"13,1,2,0,1\"><span class=\"citation-201\">Dominio fossile e nucleare, costi minimi<\/span><\/span><\/p>\n<\/td>\n<\/tr>\n<tr>\n<td><span data-path-to-node=\"13,2,0,0\"><b>Commercio<\/b><\/span><\/td>\n<td><span data-path-to-node=\"13,2,1,0\">Globalismo, accordi multilaterali<\/span><\/td>\n<td>\n<p data-path-to-node=\"13,2,2,0\"><span data-path-to-node=\"13,2,2,0,1\"><span class=\"citation-200\">Protezionismo, Dazi, Bilanciamento deficit<\/span><\/span><\/p>\n<\/td>\n<\/tr>\n<tr>\n<td><span data-path-to-node=\"13,3,0,0\"><b>Difesa<\/b><\/span><\/td>\n<td><span data-path-to-node=\"13,3,1,0\">Dipendenza USA, spesa &lt; 2%<\/span><\/td>\n<td>\n<p data-path-to-node=\"13,3,2,0\"><span data-path-to-node=\"13,3,2,0,1\"><span class=\"citation-199\">\u201cPace attraverso la Forza\u201d, target 5%\u00a0<\/span><\/span><span data-path-to-node=\"13,3,2,0,2\"><span class=\"citation-199 citation-end-199\"><sup class=\"superscript\" data-turn-source-index=\"17\">17<\/sup><\/span><\/span><\/p>\n<\/td>\n<\/tr>\n<tr>\n<td><span data-path-to-node=\"13,4,0,0\"><b>Immigrazione<\/b><\/span><\/td>\n<td><span data-path-to-node=\"13,4,1,0\">Gestione flussi, accoglienza diffusa<\/span><\/td>\n<td>\n<p data-path-to-node=\"13,4,2,0\"><span data-path-to-node=\"13,4,2,0,1\"><span class=\"citation-198\">Chiusura,\u00a0 Sovranit\u00e0 assoluta<\/span><\/span><\/p>\n<\/td>\n<\/tr>\n<tr>\n<td><span data-path-to-node=\"13,5,0,0\"><b>Valori<\/b><\/span><\/td>\n<td><span data-path-to-node=\"13,5,1,0\">Multiculturalismo, Diritti sovrannazionali<\/span><\/td>\n<td>\n<p data-path-to-node=\"13,5,2,0\"><span data-path-to-node=\"13,5,2,0,1\"><span class=\"citation-197\">Sovranit\u00e0 nazionale, Famiglia tradizionale<\/span><\/span><\/p>\n<\/td>\n<\/tr>\n<\/tbody>\n<\/table>\n<hr data-path-to-node=\"14\" \/>\n<div id=\"attachment_235690\" class=\"wp-caption aligncenter\">\n<p><a href=\"https:\/\/scenarieconomici.it\/wp-content\/uploads\/2025\/07\/Nato-in-Poland.jpg\"><img loading=\"lazy\" decoding=\"async\" class=\"size-full wp-image-235690 lazyautosizes lazyloaded\" src=\"https:\/\/scenarieconomici.it\/wp-content\/uploads\/2025\/07\/Nato-in-Poland.jpg.webp\" alt=\"\" width=\"1200\" height=\"798\" aria-describedby=\"caption-attachment-235690\" data-src=\"https:\/\/scenarieconomici.it\/wp-content\/uploads\/2025\/07\/Nato-in-Poland.jpg.webp\" data-srcset=\"https:\/\/scenarieconomici.it\/wp-content\/uploads\/2025\/07\/Nato-in-Poland.jpg.webp 1200w, https:\/\/scenarieconomici.it\/wp-content\/uploads\/2025\/07\/Nato-in-Poland-300x200.jpg.webp 300w, https:\/\/scenarieconomici.it\/wp-content\/uploads\/2025\/07\/Nato-in-Poland-1024x681.jpg.webp 1024w, https:\/\/scenarieconomici.it\/wp-content\/uploads\/2025\/07\/Nato-in-Poland-768x511.jpg.webp 768w\" data-sizes=\"auto\" data-eio-rwidth=\"1200\" data-eio-rheight=\"798\" data-src-webp=\"https:\/\/scenarieconomici.it\/wp-content\/uploads\/2025\/07\/Nato-in-Poland.jpg.webp\" data-srcset-webp=\"https:\/\/scenarieconomici.it\/wp-content\/uploads\/2025\/07\/Nato-in-Poland.jpg.webp 1200w, https:\/\/scenarieconomici.it\/wp-content\/uploads\/2025\/07\/Nato-in-Poland-300x200.jpg.webp 300w, https:\/\/scenarieconomici.it\/wp-content\/uploads\/2025\/07\/Nato-in-Poland-1024x681.jpg.webp 1024w, https:\/\/scenarieconomici.it\/wp-content\/uploads\/2025\/07\/Nato-in-Poland-768x511.jpg.webp 768w\" \/><\/a><\/p>\n<p id=\"caption-attachment-235690\" class=\"wp-caption-text\">Sondati NATO in esercitazione in Polonia (Photo by Army Sgt. Brian Godette, 382nd Public Affairs Detachment)<\/p>\n<\/div>\n<h1 data-path-to-node=\"15\">L\u2019Ultimatum all\u2019Europa: spese al 5% o \u201cIrriconoscibili in 20 Anni\u201d<\/h1>\n<p data-path-to-node=\"16\">Se la prima parte \u00e8 un inno alla potenza americana, la sezione dedicata all\u2019Europa (\u201cPromoting European Greatness\u201d) \u00e8 in realt\u00e0 un\u2019autopsia impietosa di un continente in decadenza. Il tono non \u00e8 diplomatico, \u00e8 chirurgico: Washington vede l\u2019Europa come un malato che rischia di morire per overdose di regolamenti e carenza di istinto di sopravvivenza.<\/p>\n<h3 data-path-to-node=\"17\">La Diagnosi Shock: \u201cCancellazione di Civilt\u00e0\u201d<\/h3>\n<p>Il passaggio pi\u00f9 traumatico del documento non riguarda l\u2019economia, ma l\u2019esistenza stessa dei popoli europei. La Casa Bianca scrive nero su bianco che l\u2019Europa affronta la prospettiva reale di una \u201ccancellazione di civilt\u00e0\u201d (\u201ccivilizational erasure\u201d).\u00a0<strong>Gli USA prevedono l\u2019estinzione della civilt\u00e0 europea.<\/strong><\/p>\n<p>Le cause individuate sono un atto d\u2019accusa alle \u00e9lite di Bruxelles:<\/p>\n<ol>\n<li data-path-to-node=\"19,0,1\"><span data-path-to-node=\"19,0,1,0\"><b><span class=\"citation-195\">Regolamentazione soffocante:<\/span><\/b><span class=\"citation-195\">\u00a0L\u2019UE e le organizzazioni transnazionali hanno distrutto la creativit\u00e0 e l\u2019industria, facendo crollare la quota europea del PIL globale dal 25% al 14%<\/span><\/span><span data-path-to-node=\"19,0,1,2\">.<\/span><\/li>\n<li data-path-to-node=\"19,1,1\"><span data-path-to-node=\"19,1,1,0\"><b><span class=\"citation-194\">Crollo demografico e sostituzione:<\/span><\/b><span class=\"citation-194\">\u00a0Il testo prevede che, se i trend attuali continueranno,\u00a0<\/span><b><span class=\"citation-194\">\u201cil continente sar\u00e0 irriconoscibile tra 20 anni o meno\u201d<\/span><\/b><\/span><span data-path-to-node=\"19,1,1,2\">.<\/span><\/li>\n<li data-path-to-node=\"19,2,1\"><span data-path-to-node=\"19,2,1,0\"><b><span class=\"citation-193\">Perdita di identit\u00e0:<\/span><\/b><span class=\"citation-193\">\u00a0Si parla esplicitamente di censura, soppressione dell\u2019opposizione politica e perdita di fiducia nella propria storia e cultura<\/span><\/span><span data-path-to-node=\"19,2,1,2\">.<\/span><\/li>\n<\/ol>\n<p data-path-to-node=\"20\"><span data-path-to-node=\"20,0\">Washington ci sta dicendo che non investir\u00e0 risorse per difendere nazioni che non vogliono difendere se stesse, non solo militarmente, ma biologicamente e culturalmente.\u00a0<\/span><strong><span class=\"citation-192\">Gli USA supporteranno solo quelle forze politiche europee che vogliono \u201crestare europee\u201d e recuperare la propria fiducia<\/span>.<\/strong>\u00a0Politicamente questo significa un cambiamento nell\u2019appoggio politico radicale, che rischia di cambiare la prspettiva di tutta la UE.<\/p>\n<h3 data-path-to-node=\"21\">NATO: Il \u201cHague Commitment\u201d e la stangata del 5%<\/h3>\n<p>Qui arriva la mazzata contabile. Dimenticate il 2% del PIL, la soglia precedente di spesa militare della UE. Trump ha introdotto il \u201cHague Commitment\u201d, che impegna i paesi NATO a spendere il 5% del PIL per la difesa.<\/p>\n<p>Parliamo di cifre mostruose. Per l\u2019Italia significherebbe passare da circa 30 a quasi 100 miliardi di euro l\u2019anno. In un contesto di vincoli di bilancio europei, \u00e8 impossibile senza smantellare il welfare o emettere debito massiccio. Ma il messaggio \u00e8 chiaro: \u201cI giorni in cui gli Stati Uniti sostenevano l\u2019intero ordine mondiale come Atlante sono finiti\u201d. O l\u2019Europa paga, o \u00e8 sola.<\/p>\n<h3 data-path-to-node=\"23\">Ucraina e Russia: Basta \u201cGuerre Eterne\u201d<\/h3>\n<p>Sull\u2019Ucraina, il realismo \u00e8 totale. L\u2019interesse USA \u00e8 \u201cnegoziare una cessazione rapida delle ostilit\u00e0\u201d. Niente retorica sulla \u201cvittoria totale\u201d, ma la necessit\u00e0 di ristabilire la stabilit\u00e0 strategica con la Russia.<\/p>\n<p>Il documento sferra poi un attacco feroce alla Germania, citata come esempio negativo per la sua dipendenza energetica schizofrenica: prima il gas russo, ora i pannelli cinesi, al punto che le aziende chimiche tedesche stanno costruendo impianti in Cina perch\u00e9 non possono pi\u00f9 operare in patria. \u00c8 la certificazione americana del fallimento del modello ordoliberista tedesco.<\/p>\n<h3 data-path-to-node=\"25\">Conclusioni: il bivio italiano<\/h3>\n<p>Per l\u2019Italia, questo documento \u00e8 un avvertimento esiziale.<\/p>\n<p>Il nostro modello basato sull\u2019export rischia di schiantarsi contro il muro del protezionismo USA se non ci sar\u00e0 un riequilibrio. Inoltre, la richiesta del 5% per la difesa \u00e8 una bomba a orologeria sui conti pubblici.<\/p>\n<p>Tuttavia, c\u2019\u00e8 uno spiraglio: gli USA cercano partner \u201csovrani\u201d e bilaterali, scavalcando le istituzioni sovranazionali. Un\u2019Italia che sappia riscoprire il proprio interesse nazionale e la propria industria potrebbe trovare a Washington un interlocutore pragmatico, a patto di abbandonare le velleit\u00e0 \u201cgreen\u201d e le ambiguit\u00e0 sulla difesa.<\/p>\n<p>Trump, nello stesso tempo, dismette completamente la considerazione sulle strutture della UE, che anzi vengono viste come fra le responsabili della decandenza europea. Sar\u00e0 molto difficile equilibrarsi ora fra attegiamentyo filo NATO ed europeismo spinto, perch\u00e9 le due posizioni stanno diventando sempre pi\u00f9 antagoniste.<\/p>\n<div id=\"attachment_245613\" class=\"wp-caption aligncenter\">\n<p><a href=\"https:\/\/scenarieconomici.it\/wp-content\/uploads\/2025\/11\/trump-carte-3.jpg\"><img loading=\"lazy\" decoding=\"async\" class=\"size-full wp-image-245613 lazyautosizes lazyloaded\" src=\"https:\/\/scenarieconomici.it\/wp-content\/uploads\/2025\/11\/trump-carte-3.jpg.webp\" alt=\"\" width=\"1280\" height=\"866\" aria-describedby=\"caption-attachment-245613\" data-src=\"https:\/\/scenarieconomici.it\/wp-content\/uploads\/2025\/11\/trump-carte-3.jpg.webp\" data-srcset=\"https:\/\/scenarieconomici.it\/wp-content\/uploads\/2025\/11\/trump-carte-3.jpg.webp 1280w, https:\/\/scenarieconomici.it\/wp-content\/uploads\/2025\/11\/trump-carte-3-300x203.jpg.webp 300w, https:\/\/scenarieconomici.it\/wp-content\/uploads\/2025\/11\/trump-carte-3-1024x693.jpg.webp 1024w, https:\/\/scenarieconomici.it\/wp-content\/uploads\/2025\/11\/trump-carte-3-768x520.jpg.webp 768w\" data-sizes=\"auto\" data-eio-rwidth=\"1280\" data-eio-rheight=\"866\" data-src-webp=\"https:\/\/scenarieconomici.it\/wp-content\/uploads\/2025\/11\/trump-carte-3.jpg.webp\" data-srcset-webp=\"https:\/\/scenarieconomici.it\/wp-content\/uploads\/2025\/11\/trump-carte-3.jpg.webp 1280w, https:\/\/scenarieconomici.it\/wp-content\/uploads\/2025\/11\/trump-carte-3-300x203.jpg.webp 300w, https:\/\/scenarieconomici.it\/wp-content\/uploads\/2025\/11\/trump-carte-3-1024x693.jpg.webp 1024w, https:\/\/scenarieconomici.it\/wp-content\/uploads\/2025\/11\/trump-carte-3-768x520.jpg.webp 768w\" \/><\/a><\/p>\n<p id=\"caption-attachment-245613\" class=\"wp-caption-text\">Trump sconvolge le carte in tavola<\/p>\n<\/div>\n<h3 data-path-to-node=\"28\">Domande e Risposte<\/h3>\n<p><strong>L\u2019obiettivo del 5% di spesa militare per la NATO \u00e8 realistico per l\u2019Europa?<\/strong><\/p>\n<p>No, non nel breve termine e non con gli attuali vincoli di bilancio UE. Attualmente, la media europea \u00e8 a malapena al 2%. Arrivare al 5% 31 richiederebbe una vera \u201ceconomia di guerra\u201d o il taglio brutale di sanit\u00e0 e pensioni, politicamente suicida. Tuttavia, Trump usa questa cifra iperbolica come leva negoziale: o gli europei si svegliano e iniziano a pagare seriamente per la propria sicurezza, o l\u2019ombrello americano si chiuder\u00e0, lasciando il continente esposto alle intemperie della storia.<\/p>\n<p><strong>Cosa intende il documento con \u201ccancellazione di civilt\u00e0\u201d dell\u2019Europa?<\/strong><\/p>\n<p>Il documento usa toni apocalittici per descrivere il mix letale di denatalit\u00e0, immigrazione di massa e odio di s\u00e9 culturale (\u201coikofobia\u201d). La previsione \u00e8 che, senza un\u2019inversione a U su confini e famiglia, la demografia di alcuni paesi NATO cambier\u00e0 radicalmente, rendendoli \u201cirriconoscibili\u201d entro 20 anni32. Washington teme che futuri governi europei, espressione di popolazioni non pi\u00f9 culturalmente occidentali33, possano non essere pi\u00f9 alleati affidabili degli USA.<\/p>\n<p><strong>Come cambieranno i rapporti commerciali tra USA e Italia?<\/strong><\/p>\n<p>Si prevedono turbolenze. La strategia \u201cAmerica First\u201d considera i deficit commerciali come un danno alla sicurezza nazionale e promette di combattere il dumping e le barriere all\u2019export USA34. L\u2019Italia, manifatturiera ed esportatrice, \u00e8 nel mirino. Tuttavia, il documento apre a trattati commerciali \u201cequi e reciproci\u201d 35 con nazioni amiche. Roma dovr\u00e0 scegliere: o seguire Bruxelles nel suicidio normativo, o negoziare bilateralmente con Washington offrendo sponde politiche in cambio di accessi al mercato.<\/p>\n<\/div>\n<\/div>\n<\/div>\n<\/div>\n<\/div>\n<\/div>\n<\/div>\n<\/div>\n<\/div>\n<p>&nbsp;<\/p>\n<p><strong>FONTE:<\/strong>\u00a0<a href=\"https:\/\/scenarieconomici.it\/la-dottrina-trump-2025-lamerica-torna-fabbrica-leuropa-si-prepara-allestinzione-amici-e-nemici\/\">https:\/\/scenarieconomici.it\/la-dottrina-trump-2025-lamerica-torna-fabbrica-leuropa-si-prepara-allestinzione-amici-e-nemici\/<\/a><\/p>\n","protected":false},"excerpt":{"rendered":"<p>di SCENARIECONOMICI (Fabio Lugano) &nbsp; Richiesta del 5% di PIL per la NATO e previsione di un\u2019Europa \u201cirriconoscibile\u201d ed estinta in 20 anni. Il piano che cambia tutto.&nbsp; &nbsp; Se a Bruxelles qualcuno sperava che il ritorno di Donald Trump fosse gestibile con qualche sorriso di circostanza e qualche acquisto in pi\u00f9 di gas liquefatto, la pubblicazione della\u00a0National Security Strategy 2025\u00a0\u00e8 la doccia gelata che spegne ogni illusione. Per approfondire: Articolo:\u00a0Auto, crollano i prezzi? Il&#46;&#46;&#46;<\/p>\n","protected":false},"author":99,"featured_media":26680,"comment_status":"open","ping_status":"open","sticky":false,"template":"","format":"standard","meta":{"jetpack_post_was_ever_published":false,"_jetpack_newsletter_access":"","_jetpack_dont_email_post_to_subs":false,"_jetpack_newsletter_tier_id":0,"_jetpack_memberships_contains_paywalled_content":false,"_jetpack_memberships_contains_paid_content":false,"footnotes":"","jetpack_publicize_message":"","jetpack_publicize_feature_enabled":true,"jetpack_social_post_already_shared":true,"jetpack_social_options":{"image_generator_settings":{"template":"highway","enabled":false},"version":2}},"categories":[32],"tags":[],"jetpack_publicize_connections":[],"jetpack_featured_media_url":"https:\/\/appelloalpopolo.it\/wp-content\/uploads\/2016\/12\/Scenarieconomici.png","jetpack_sharing_enabled":true,"jetpack_shortlink":"https:\/\/wp.me\/p7ZaJ4-ocZ","_links":{"self":[{"href":"https:\/\/appelloalpopolo.it\/index.php?rest_route=\/wp\/v2\/posts\/93061"}],"collection":[{"href":"https:\/\/appelloalpopolo.it\/index.php?rest_route=\/wp\/v2\/posts"}],"about":[{"href":"https:\/\/appelloalpopolo.it\/index.php?rest_route=\/wp\/v2\/types\/post"}],"author":[{"embeddable":true,"href":"https:\/\/appelloalpopolo.it\/index.php?rest_route=\/wp\/v2\/users\/99"}],"replies":[{"embeddable":true,"href":"https:\/\/appelloalpopolo.it\/index.php?rest_route=%2Fwp%2Fv2%2Fcomments&post=93061"}],"version-history":[{"count":2,"href":"https:\/\/appelloalpopolo.it\/index.php?rest_route=\/wp\/v2\/posts\/93061\/revisions"}],"predecessor-version":[{"id":93063,"href":"https:\/\/appelloalpopolo.it\/index.php?rest_route=\/wp\/v2\/posts\/93061\/revisions\/93063"}],"wp:featuredmedia":[{"embeddable":true,"href":"https:\/\/appelloalpopolo.it\/index.php?rest_route=\/wp\/v2\/media\/26680"}],"wp:attachment":[{"href":"https:\/\/appelloalpopolo.it\/index.php?rest_route=%2Fwp%2Fv2%2Fmedia&parent=93061"}],"wp:term":[{"taxonomy":"category","embeddable":true,"href":"https:\/\/appelloalpopolo.it\/index.php?rest_route=%2Fwp%2Fv2%2Fcategories&post=93061"},{"taxonomy":"post_tag","embeddable":true,"href":"https:\/\/appelloalpopolo.it\/index.php?rest_route=%2Fwp%2Fv2%2Ftags&post=93061"}],"curies":[{"name":"wp","href":"https:\/\/api.w.org\/{rel}","templated":true}]}}