{"id":93066,"date":"2025-12-09T09:30:19","date_gmt":"2025-12-09T08:30:19","guid":{"rendered":"https:\/\/appelloalpopolo.it\/?p=93066"},"modified":"2025-12-07T16:33:30","modified_gmt":"2025-12-07T15:33:30","slug":"medvedev-commenta-le-parole-di-musk-sullabolizione-dellue","status":"publish","type":"post","link":"https:\/\/appelloalpopolo.it\/?p=93066","title":{"rendered":"Medvedev commenta le parole di Musk sull&#8217;abolizione dell&#8217;UE"},"content":{"rendered":"<p><strong>di L&#8217;ANTIDIPLOMATICO (redazione)<\/strong><\/p>\n<div class=\"entry-content\">\n<p>&nbsp;<\/p>\n<p class=\"ds-markdown-paragraph\">Il vicepresidente del Consiglio di Sicurezza russo, Dmitrij Medvedev, ha espresso sabato il suo sostegno alle dichiarazioni del magnate tecnologico Elon Musk, che aveva proposto l&#8217;abolizione dell&#8217;Unione Europea.<\/p>\n<p class=\"ds-markdown-paragraph\">\u201cEsattamente\u201d, ha risposto Medvedev su X al post di Musk, in cui l&#8217;imprenditore esortava a \u201cabolire l&#8217;UE\u201d e a \u201crestituire la sovranit\u00e0 ai singoli paesi del blocco, affinch\u00e9 i governi possano rappresentare meglio i loro popoli\u201d.<\/p>\n<blockquote class=\"twitter-tweet\">\n<p dir=\"ltr\" lang=\"en\">Exactly<\/p>\n<p>\u2014 Dmitry Medvedev (@MedvedevRussiaE) <a href=\"https:\/\/twitter.com\/MedvedevRussiaE\/status\/1997305876043165903?ref_src=twsrc%5Etfw\">December 6, 2025<\/a><\/p><\/blockquote>\n<p class=\"ds-markdown-paragraph\">\n<p class=\"ds-markdown-paragraph\">Musk aveva anche condiviso un video di un evento pubblico in Finlandia dello scorso agosto, che mostrava la presidente della Commissione Europea, Ursula von der Leyen, elogiare la \u201cdemocrazia\u201d nel blocco mentre un manifestante che esprimeva solidariet\u00e0 alla Palestina veniva allontanato dalla polizia. \u201cColoro che qui gridano e urlano cos\u00ec forte possono essere felici di trovarsi in un paese libero come la Finlandia, dove la libert\u00e0 di espressione \u00e8 un diritto e non ci sono restrizioni\u201d, aveva dichiarato Von der Leyen. Musk aveva commentato il video con un&#8217;emoji che mostrava scetticismo.<\/p>\n<p class=\"ds-markdown-paragraph\">L&#8217;intervento di Medvedev si inserisce in un contesto di relazioni tese tra Mosca e Bruxelles, segnate dalle sanzioni reciproche e dal conflitto in Ucraina. L&#8217;alto funzionario russo aveva gi\u00e0 definito in precedenza la leadership europea \u201cpazza\u201d riguardo alla gestione dei beni russi congelati, minacciando di considerare eventuali confische un\u00a0<em>casus belli<\/em>.<\/p>\n<\/div>\n<p>&nbsp;<\/p>\n<p><strong>FONTE:<\/strong>\u00a0<a href=\"https:\/\/www.lantidiplomatico.it\/dettnews-medvedev_commenta_le_parole_di_musk_sullabolizione_dellue\/45289_64070\/\">https:\/\/www.lantidiplomatico.it\/dettnews-medvedev_commenta_le_parole_di_musk_sullabolizione_dellue\/45289_64070\/<\/a><\/p>\n","protected":false},"excerpt":{"rendered":"<p>di L&#8217;ANTIDIPLOMATICO (redazione) &nbsp; Il vicepresidente del Consiglio di Sicurezza russo, Dmitrij Medvedev, ha espresso sabato il suo sostegno alle dichiarazioni del magnate tecnologico Elon Musk, che aveva proposto l&#8217;abolizione dell&#8217;Unione Europea. \u201cEsattamente\u201d, ha risposto Medvedev su X al post di Musk, in cui l&#8217;imprenditore esortava a \u201cabolire l&#8217;UE\u201d e a \u201crestituire la sovranit\u00e0 ai singoli paesi del blocco, affinch\u00e9 i governi possano rappresentare meglio i loro popoli\u201d. Exactly \u2014 Dmitry Medvedev (@MedvedevRussiaE) December 6,&#46;&#46;&#46;<\/p>\n","protected":false},"author":99,"featured_media":91597,"comment_status":"open","ping_status":"open","sticky":false,"template":"","format":"standard","meta":{"jetpack_post_was_ever_published":false,"_jetpack_newsletter_access":"","_jetpack_dont_email_post_to_subs":false,"_jetpack_newsletter_tier_id":0,"_jetpack_memberships_contains_paywalled_content":false,"_jetpack_memberships_contains_paid_content":false,"footnotes":"","jetpack_publicize_message":"","jetpack_publicize_feature_enabled":true,"jetpack_social_post_already_shared":true,"jetpack_social_options":{"image_generator_settings":{"template":"highway","enabled":false},"version":2}},"categories":[32],"tags":[],"jetpack_publicize_connections":[],"jetpack_featured_media_url":"https:\/\/appelloalpopolo.it\/wp-content\/uploads\/2025\/09\/Lantidiplomatico.jpg","jetpack_sharing_enabled":true,"jetpack_shortlink":"https:\/\/wp.me\/p7ZaJ4-od4","_links":{"self":[{"href":"https:\/\/appelloalpopolo.it\/index.php?rest_route=\/wp\/v2\/posts\/93066"}],"collection":[{"href":"https:\/\/appelloalpopolo.it\/index.php?rest_route=\/wp\/v2\/posts"}],"about":[{"href":"https:\/\/appelloalpopolo.it\/index.php?rest_route=\/wp\/v2\/types\/post"}],"author":[{"embeddable":true,"href":"https:\/\/appelloalpopolo.it\/index.php?rest_route=\/wp\/v2\/users\/99"}],"replies":[{"embeddable":true,"href":"https:\/\/appelloalpopolo.it\/index.php?rest_route=%2Fwp%2Fv2%2Fcomments&post=93066"}],"version-history":[{"count":3,"href":"https:\/\/appelloalpopolo.it\/index.php?rest_route=\/wp\/v2\/posts\/93066\/revisions"}],"predecessor-version":[{"id":93069,"href":"https:\/\/appelloalpopolo.it\/index.php?rest_route=\/wp\/v2\/posts\/93066\/revisions\/93069"}],"wp:featuredmedia":[{"embeddable":true,"href":"https:\/\/appelloalpopolo.it\/index.php?rest_route=\/wp\/v2\/media\/91597"}],"wp:attachment":[{"href":"https:\/\/appelloalpopolo.it\/index.php?rest_route=%2Fwp%2Fv2%2Fmedia&parent=93066"}],"wp:term":[{"taxonomy":"category","embeddable":true,"href":"https:\/\/appelloalpopolo.it\/index.php?rest_route=%2Fwp%2Fv2%2Fcategories&post=93066"},{"taxonomy":"post_tag","embeddable":true,"href":"https:\/\/appelloalpopolo.it\/index.php?rest_route=%2Fwp%2Fv2%2Ftags&post=93066"}],"curies":[{"name":"wp","href":"https:\/\/api.w.org\/{rel}","templated":true}]}}