{"id":93112,"date":"2025-12-09T09:42:21","date_gmt":"2025-12-09T08:42:21","guid":{"rendered":"https:\/\/appelloalpopolo.it\/?p=93112"},"modified":"2025-12-09T08:44:39","modified_gmt":"2025-12-09T07:44:39","slug":"chi-decide-sulloro-italiano-dietro-lo-scontro-tra-governo-meloni-e-bce","status":"publish","type":"post","link":"https:\/\/appelloalpopolo.it\/?p=93112","title":{"rendered":"Chi decide sull\u2019oro italiano? Dietro lo scontro tra governo Meloni e BCE"},"content":{"rendered":"<p style=\"text-align: justify\"><strong>di L&#8217;INDIPENDENTE (Enrica Perucchietti)<\/strong><\/p>\n<p style=\"text-align: justify\">La Banca Centrale Europea chiude la porta a un emendamento presentato da Fratelli d\u2019Italia alla legge di bilancio, primo firmatario il senatore Lucio Malan, e richiama Roma al rispetto delle regole dell\u2019Eurozona. Con un parere formale, la BCE mette in guardia l\u2019Italia contro qualsiasi tentativo volto a contestare l\u2019indipendenza della banca centrale ed evidenzia conflitti con il Trattato UE e l\u2019autonomia della Banca d\u2019Italia. Il Ministero dell\u2019Economia e delle Finanze (MEF) sta ora lavorando a una riformulazione del testo per recepire le obiezioni della BCE, anche se diversi esperti suggeriscono di ritirarlo del tutto per evitare nuovi attriti istituzionali. Al centro dello scontro c\u2019\u00e8 un tema che ciclicamente riemerge nel dibattito politico: la\u00a0<strong>propriet\u00e0 e il controllo delle riserve auree<\/strong>\u00a0della Banca d\u2019Italia. Una questione che va ben oltre il valore simbolico dell\u2019oro e tocca un nervo scoperto del rapporto tra sovranit\u00e0 nazionale e architettura europea. L\u2019iniziativa di FdI ha riacceso tensioni mai del tutto sopite tra politica e istituzioni monetarie, riportando alla luce una storica battaglia sovranista e sollevando il timore, per la BCE, di un precedente pericoloso. In gioco non c\u2019\u00e8 solo la gestione di uno dei maggiori patrimoni aurei mondiali, quello italiano, ma anche l\u2019assetto istituzionale che regola i rapporti tra Stati membri, banche centrali nazionali e Unione Europea.<\/p>\n<h2 class=\"wp-block-heading\" style=\"text-align: justify\">L\u2019emendamento di Fratelli d\u2019Italia<\/h2>\n<figure class=\"wp-block-image size-full\" style=\"text-align: justify\"><img loading=\"lazy\" decoding=\"async\" class=\"wp-image-169102 entered td-animation-stack-type0-2 litespeed-loaded\" src=\"https:\/\/cdn.lindipendente.online\/wp-content\/uploads\/2025\/12\/Lucio-Malan-1.png\" alt=\"\" width=\"1000\" height=\"667\" data-lazyloaded=\"1\" data-src=\"https:\/\/cdn.lindipendente.online\/wp-content\/uploads\/2025\/12\/Lucio-Malan-1.png\" data-srcset=\"https:\/\/cdn.lindipendente.online\/wp-content\/uploads\/2025\/12\/Lucio-Malan-1.png 1000w, https:\/\/cdn.lindipendente.online\/wp-content\/uploads\/2025\/12\/Lucio-Malan-1-300x200.png 300w, https:\/\/cdn.lindipendente.online\/wp-content\/uploads\/2025\/12\/Lucio-Malan-1-768x512.png 768w, https:\/\/cdn.lindipendente.online\/wp-content\/uploads\/2025\/12\/Lucio-Malan-1-630x420.png 630w, https:\/\/cdn.lindipendente.online\/wp-content\/uploads\/2025\/12\/Lucio-Malan-1-150x100.png 150w, https:\/\/cdn.lindipendente.online\/wp-content\/uploads\/2025\/12\/Lucio-Malan-1-600x400.png 600w, https:\/\/cdn.lindipendente.online\/wp-content\/uploads\/2025\/12\/Lucio-Malan-1-696x464.png 696w\" data-sizes=\"(max-width: 1000px) 100vw, 1000px\" data-ll-status=\"loaded\" \/><figcaption class=\"wp-element-caption\">Il capogruppo di Fratelli d\u2019Italia Lucio Malan<\/figcaption><\/figure>\n<p style=\"text-align: justify\">La\u00a0<a href=\"https:\/\/www.senato.it\/leggi-e-documenti\/disegni-di-legge\/scheda-ddl?did=59654&amp;tab=testiEmendamenti\" target=\"_blank\" rel=\"noreferrer noopener\">versione<\/a>\u00a0originaria della proposta, firmata dal senatore e capogruppo di FdI\u00a0<strong>Lucio Malan<\/strong>, enunciava una cosa apparentemente semplice: \u00abLe riserve auree gestite e detenute dalla Banca d\u2019Italia appartengono allo Stato,\u00a0<strong>in nome del popolo italiano<\/strong>\u00bb. Nei giorni scorsi, l\u2019<a href=\"https:\/\/www.borsaitaliana.it\/borsa\/notizie\/radiocor\/economia\/dettaglio\/ddl-bilancio-malan-emendamento-su-riserve-bankitalia-in-istruttoria-ad-esame-bce-nRC_02122025_1610_511133360.html\" target=\"_blank\" rel=\"noreferrer noopener\">emendamento<\/a>\u00a0\u00e8 stato riformulato in chiave interpretativa. Secondo il nuovo testo, la disposizione sulla gestione delle riserve ufficiali contenuta nel Testo Unico delle norme in materia valutaria \u00absi interpreta nel senso che le riserve auree gestite e detenute dalla Banca d\u2019Italia\u00a0<strong>appartengono al popolo italiano<\/strong>\u00bb. Il senatore Malan ha precisato che la versione aggiornata dell\u2019emendamento \u00e8 attualmente oggetto di istruttoria da parte della Banca centrale europea.<\/p>\n<h2 class=\"wp-block-heading\" style=\"text-align: justify\">La cessione di sovranit\u00e0 monetaria all\u2019UE<\/h2>\n<p style=\"text-align: justify\">L\u2019oro \u00e8 gi\u00e0 patrimonio dello Stato italiano, ma quando l\u2019Italia \u00e8 entrata nell\u2019euro\u00a0<strong>ha ceduto la sua sovranit\u00e0 monetaria all\u2019Unione Europea<\/strong>. In pratica, lo Stato non pu\u00f2 esercitare alcuna prerogativa diretta, perch\u00e9 ha accettato che la Banca d\u2019Italia facesse parte di un sistema pi\u00f9 grande: quello delle banche centrali europee, coordinate dalla BCE. Ed \u00e8 proprio questo il nodo dello scontro. L\u2019emendamento avanzato da FdI \u00e8, pertanto, in contrasto con i\u00a0<strong>trattati europei<\/strong>\u00a0e con lo statuto del Sistema Europeo delle Banche Centrali, il cosiddetto SEBC. L\u2019articolo 127 del Trattato sul funzionamento dell\u2019Unione Europea obbliga gli stati membri a consultare la BCE in caso di interventi in materie che la riguardano, tra cui appunto l\u2019oro.<\/p>\n<h2 class=\"wp-block-heading\" style=\"text-align: justify\">La battaglia sovranista sulle riserve auree<\/h2>\n<figure class=\"wp-block-image size-large\" style=\"text-align: justify\"><img loading=\"lazy\" decoding=\"async\" class=\"wp-image-144086 entered litespeed-loaded td-animation-stack-type0-2\" src=\"https:\/\/cdn.lindipendente.online\/wp-content\/uploads\/2025\/05\/Meloni-question-time-1024x767.jpeg\" alt=\"\" width=\"1024\" height=\"767\" data-lazyloaded=\"1\" data-src=\"https:\/\/cdn.lindipendente.online\/wp-content\/uploads\/2025\/05\/Meloni-question-time-1024x767.jpeg\" data-srcset=\"https:\/\/cdn.lindipendente.online\/wp-content\/uploads\/2025\/05\/Meloni-question-time-1024x767.jpeg 1024w, https:\/\/cdn.lindipendente.online\/wp-content\/uploads\/2025\/05\/Meloni-question-time-300x225.jpeg 300w, https:\/\/cdn.lindipendente.online\/wp-content\/uploads\/2025\/05\/Meloni-question-time-768x575.jpeg 768w, https:\/\/cdn.lindipendente.online\/wp-content\/uploads\/2025\/05\/Meloni-question-time-1536x1151.jpeg 1536w, https:\/\/cdn.lindipendente.online\/wp-content\/uploads\/2025\/05\/Meloni-question-time-2048x1534.jpeg 2048w, https:\/\/cdn.lindipendente.online\/wp-content\/uploads\/2025\/05\/Meloni-question-time-561x420.jpeg 561w, https:\/\/cdn.lindipendente.online\/wp-content\/uploads\/2025\/05\/Meloni-question-time-80x60.jpeg 80w, https:\/\/cdn.lindipendente.online\/wp-content\/uploads\/2025\/05\/Meloni-question-time-150x112.jpeg 150w, https:\/\/cdn.lindipendente.online\/wp-content\/uploads\/2025\/05\/Meloni-question-time-600x450.jpeg 600w, https:\/\/cdn.lindipendente.online\/wp-content\/uploads\/2025\/05\/Meloni-question-time-696x521.jpeg 696w, https:\/\/cdn.lindipendente.online\/wp-content\/uploads\/2025\/05\/Meloni-question-time-1392x1043.jpeg 1392w, https:\/\/cdn.lindipendente.online\/wp-content\/uploads\/2025\/05\/Meloni-question-time-1068x800.jpeg 1068w, https:\/\/cdn.lindipendente.online\/wp-content\/uploads\/2025\/05\/Meloni-question-time-1920x1438.jpeg 1920w, https:\/\/cdn.lindipendente.online\/wp-content\/uploads\/2025\/05\/Meloni-question-time-265x198.jpeg 265w\" data-sizes=\"(max-width: 1024px) 100vw, 1024px\" data-ll-status=\"loaded\" \/><\/figure>\n<p style=\"text-align: justify\">L\u2019emendamento di Fratelli d\u2019Italia non \u00e8 una novit\u00e0. \u00c8 una\u00a0<strong>battaglia storica della destra<\/strong>, che risale ai tempi in cui lo stesso partito di Giorgia Meloni aveva\u00a0<strong>posizioni apertamente antieuro<\/strong>\u00a0e chiedeva l\u2019uscita dell\u2019Italia dall\u2019Unione Europea. In tutta Europa, i partiti euroscettici contestano i vincoli che legano le banche centrali nazionali alla BCE. Non sorprende, quindi, che l\u2019idea di\u00a0<strong>riportare l\u2019oro sotto il controllo diretto dei governi<\/strong>\u00a0sia stata a lungo un tema centrale per le forze favorevoli, in passato, all\u2019uscita dall\u2019euro e dall\u2019Unione Europea, come Lega e Fratelli d\u2019Italia. Tra i promotori pi\u00f9 attivi figuravano i leghisti\u00a0<a href=\"https:\/\/documenti.camera.it\/leg18\/pdl\/pdf\/leg.18.pdl.camera.1064.18PDL0026390.pdf\" target=\"_blank\" rel=\"noreferrer noopener\">Claudio Borghi<\/a>\u00a0e\u00a0<a href=\"https:\/\/www.senato.it\/leg\/18\/BGT\/Schede\/Attsen\/00032582_doc.htm\">Alberto Bagnai<\/a>\u00a0e la stessa Giorgia Meloni, che negli anni dell\u2019opposizione ha pi\u00f9 volte invocato un utilizzo diretto delle riserve auree per\u00a0<strong>sostenere misure di spesa pubblica<\/strong>.<\/p>\n<h2 class=\"wp-block-heading\" style=\"text-align: justify\">Come disporre delle riserve auree?<\/h2>\n<p style=\"text-align: justify\">L\u2019oro non pu\u00f2 essere utilizzato per finanziare deficit o nuove spese pubbliche. Le norme europee lo vietano esplicitamente. L\u2019unico modo per \u201csfruttarlo\u201d sarebbe venderlo o darlo in garanzia. Se il governo potesse effettivamente disporre delle riserve auree, potrebbe teoricamente usarle come un tesoretto politico per ridurre le tasse, finanziare opere pubbliche o sostenere misure contro la povert\u00e0. L\u2019emendamento presentato da Malan non arriva a ipotizzare un impiego diretto dell\u2019oro, ma il modo in cui \u00e8 formulato lascia intendere una posizione implicita della maggioranza: l\u2019idea che il patrimonio aureo possa essere messo\u00a0<strong>al servizio della politica fiscale<\/strong>. Dall\u2019altra, si aprirebbe uno scontro istituzionale perch\u00e9 significherebbe\u00a0<strong>rinnegare l\u2019indipendenza delle banche centrali<\/strong>. Per la BCE, anche piccole modifiche possono trasformarsi in crepe pericolose e l\u2019indipendenza di Bankitalia rimane una linea rossa.<\/p>\n<h2 class=\"wp-block-heading\" style=\"text-align: justify\">Una riserva tra le pi\u00f9 grandi al mondo<\/h2>\n<figure class=\"wp-block-image size-full\" style=\"text-align: justify\"><img loading=\"lazy\" decoding=\"async\" class=\"wp-image-169090 entered litespeed-loaded td-animation-stack-type0-2\" src=\"https:\/\/cdn.lindipendente.online\/wp-content\/uploads\/2025\/12\/shutterstock_1930187009.jpg\" alt=\"\" width=\"1000\" height=\"667\" data-lazyloaded=\"1\" data-src=\"https:\/\/cdn.lindipendente.online\/wp-content\/uploads\/2025\/12\/shutterstock_1930187009.jpg\" data-srcset=\"https:\/\/cdn.lindipendente.online\/wp-content\/uploads\/2025\/12\/shutterstock_1930187009.jpg 1000w, https:\/\/cdn.lindipendente.online\/wp-content\/uploads\/2025\/12\/shutterstock_1930187009-300x200.jpg 300w, https:\/\/cdn.lindipendente.online\/wp-content\/uploads\/2025\/12\/shutterstock_1930187009-768x512.jpg 768w, https:\/\/cdn.lindipendente.online\/wp-content\/uploads\/2025\/12\/shutterstock_1930187009-630x420.jpg 630w, https:\/\/cdn.lindipendente.online\/wp-content\/uploads\/2025\/12\/shutterstock_1930187009-150x100.jpg 150w, https:\/\/cdn.lindipendente.online\/wp-content\/uploads\/2025\/12\/shutterstock_1930187009-600x400.jpg 600w, https:\/\/cdn.lindipendente.online\/wp-content\/uploads\/2025\/12\/shutterstock_1930187009-696x464.jpg 696w\" data-sizes=\"(max-width: 1000px) 100vw, 1000px\" data-ll-status=\"loaded\" \/><\/figure>\n<p style=\"text-align: justify\">L\u2019<a href=\"https:\/\/www.bancaditalia.it\/compiti\/riserve-portafoglio-rischi\/riserve-oro\/index.html\" target=\"_blank\" rel=\"noreferrer noopener\">Italia<\/a>\u00a0custodisce\u00a0<strong>2.452 tonnellate di oro fisico<\/strong>, la terza riserva aurea al mondo, superata solo da Stati Uniti (8.133 tonnellate) e Germania (3.352 tonnellate). Una dimensione che colloca Bankitalia tra gli attori strategici globali. Il valore dell\u2019oro \u00e8 iscritto a bilancio a circa\u00a0<strong>200 miliardi di euro<\/strong>, secondo criteri prudenziali, ma il valore di mercato \u2013 con l\u2019oro che negli ultimi mesi ha ritoccato nuovi massimi \u2013 ha superato i\u00a0<strong>280 miliardi<\/strong>. Venderne una parte oggi comporterebbe un incasso potenzialmente elevato, ma allo stesso tempo indebolirebbe la riserva strategica del Paese. Inoltre, grandi vendite produrrebbero automaticamente un ribasso dei prezzi, riducendo il guadagno atteso.<\/p>\n<h2 class=\"wp-block-heading\" style=\"text-align: justify\">La distribuzione della riserva aurea italiana<\/h2>\n<p style=\"text-align: justify\">Se la\u00a0<a href=\"https:\/\/www.bancaditalia.it\/compiti\/riserve-portafoglio-rischi\/riserve-oro\/index.html\" target=\"_blank\" rel=\"noreferrer noopener\">riserva aurea italiana<\/a>\u00a0nasce in gran parte nel secondo dopoguerra, solo una parte \u00e8 custodita in Italia (il 44,86%, 1.100 tonnellate), tra Palazzo Koch e le sedi dell\u2019Eurosistema. Una quota significativa, stimata attorno al 43,29% (circa 1.061,5 tonnellate), \u00e8 depositata presso la\u00a0<strong>Federal Reserve Bank<\/strong>\u00a0di New York, uno dei caveau pi\u00f9 sicuri e storicamente pi\u00f9 utilizzati al mondo. Il trasferimento di una parte delle riserve auree negli USA risale agli accordi di\u00a0<strong>Bretton Woods<\/strong>\u00a0del 1944: allora, molti Paesi depositarono parte del loro oro negli Stati Uniti \u2013considerati il centro della finanza globale e il Paese pi\u00f9 sicuro per stoccare metallo fisico \u2013 e l\u2019Italia, uscita dal conflitto in condizioni fragili, adott\u00f2 la stessa strategia. Il resto si trova presso la\u00a0<strong>Banca d\u2019Inghilterra\u00a0<\/strong>(5,76% per 141,2 tonnellate) e la<strong>\u00a0Banca dei Regolamenti Internazionali (BRI)\u00a0<\/strong>a Basilea (6,09% 149,3 tonnellate). Questa distribuzione non risponde a logiche politiche, ma operative: l\u2019oro all\u2019estero \u00e8 pi\u00f9 facilmente mobilizzabile per eventuali operazioni di mercato, swap o garanzie internazionali.<\/p>\n<h2 class=\"wp-block-heading\" style=\"text-align: justify\">Il parere della BCE: un altol\u00e0 formale<\/h2>\n<figure class=\"wp-block-image size-full\" style=\"text-align: justify\"><img loading=\"lazy\" decoding=\"async\" class=\"wp-image-169092 entered litespeed-loaded td-animation-stack-type0-2\" src=\"https:\/\/cdn.lindipendente.online\/wp-content\/uploads\/2025\/12\/shutterstock_2208861175.jpg\" alt=\"\" width=\"1000\" height=\"667\" data-lazyloaded=\"1\" data-src=\"https:\/\/cdn.lindipendente.online\/wp-content\/uploads\/2025\/12\/shutterstock_2208861175.jpg\" data-srcset=\"https:\/\/cdn.lindipendente.online\/wp-content\/uploads\/2025\/12\/shutterstock_2208861175.jpg 1000w, https:\/\/cdn.lindipendente.online\/wp-content\/uploads\/2025\/12\/shutterstock_2208861175-300x200.jpg 300w, https:\/\/cdn.lindipendente.online\/wp-content\/uploads\/2025\/12\/shutterstock_2208861175-768x512.jpg 768w, https:\/\/cdn.lindipendente.online\/wp-content\/uploads\/2025\/12\/shutterstock_2208861175-630x420.jpg 630w, https:\/\/cdn.lindipendente.online\/wp-content\/uploads\/2025\/12\/shutterstock_2208861175-150x100.jpg 150w, https:\/\/cdn.lindipendente.online\/wp-content\/uploads\/2025\/12\/shutterstock_2208861175-600x400.jpg 600w, https:\/\/cdn.lindipendente.online\/wp-content\/uploads\/2025\/12\/shutterstock_2208861175-696x464.jpg 696w\" data-sizes=\"(max-width: 1000px) 100vw, 1000px\" data-ll-status=\"loaded\" \/><figcaption class=\"wp-element-caption\">La presidente della Banca centrale europea (BCE), Christine Lagarde<\/figcaption><\/figure>\n<p style=\"text-align: justify\">La BCE, attraverso un\u00a0<a href=\"https:\/\/www.ansa.it\/english\/news\/business\/2025\/12\/03\/bank-of-italy-duty-to-manage-its-gold-reserves-lagarde_77709f70-6860-4951-8ddd-29b98340f45b.html\" target=\"_blank\" rel=\"noreferrer noopener\">parere<\/a>\u00a0firmato da\u00a0<strong>Christine Lagarde<\/strong>, ha bocciato l\u2019emendamento avanzato da FdI, ricordando che l\u2019oro detenuto da Bankitalia fa parte delle riserve ufficiali dell\u2019Eurosistema. Ci\u00f2 implica che nessuno Stato membro pu\u00f2 disporne unilateralmente. Interpellata dall\u2019eurodeputato Tridico, Lagarde ha chiarito che, secondo i trattati europei, la detenzione e la gestione delle riserve spettano esclusivamente alla banca centrale nazionale di ciascuno Stato membro. \u00abLa Banca d\u2019Italia non \u00e8 diversa da qualsiasi altra banca centrale\u00bb, ha rimarcato la presidente della BCE, ribadendo come la gestione operativa, contabile e distributiva dell\u2019oro resti di sua piena competenza, senza alcuna variazione rispetto al parere gi\u00e0 espresso nel 2019.<\/p>\n<h2 class=\"wp-block-heading\" style=\"text-align: justify\">Il rischio di un precedente per l\u2019Eurozona<\/h2>\n<figure class=\"wp-block-image size-full\" style=\"text-align: justify\"><img loading=\"lazy\" decoding=\"async\" class=\"wp-image-68713 entered td-animation-stack-type0-2 litespeed-loaded\" src=\"https:\/\/cdn.lindipendente.online\/wp-content\/uploads\/2023\/01\/BCE.jpg\" alt=\"\" width=\"1000\" height=\"667\" data-lazyloaded=\"1\" data-src=\"https:\/\/cdn.lindipendente.online\/wp-content\/uploads\/2023\/01\/BCE.jpg\" data-srcset=\"https:\/\/cdn.lindipendente.online\/wp-content\/uploads\/2023\/01\/BCE.jpg 1000w, https:\/\/cdn.lindipendente.online\/wp-content\/uploads\/2023\/01\/BCE-300x200.jpg 300w, https:\/\/cdn.lindipendente.online\/wp-content\/uploads\/2023\/01\/BCE-768x512.jpg 768w, https:\/\/cdn.lindipendente.online\/wp-content\/uploads\/2023\/01\/BCE-150x100.jpg 150w, https:\/\/cdn.lindipendente.online\/wp-content\/uploads\/2023\/01\/BCE-600x400.jpg 600w, https:\/\/cdn.lindipendente.online\/wp-content\/uploads\/2023\/01\/BCE-696x464.jpg 696w, https:\/\/cdn.lindipendente.online\/wp-content\/uploads\/2023\/01\/BCE-630x420.jpg 630w\" data-sizes=\"(max-width: 1000px) 100vw, 1000px\" data-ll-status=\"loaded\" \/><\/figure>\n<p style=\"text-align: justify\">Lagarde ha di fatto ricordato che l\u2019assetto giuridico europeo assegna alle banche centrali nazionali la piena gestione delle loro riserve. La BCE vuole preservare tale equilibrio istituzionale su cui si fonda l\u2019Eurosistema ed evitare che si crei un\u00a0<strong>precedente<\/strong>: un trasferimento di propriet\u00e0 o una riformulazione ambigua della norma sulla gestione delle riserve auree potrebbe aprire la strada a un\u00a0<strong>uso politico dell\u2019oro<\/strong>, creando un precedente in tutta l\u2019Eurozona. Se un Paese modifica unilateralmente il quadro relativo alle proprie riserve, altri potrebbero sentirsi legittimati a fare lo stesso, con impatti potenzialmente pericolosi per la stabilit\u00e0 dell\u2019Eurozona.<\/p>\n<h2 class=\"wp-block-heading\" style=\"text-align: justify\">Un equilibrio delicato<\/h2>\n<p style=\"text-align: justify\">Lo scontro tra governo e BCE non \u00e8 un caso isolato, ma il segnale di un contesto in cui la politica cerca nuovi spazi di manovra dentro un sistema europeo sempre pi\u00f9 strutturato. La vicenda dimostra quanto sia sottile il confine tra sovranit\u00e0 nazionale e regole dell\u2019Eurozona e come, paradossalmente, l\u2019oro continui a essere un nodo sensibile anche nell\u2019epoca della finanza digitale. Attribuire formalmente alla Repubblica la propriet\u00e0 di un bene che il governo non pu\u00f2 toccare e che rimane nella disponibilit\u00e0 operativa di una banca centrale indipendente, produce effetti concreti minimi, a meno che non rappresenti il primo passo verso un\u00a0<strong>ripensamento radicale dell\u2019unione monetaria<\/strong>: un\u2019ipotesi estrema sul piano politico, ma che, dal punto di vista tecnico, passerebbe proprio attraverso il\u00a0<strong>controllo delle riserve auree<\/strong>.<\/p>\n<p style=\"text-align: justify\"><strong>FONTE:<a href=\"https:\/\/www.lindipendente.online\/2025\/12\/07\/chi-decide-sulloro-italiano-dietro-lo-scontro-tra-governo-meloni-e-bce\/\">https:\/\/www.lindipendente.online\/2025\/12\/07\/chi-decide-sulloro-italiano-dietro-lo-scontro-tra-governo-meloni-e-bce\/<\/a><\/strong><\/p>\n","protected":false},"excerpt":{"rendered":"<p>di L&#8217;INDIPENDENTE (Enrica Perucchietti) La Banca Centrale Europea chiude la porta a un emendamento presentato da Fratelli d\u2019Italia alla legge di bilancio, primo firmatario il senatore Lucio Malan, e richiama Roma al rispetto delle regole dell\u2019Eurozona. Con un parere formale, la BCE mette in guardia l\u2019Italia contro qualsiasi tentativo volto a contestare l\u2019indipendenza della banca centrale ed evidenzia conflitti con il Trattato UE e l\u2019autonomia della Banca d\u2019Italia. Il Ministero dell\u2019Economia e delle Finanze (MEF)&#46;&#46;&#46;<\/p>\n","protected":false},"author":109,"featured_media":84764,"comment_status":"open","ping_status":"open","sticky":false,"template":"","format":"standard","meta":{"jetpack_post_was_ever_published":false,"_jetpack_newsletter_access":"","_jetpack_dont_email_post_to_subs":false,"_jetpack_newsletter_tier_id":0,"_jetpack_memberships_contains_paywalled_content":false,"_jetpack_memberships_contains_paid_content":false,"footnotes":"","jetpack_publicize_message":"","jetpack_publicize_feature_enabled":true,"jetpack_social_post_already_shared":true,"jetpack_social_options":{"image_generator_settings":{"template":"highway","enabled":false},"version":2}},"categories":[32],"tags":[],"jetpack_publicize_connections":[],"jetpack_featured_media_url":"https:\/\/appelloalpopolo.it\/wp-content\/uploads\/2024\/04\/LIndipendente.online.jpg","jetpack_sharing_enabled":true,"jetpack_shortlink":"https:\/\/wp.me\/p7ZaJ4-odO","_links":{"self":[{"href":"https:\/\/appelloalpopolo.it\/index.php?rest_route=\/wp\/v2\/posts\/93112"}],"collection":[{"href":"https:\/\/appelloalpopolo.it\/index.php?rest_route=\/wp\/v2\/posts"}],"about":[{"href":"https:\/\/appelloalpopolo.it\/index.php?rest_route=\/wp\/v2\/types\/post"}],"author":[{"embeddable":true,"href":"https:\/\/appelloalpopolo.it\/index.php?rest_route=\/wp\/v2\/users\/109"}],"replies":[{"embeddable":true,"href":"https:\/\/appelloalpopolo.it\/index.php?rest_route=%2Fwp%2Fv2%2Fcomments&post=93112"}],"version-history":[{"count":1,"href":"https:\/\/appelloalpopolo.it\/index.php?rest_route=\/wp\/v2\/posts\/93112\/revisions"}],"predecessor-version":[{"id":93113,"href":"https:\/\/appelloalpopolo.it\/index.php?rest_route=\/wp\/v2\/posts\/93112\/revisions\/93113"}],"wp:featuredmedia":[{"embeddable":true,"href":"https:\/\/appelloalpopolo.it\/index.php?rest_route=\/wp\/v2\/media\/84764"}],"wp:attachment":[{"href":"https:\/\/appelloalpopolo.it\/index.php?rest_route=%2Fwp%2Fv2%2Fmedia&parent=93112"}],"wp:term":[{"taxonomy":"category","embeddable":true,"href":"https:\/\/appelloalpopolo.it\/index.php?rest_route=%2Fwp%2Fv2%2Fcategories&post=93112"},{"taxonomy":"post_tag","embeddable":true,"href":"https:\/\/appelloalpopolo.it\/index.php?rest_route=%2Fwp%2Fv2%2Ftags&post=93112"}],"curies":[{"name":"wp","href":"https:\/\/api.w.org\/{rel}","templated":true}]}}