{"id":93126,"date":"2025-12-11T09:30:22","date_gmt":"2025-12-11T08:30:22","guid":{"rendered":"https:\/\/appelloalpopolo.it\/?p=93126"},"modified":"2025-12-09T12:55:06","modified_gmt":"2025-12-09T11:55:06","slug":"zelensky-non-ce-accordo-con-gli-usa-sui-territori","status":"publish","type":"post","link":"https:\/\/appelloalpopolo.it\/?p=93126","title":{"rendered":"Zelensky: non c\u2019\u00e8 accordo con gli USA sui territori"},"content":{"rendered":"<p style=\"text-align: left\"><strong>di L&#8217;ANTIDIPLOMATICO<\/strong><\/p>\n<div class=\"post-media post-featured-image\" style=\"text-align: left\">\n<div class=\"inimage-wrapper\"><img loading=\"lazy\" decoding=\"async\" class=\"alignnone  wp-image-93127\" src=\"https:\/\/appelloalpopolo.it\/wp-content\/uploads\/2025\/12\/720x410c50-4-300x160.png\" alt=\"\" width=\"450\" height=\"240\" srcset=\"https:\/\/appelloalpopolo.it\/wp-content\/uploads\/2025\/12\/720x410c50-4-300x160.png 300w, https:\/\/appelloalpopolo.it\/wp-content\/uploads\/2025\/12\/720x410c50-4.png 720w\" sizes=\"(max-width: 450px) 100vw, 450px\" \/><\/div>\n<\/div>\n<div id=\"video-evo-player\" class=\"player_evolution\" style=\"text-align: left\">\n<div class=\"gptslot evo-atf\" data-adunitid=\"1\">\n<div class=\"evo-passback\" data-init=\"true\" data-pb=\"pb_300x250\"><ins class=\"adsbygoogle\" data-ad-client=\"ca-pub-8945354104464549\" data-ad-slot=\"3701709072\" data-adsbygoogle-status=\"done\" data-ad-status=\"unfilled\"><\/p>\n<div id=\"aswift_2_host\"><\/div>\n<p><\/ins><\/div>\n<\/div>\n<\/div>\n<div class=\"entry-content\" style=\"text-align: left\">\n<p>Kiev non accetta di ritirare le proprie truppe dal Donbass. Lo ha dichiarato il presidente ucraino Zelensky, secondo cui non \u00e8 ancora stato raggiunto un compromesso con i negoziatori statunitensi sulla questione del ritiro dal Donbass.<\/p>\n<p>Durante il suo viaggio europeo cominciato con il suo arrivo a Londra luned\u00ec, dove si \u00e8 incontrato con le delegazioni britanniche, francesi e tedesche, ha dichiarato che presto presenter\u00e0 una nuova proposta di pace al presidente Trump.<\/p>\n<p>\u201cGli americani sono disposti a trovare un compromesso. Ma ci sono chiaramente questioni difficili relative al territorio, e su questo non \u00e8 stato raggiunto alcun accordo \u201c, ha detto Zelensky ai giornalisti. Ha nuovamente respinto una delle condizioni chiave della Russia per il cessate il fuoco, ovvero che l&#8217;Ucraina ritiri le sue truppe dalle parti del Donbass che sono ancora sotto il suo controllo. \u201cLa Russia, ovviamente, insiste affinch\u00e9 rinunciamo ai territori. Noi, naturalmente, non vogliamo farlo ed \u00e8 per questo che stiamo combattendo&#8221;, ha affermato.<\/p>\n<p>Zelensky ha inoltre dichiarato che Kiev \u00e8 riuscita a far rimuovere clausole definite &#8220;chiaramente anti-ucraine&#8221; dal piano di pace proposto da Trump. Secondo quanto riferito, una bozza precedente del documento prevedeva il ritiro delle truppe ucraine da alcune aree del Donbass attualmente sotto il loro controllo, e stabiliva che il Donbass e la Crimea dovessero essere &#8220;riconosciuti\u00a0<em>de facto<\/em>\u00a0come russi.&#8221;<\/p>\n<p data-path-to-node=\"3\">Trump si \u00e8 detto &#8220;deluso&#8221; da Zelensky, sostenendo che il leader ucraino non avrebbe letto nemmeno l&#8217;ultima proposta statunitense e aveva gi\u00e0 suggerito che l&#8217;Ucraina si trovasse nelle condizioni di dover fare delle concessioni territoriali a Mosca.<\/p>\n<\/div>\n<p style=\"text-align: left\"><strong>FONTE<\/strong>:\u00a0<a href=\"https:\/\/www.lantidiplomatico.it\/dettnews-zelensky_non_c_accordo_con_gli_usa_sui_territori\/82_64113\/\">https:\/\/www.lantidiplomatico.it\/dettnews-zelensky_non_c_accordo_con_gli_usa_sui_territori\/82_64113\/<\/a><\/p>\n","protected":false},"excerpt":{"rendered":"<p>di L&#8217;ANTIDIPLOMATICO Kiev non accetta di ritirare le proprie truppe dal Donbass. Lo ha dichiarato il presidente ucraino Zelensky, secondo cui non \u00e8 ancora stato raggiunto un compromesso con i negoziatori statunitensi sulla questione del ritiro dal Donbass. Durante il suo viaggio europeo cominciato con il suo arrivo a Londra luned\u00ec, dove si \u00e8 incontrato con le delegazioni britanniche, francesi e tedesche, ha dichiarato che presto presenter\u00e0 una nuova proposta di pace al presidente Trump.&#46;&#46;&#46;<\/p>\n","protected":false},"author":97,"featured_media":91597,"comment_status":"open","ping_status":"open","sticky":false,"template":"","format":"standard","meta":{"jetpack_post_was_ever_published":false,"_jetpack_newsletter_access":"","_jetpack_dont_email_post_to_subs":false,"_jetpack_newsletter_tier_id":0,"_jetpack_memberships_contains_paywalled_content":false,"_jetpack_memberships_contains_paid_content":false,"footnotes":"","jetpack_publicize_message":"","jetpack_publicize_feature_enabled":true,"jetpack_social_post_already_shared":true,"jetpack_social_options":{"image_generator_settings":{"template":"highway","enabled":false},"version":2}},"categories":[32],"tags":[],"jetpack_publicize_connections":[],"jetpack_featured_media_url":"https:\/\/appelloalpopolo.it\/wp-content\/uploads\/2025\/09\/Lantidiplomatico.jpg","jetpack_sharing_enabled":true,"jetpack_shortlink":"https:\/\/wp.me\/p7ZaJ4-oe2","_links":{"self":[{"href":"https:\/\/appelloalpopolo.it\/index.php?rest_route=\/wp\/v2\/posts\/93126"}],"collection":[{"href":"https:\/\/appelloalpopolo.it\/index.php?rest_route=\/wp\/v2\/posts"}],"about":[{"href":"https:\/\/appelloalpopolo.it\/index.php?rest_route=\/wp\/v2\/types\/post"}],"author":[{"embeddable":true,"href":"https:\/\/appelloalpopolo.it\/index.php?rest_route=\/wp\/v2\/users\/97"}],"replies":[{"embeddable":true,"href":"https:\/\/appelloalpopolo.it\/index.php?rest_route=%2Fwp%2Fv2%2Fcomments&post=93126"}],"version-history":[{"count":1,"href":"https:\/\/appelloalpopolo.it\/index.php?rest_route=\/wp\/v2\/posts\/93126\/revisions"}],"predecessor-version":[{"id":93128,"href":"https:\/\/appelloalpopolo.it\/index.php?rest_route=\/wp\/v2\/posts\/93126\/revisions\/93128"}],"wp:featuredmedia":[{"embeddable":true,"href":"https:\/\/appelloalpopolo.it\/index.php?rest_route=\/wp\/v2\/media\/91597"}],"wp:attachment":[{"href":"https:\/\/appelloalpopolo.it\/index.php?rest_route=%2Fwp%2Fv2%2Fmedia&parent=93126"}],"wp:term":[{"taxonomy":"category","embeddable":true,"href":"https:\/\/appelloalpopolo.it\/index.php?rest_route=%2Fwp%2Fv2%2Fcategories&post=93126"},{"taxonomy":"post_tag","embeddable":true,"href":"https:\/\/appelloalpopolo.it\/index.php?rest_route=%2Fwp%2Fv2%2Ftags&post=93126"}],"curies":[{"name":"wp","href":"https:\/\/api.w.org\/{rel}","templated":true}]}}