{"id":93142,"date":"2025-12-10T09:30:24","date_gmt":"2025-12-10T08:30:24","guid":{"rendered":"https:\/\/appelloalpopolo.it\/?p=93142"},"modified":"2025-12-09T14:53:49","modified_gmt":"2025-12-09T13:53:49","slug":"i-difetti-della-fiera","status":"publish","type":"post","link":"https:\/\/appelloalpopolo.it\/?p=93142","title":{"rendered":"I difetti della fiera"},"content":{"rendered":"<p style=\"text-align: justify\"><strong>di FERDINANDO PASTORE (Pagina FB)<\/strong><\/p>\n<p style=\"text-align: justify\">Se organizzi una fiera del libro e la chiami &#8220;Pi\u00f9 libri, pi\u00f9 liberi&#8221;, ma concedi gli stand a pagamento, non cerchi alcuna libert\u00e0 perch\u00e9 vince la logica del capitale e del consumismo. Chi paga e chi vende ha ragione. Difficile argomentare poi di antifascismo, di differenze valoriali e di direzione culturale dell&#8217;evento.<\/p>\n<p style=\"text-align: justify\">Molto difficile poi essere antifascisti a corrente alternata. Per esempio cantare Bella Ciao a petto in fuori dentro la Nuvola di Fuksas e, contemporaneamente, osannare un bel dibattito tra donne ad Atreju; donne che poi votano assieme leggi dalla dubbia legittimit\u00e0 costituzionale.<\/p>\n<p style=\"text-align: justify\">E in pi\u00f9, risulta a dir poco schizofrenico glorificare l&#8217;antifascismo e volere pi\u00f9 armi, pi\u00f9 soldi per lo Stato ucraino che i nazisti li ha nel suo apparato decisionale, nelle sue truppe militari, nel suo immaginario e per le strade delle sue citt\u00e0. Non \u00e8 solo questione di ipocrisia, ma anche di scarsa capacit\u00e0 di lettura della realt\u00e0, per i tanti in buonafede e di bieco opportunismo, per i grandi strateghi dell&#8217;americanismo di sinistra.<\/p>\n<p style=\"text-align: justify\"><strong>Fonte:\u00a0<a href=\"https:\/\/www.facebook.com\/share\/p\/1X5PCDHwHe\/\">https:\/\/www.facebook.com\/share\/p\/1X5PCDHwHe\/<\/a><\/strong><\/p>\n","protected":false},"excerpt":{"rendered":"<p>di FERDINANDO PASTORE (Pagina FB) Se organizzi una fiera del libro e la chiami &#8220;Pi\u00f9 libri, pi\u00f9 liberi&#8221;, ma concedi gli stand a pagamento, non cerchi alcuna libert\u00e0 perch\u00e9 vince la logica del capitale e del consumismo. Chi paga e chi vende ha ragione. Difficile argomentare poi di antifascismo, di differenze valoriali e di direzione culturale dell&#8217;evento. Molto difficile poi essere antifascisti a corrente alternata. Per esempio cantare Bella Ciao a petto in fuori dentro&#46;&#46;&#46;<\/p>\n","protected":false},"author":95,"featured_media":89105,"comment_status":"open","ping_status":"open","sticky":false,"template":"","format":"standard","meta":{"jetpack_post_was_ever_published":false,"_jetpack_newsletter_access":"","_jetpack_dont_email_post_to_subs":false,"_jetpack_newsletter_tier_id":0,"_jetpack_memberships_contains_paywalled_content":false,"_jetpack_memberships_contains_paid_content":false,"footnotes":"","jetpack_publicize_message":"","jetpack_publicize_feature_enabled":true,"jetpack_social_post_already_shared":true,"jetpack_social_options":{"image_generator_settings":{"template":"highway","enabled":false},"version":2}},"categories":[32],"tags":[],"jetpack_publicize_connections":[],"jetpack_featured_media_url":"https:\/\/appelloalpopolo.it\/wp-content\/uploads\/2025\/02\/Ferdinando-Pastore.jpg","jetpack_sharing_enabled":true,"jetpack_shortlink":"https:\/\/wp.me\/p7ZaJ4-oei","_links":{"self":[{"href":"https:\/\/appelloalpopolo.it\/index.php?rest_route=\/wp\/v2\/posts\/93142"}],"collection":[{"href":"https:\/\/appelloalpopolo.it\/index.php?rest_route=\/wp\/v2\/posts"}],"about":[{"href":"https:\/\/appelloalpopolo.it\/index.php?rest_route=\/wp\/v2\/types\/post"}],"author":[{"embeddable":true,"href":"https:\/\/appelloalpopolo.it\/index.php?rest_route=\/wp\/v2\/users\/95"}],"replies":[{"embeddable":true,"href":"https:\/\/appelloalpopolo.it\/index.php?rest_route=%2Fwp%2Fv2%2Fcomments&post=93142"}],"version-history":[{"count":1,"href":"https:\/\/appelloalpopolo.it\/index.php?rest_route=\/wp\/v2\/posts\/93142\/revisions"}],"predecessor-version":[{"id":93143,"href":"https:\/\/appelloalpopolo.it\/index.php?rest_route=\/wp\/v2\/posts\/93142\/revisions\/93143"}],"wp:featuredmedia":[{"embeddable":true,"href":"https:\/\/appelloalpopolo.it\/index.php?rest_route=\/wp\/v2\/media\/89105"}],"wp:attachment":[{"href":"https:\/\/appelloalpopolo.it\/index.php?rest_route=%2Fwp%2Fv2%2Fmedia&parent=93142"}],"wp:term":[{"taxonomy":"category","embeddable":true,"href":"https:\/\/appelloalpopolo.it\/index.php?rest_route=%2Fwp%2Fv2%2Fcategories&post=93142"},{"taxonomy":"post_tag","embeddable":true,"href":"https:\/\/appelloalpopolo.it\/index.php?rest_route=%2Fwp%2Fv2%2Ftags&post=93142"}],"curies":[{"name":"wp","href":"https:\/\/api.w.org\/{rel}","templated":true}]}}