{"id":93160,"date":"2025-12-12T09:30:12","date_gmt":"2025-12-12T08:30:12","guid":{"rendered":"https:\/\/appelloalpopolo.it\/?p=93160"},"modified":"2025-12-11T04:52:00","modified_gmt":"2025-12-11T03:52:00","slug":"lo-recinto-tra-trump-e-i-volenterosi-europei-la-variabile-israele","status":"publish","type":"post","link":"https:\/\/appelloalpopolo.it\/?p=93160","title":{"rendered":"Lo scontro tra Trump e i volenterosi europei. La variabile Israele."},"content":{"rendered":"<p style=\"text-align: justify\"><strong>di TERMOMETRO GEOPOLITICO (Davide Malacaria)<\/strong><\/p>\n<p><img loading=\"lazy\" decoding=\"async\" class=\"size-medium wp-image-93161\" src=\"https:\/\/appelloalpopolo.it\/wp-content\/uploads\/2025\/12\/FB_IMG_1765424913093-300x201.jpg\" alt=\"\" width=\"300\" height=\"201\" srcset=\"https:\/\/appelloalpopolo.it\/wp-content\/uploads\/2025\/12\/FB_IMG_1765424913093-300x201.jpg 300w, https:\/\/appelloalpopolo.it\/wp-content\/uploads\/2025\/12\/FB_IMG_1765424913093-768x515.jpg 768w, https:\/\/appelloalpopolo.it\/wp-content\/uploads\/2025\/12\/FB_IMG_1765424913093.jpg 1024w\" sizes=\"(max-width: 300px) 100vw, 300px\" \/><\/p>\n<p style=\"text-align: justify\">I media internazionali hanno dato molto spazio alle critiche di Trump verso l\u2019Europa e alle repliche dei leader europei che si atteggiano a burattini senza fili. In realt\u00e0, quei fili ci sono, eccome, o davvero qualcuno pu\u00f2 immaginare che politici senza quid come Ursula von der Lyen, Kaja Kallas, Friedrich Merz, Keir Starmer ed Emmanuel Macron possano contrapporsi impunemente all\u2019imperatore?<\/p>\n<p style=\"text-align: justify\">A muovere tali fili sono altri, sempre oltreoceano, e sono i nemici irriducibili di Trump, neocon e liberal, per i quali il senso del presidente americano per la dottrina Monroe 2.0, che rigetta l\u2019unipolarismo e il correlato Credo delle guerre senza fine (dottrina che negli ultimi anni ha i suoi focus in Ucraina e Medio oriente), \u00e8 inaccettabile.<\/p>\n<p style=\"text-align: justify\">Da questo punto di vista la dichiarazione di indipendenza dei leader europei da Trump non \u00e8 altro che un atto di servilismo verso i vecchi padroni americani che, come nella precedente presidenza Trump, usano anche l\u2019Europa per porre criticit\u00e0 al cambiamento che questi vorrebbe imprimere alla politica estera imperiale.<\/p>\n<p style=\"text-align: justify\">Cambiamento di prospettiva che stavolta non \u00e8 lasciato alla sola improvvisazione di Trump, ma \u00e8 condensato nella National Security Strategy del 2025 che delineando le nuove prospettive della politica estera Usa, relega l\u2019Europa ai margini, segnala la Russia come una partner e la Cina come un competitor (eludendo le pose muscolari nei confronti di Pechino del passato).<\/p>\n<p style=\"text-align: justify\">Di interesse anche un passaggio sul Medio oriente: \u201cI giorni in cui il Medio Oriente dominava la politica estera americana sia nella pianificazione a lungo termine che negli atti quotidiani sono fortunatamente finiti, non perch\u00e9 il Medio Oriente non conti pi\u00f9, ma perch\u00e9 non \u00e8 pi\u00f9 la fonte costante di sdegno e di possibili catastrofi imminenti come lo era prima\u201d (si elude, cio\u00e8, anche una guerra all\u2019Iran).<\/p>\n<p style=\"text-align: justify\">Una rivoluzione copernicana che ha il marchio di fabbrica del sottosegretario della Difesa per la politica Elbridge Colby \u2013 fore la figura pi\u00f9 importante dell\u2019amministrazione Trump insieme a Tulsi Gabbard e J. D. Vance \u2013 il quale, non per nulla, \u00e8 al centro degli attacchi di neocon e liberal.<\/p>\n<p style=\"text-align: justify\">In altra nota abbiamo accennato a come l\u2019attacco a Hegseth per le uccisioni extragiudiziali nei Caraibi abbiano come obbiettivo Colby pi\u00f9 che il palestrato Capo del Pentagono; critiche pi\u00f9 che giuste, ma stride che a stracciarsi le vesti per i due venezuelani uccisi siano, a parte lodevoli eccezioni, gli stessi ambiti che hanno guardato con indulgenza le uccisioni di decine di migliaia di bambini di Gaza.<\/p>\n<p style=\"text-align: justify\">Ma, digressione a parte, resta appunto lo scontro aperto tra Europa e Stati Uniti, che apparentemente riguarda solo l\u2019Ucraina, ma in realt\u00e0 anche Israele e il suo progetto di dominio del Medio oriente da conseguirsi sulla punta delle baionette o tramite gli Accordi di Abramo.<\/p>\n<p style=\"text-align: justify\">Potrebbe apparire bizzarro, data la sbandierata bromance tra Trump e Netanyahu, che a sostenere nel segreto le ragioni della Grande Israele pi\u00f9 che Trump sia l\u2019Europa, meglio i \u201cvolenterosi\u201d leader europei, com\u2019era evidente durante la presidenza Biden, quando tutto l\u2019Occidente, a parte eccezioni, ha sostenuto senza tentennamenti la macelleria dei palestinesi e gli Accordi di Abramo (nonostante fossero stati varati nella precedente presidenza Trump).<\/p>\n<p style=\"text-align: justify\">Non che Trump sia esente da colpe in proposito, e pure gravi, ma la sua condiscendenza verso tale progetto \u00e8 data dalla debolezza di fronte allo strapotere degli ambiti ebraici americani consegnati a tale follia (per fortuna non tutti lo sono) e dai suoi errori, passati e presenti, che lo hanno portato a interfacciarsi con tragica ambiguit\u00e0 con gli ambiti neocon, ai quali ha ceduto, o dovuto cedere, parte importante del potere imperiale (Marco Rubio ha un potere mai conosciuto da un Segretario della Difesa, assommando anche la carica di Consigliere per la Sicurezza nazionale).<\/p>\n<p style=\"text-align: justify\">Rebus complesso, quello del potere imperiale, che le improvvisazioni di Trump rendono ancora pi\u00f9 sfuggente, come denota anche il caso Venezuela, rispetto al quale l\u2019ambiguit\u00e0 presidenziale ha raggiunto l\u2019apice, con minacce di invasione incombente e sempre, almeno per ora, procrastinate.<\/p>\n<p style=\"text-align: justify\">A dimostrare che le due guerre, ucraina e mediorientale, corrono in parallelo (con Tel Aviv che non vuole che si chiuda l\u2019incendio ucraino per evitare che l\u2019inferno che sta alimentando resti l\u2019ultimo focolaio da sistemare) \u00e8, ad esempio, una nota di Larry Johnson sul Ron Paul Institute, che analizza due operazioni militari parallele, quella contro gli aeroporti russi \u2013 obiettivo i bombardieri strategici russi, quelli preposti alle atomiche \u2013 del 1 giugno 2025 e l\u2019attacco a sorpresa di Israele all\u2019Iran, avvenuto subito dopo.<\/p>\n<p style=\"text-align: justify\">Johnson ricorda come entrambe le operazioni furono pianificate accuratamente molti mesi prima. Si trattava di creare o usare reti clandestine per far entrare nei due Paesi parti di droni che poi dovevano essere assemblati e stipati in siti segreti nelle vicinanze degli obiettivi, per poi colpire di sorpresa.<\/p>\n<p style=\"text-align: justify\">Quindi, sull\u2019attacco contro la Russia, scrive: \u201cNon si pu\u00f2 negare che si sia trattato di un\u2019operazione sofisticata e che, a mio giudizio, abbia fatto molto affidamento sul supporto dell\u2019intelligence di Stati Uniti, Regno Unito e, forse, Israele. Perch\u00e9 Israele? Per la somiglianza delle tattiche utilizzate negli attacchi contro la Russia e l\u2019Iran, avvenuti entrambi nell\u2019arco di due settimane. Entrambe erano operazioni di penetrazione profonda, mirate a risorse di alto valore e consolidate, lontane dalle linee del fronte. Entrambe hanno richiesto un ampio supporto di intelligence\u201d.<\/p>\n<p style=\"text-align: justify\">\u201cCredo anche che gli Stati Uniti abbiano svolto un ruolo significativo nel coordinamento dei due attacchi, nell\u2019ambito di una strategia pi\u00f9 ampia volta a indebolire sia la Russia che l\u2019Iran. La pianificazione di queste operazioni \u00e8 stata condotta attraverso canali separati, ma c\u2019era qualcuno, o un gruppo di persone, che supervisionava gli obiettivi strategici pi\u00f9 ampi\u201d.<\/p>\n<p style=\"text-align: justify\">Di seguito annota di ritenere che la CIA, dato l\u2019enorme investimento che ha fatto in Ucraina, \u201cstia lavorando per indebolire gli sforzi di Trump per arrivare alla pace\u201d. \u00c8 noto che il Capo della CIA, John Ratcliffe \u00e8 legato a filo doppio all\u2019AIPAC, la lobby Usa pro-Israele, e a Netanyahu.<\/p>\n<p style=\"text-align: justify\"><em>#TGP #Geopolitica<\/em><\/p>\n<p style=\"text-align: justify\"><em>Fonte: https:\/\/www.piccolenote.it\/mondo\/lo-scontro-tra-trump-e-i-volenterosi-europei-la-variabile-israele<\/em><\/p>\n<p style=\"text-align: justify\"><strong>Fonte:\u00a0<a href=\"https:\/\/www.facebook.com\/share\/p\/1MJhQ3m4Pi\/\">https:\/\/www.facebook.com\/share\/p\/1MJhQ3m4Pi\/<\/a><\/strong><\/p>\n","protected":false},"excerpt":{"rendered":"<p>di TERMOMETRO GEOPOLITICO (Davide Malacaria) I media internazionali hanno dato molto spazio alle critiche di Trump verso l\u2019Europa e alle repliche dei leader europei che si atteggiano a burattini senza fili. In realt\u00e0, quei fili ci sono, eccome, o davvero qualcuno pu\u00f2 immaginare che politici senza quid come Ursula von der Lyen, Kaja Kallas, Friedrich Merz, Keir Starmer ed Emmanuel Macron possano contrapporsi impunemente all\u2019imperatore? A muovere tali fili sono altri, sempre oltreoceano, e sono&#46;&#46;&#46;<\/p>\n","protected":false},"author":95,"featured_media":84835,"comment_status":"open","ping_status":"open","sticky":false,"template":"","format":"standard","meta":{"jetpack_post_was_ever_published":false,"_jetpack_newsletter_access":"","_jetpack_dont_email_post_to_subs":false,"_jetpack_newsletter_tier_id":0,"_jetpack_memberships_contains_paywalled_content":false,"_jetpack_memberships_contains_paid_content":false,"footnotes":"","jetpack_publicize_message":"","jetpack_publicize_feature_enabled":true,"jetpack_social_post_already_shared":true,"jetpack_social_options":{"image_generator_settings":{"template":"highway","enabled":false},"version":2}},"categories":[32],"tags":[],"jetpack_publicize_connections":[],"jetpack_featured_media_url":"https:\/\/appelloalpopolo.it\/wp-content\/uploads\/2024\/04\/termometro-geopolitico.png","jetpack_sharing_enabled":true,"jetpack_shortlink":"https:\/\/wp.me\/p7ZaJ4-oeA","_links":{"self":[{"href":"https:\/\/appelloalpopolo.it\/index.php?rest_route=\/wp\/v2\/posts\/93160"}],"collection":[{"href":"https:\/\/appelloalpopolo.it\/index.php?rest_route=\/wp\/v2\/posts"}],"about":[{"href":"https:\/\/appelloalpopolo.it\/index.php?rest_route=\/wp\/v2\/types\/post"}],"author":[{"embeddable":true,"href":"https:\/\/appelloalpopolo.it\/index.php?rest_route=\/wp\/v2\/users\/95"}],"replies":[{"embeddable":true,"href":"https:\/\/appelloalpopolo.it\/index.php?rest_route=%2Fwp%2Fv2%2Fcomments&post=93160"}],"version-history":[{"count":2,"href":"https:\/\/appelloalpopolo.it\/index.php?rest_route=\/wp\/v2\/posts\/93160\/revisions"}],"predecessor-version":[{"id":93163,"href":"https:\/\/appelloalpopolo.it\/index.php?rest_route=\/wp\/v2\/posts\/93160\/revisions\/93163"}],"wp:featuredmedia":[{"embeddable":true,"href":"https:\/\/appelloalpopolo.it\/index.php?rest_route=\/wp\/v2\/media\/84835"}],"wp:attachment":[{"href":"https:\/\/appelloalpopolo.it\/index.php?rest_route=%2Fwp%2Fv2%2Fmedia&parent=93160"}],"wp:term":[{"taxonomy":"category","embeddable":true,"href":"https:\/\/appelloalpopolo.it\/index.php?rest_route=%2Fwp%2Fv2%2Fcategories&post=93160"},{"taxonomy":"post_tag","embeddable":true,"href":"https:\/\/appelloalpopolo.it\/index.php?rest_route=%2Fwp%2Fv2%2Ftags&post=93160"}],"curies":[{"name":"wp","href":"https:\/\/api.w.org\/{rel}","templated":true}]}}