{"id":93164,"date":"2025-12-12T10:30:15","date_gmt":"2025-12-12T09:30:15","guid":{"rendered":"https:\/\/appelloalpopolo.it\/?p=93164"},"modified":"2025-12-11T05:00:25","modified_gmt":"2025-12-11T04:00:25","slug":"politico-il-sostegno-a-trump-divide-lestrema-destra-europea","status":"publish","type":"post","link":"https:\/\/appelloalpopolo.it\/?p=93164","title":{"rendered":"Politico: Il sostegno a Trump divide l&#8217;estrema destra europea"},"content":{"rendered":"<p style=\"text-align: justify\"><strong>di L&#8217;ANTIDIPLOMATICO (Politico)\u00a0<\/strong><\/p>\n<p><img loading=\"lazy\" decoding=\"async\" class=\"alignnone size-medium wp-image-93166\" src=\"https:\/\/appelloalpopolo.it\/wp-content\/uploads\/2025\/12\/350x200c50-26-300x171.jpg\" alt=\"\" width=\"300\" height=\"171\" srcset=\"https:\/\/appelloalpopolo.it\/wp-content\/uploads\/2025\/12\/350x200c50-26-300x171.jpg 300w, https:\/\/appelloalpopolo.it\/wp-content\/uploads\/2025\/12\/350x200c50-26.jpg 350w\" sizes=\"(max-width: 300px) 100vw, 300px\" \/><\/p>\n<p style=\"text-align: justify\">L&#8217;aperta adesione del presidente degli Stati Uniti Donald Trump ai nazionalisti europei sta mettendo in luce una frattura tra i maggiori partiti di estrema destra.<\/p>\n<p style=\"text-align: justify\">Mentre il partito di estrema destra tedesco Alternativa per la Germania (AfD) ha accolto con favore il sostegno morale di Trump, considerandolo un modo per ottenere legittimit\u00e0 interna e porre fine all&#8217;ostracismo politico , il Rassemblement National francese ha mantenuto le distanze, considerando il sostegno diretto degli americani come un potenziale ostacolo.<\/p>\n<p style=\"text-align: justify\">I partiti, in testa ai sondaggi nelle due maggiori economie dell&#8217;UE, hanno da tempo divergenze, non da ultimo riguardo ad alcuni commenti del partito tedesco sulla Seconda Guerra Mondiale. Ma le loro reazioni divergenti a Trump derivano pi\u00f9 da calcoli politici interni che da ideologie divergenti.<\/p>\n<p style=\"text-align: justify\">&#8220;Questo \u00e8 un riconoscimento diretto del nostro lavoro&#8221;, ha affermato l&#8217;eurodeputato dell&#8217;AfD Petr Bystron in una dichiarazione dopo che l&#8217;amministrazione Trump ha pubblicato la sua Strategia per la sicurezza nazionale &#8211; che, in alcune parti, sembra il manifesto di un partito europeo di estrema destra &#8211; avvertendo che l&#8217;Europa potrebbe essere &#8220;irriconoscibile&#8221; tra due decenni a causa della migrazione e della perdita di identit\u00e0 nazionali.<\/p>\n<p style=\"text-align: justify\">&#8220;L&#8217;AfD ha sempre lottato per la sovranit\u00e0, la reimmigrazione e la pace, ovvero proprio le priorit\u00e0 che Trump sta ora attuando&#8221;, ha aggiunto Bystron, che questa settimana sar\u00e0 tra un gruppo di politici del suo partito in viaggio a Washington per incontrare i repubblicani del MAGA.<\/p>\n<p style=\"text-align: justify\">Anche Alice Weidel, una delle leader nazionali dell&#8217;AfD, ha elogiato la strategia di sicurezza di Trump.<\/p>\n<p style=\"text-align: justify\">&#8220;Ecco perch\u00e9 abbiamo bisogno dell&#8217;AfD!&#8221; ha scritto Weidel in un post dopo la pubblicazione del documento.<\/p>\n<p style=\"text-align: justify\">Al contrario, il Rassemblement National in Francia \u00e8 molto pi\u00f9 cauto nei confronti di un allineamento con Trump, che \u00e8 molto impopolare tra l&#8217;elettorato francese.<\/p>\n<p style=\"text-align: justify\">&#8220;Sono francese, quindi non mi piace il vassallaggio e non ho bisogno di un fratello maggiore come Trump per pensare al destino del mio Paese&#8221;, ha affermato in un&#8217;intervista al Telegraph pubblicata marted\u00ec.<\/p>\n<p style=\"text-align: justify\">Thierry Mariani, membro del consiglio nazionale del partito, ha spiegato che Trump non sembrava certo un alleato ideale.<\/p>\n<p style=\"text-align: justify\">&#8220;Trump ci tratta come una colonia, con la sua retorica, che non \u00e8 un granch\u00e9, ma soprattutto economicamente e politicamente&#8221;, ha dichiarato a POLITICO. I leader nazionali del partito, ha aggiunto Mariani, vedono &#8220;il rischio di questo atteggiamento da parte di qualcuno che ora non ha nulla da temere, visto che non pu\u00f2 essere rieletto, e che \u00e8 sempre eccessivo e a volte ridicolo&#8221;.<\/p>\n<p style=\"text-align: justify\"><strong>Il sogno americano dell&#8217;AfD<\/strong><\/p>\n<p style=\"text-align: justify\">Non \u00e8 un caso che Bystron faccia parte di una delegazione di politici dell&#8217;AfD che incontrer\u00e0 questa settimana a Washington i membri del campo MAGA di Trump. Bystron \u00e8 tra i politici dell&#8217;AfD che cercano sempre pi\u00f9 di stringere legami con l&#8217;amministrazione Trump per ottenere sostegno in quella che definiscono una lotta contro la persecuzione politica e la censura in patria.<\/p>\n<p style=\"text-align: justify\">Si tratta di un argomento con cui i membri dell&#8217;amministrazione Trump chiaramente simpatizzano. Quando l&#8217;agenzia di intelligence interna tedesca ha dichiarato l&#8217;AfD estremista all&#8217;inizio di quest&#8217;anno, il Segretario di Stato americano Marco Rubio ha definito la mossa &#8220;tirannia mascherata&#8221;. Durante la Conferenza sulla sicurezza di Monaco, il vicepresidente statunitense J.D. Vance ha esortato i politici tradizionali in Europa ad abbattere i &#8220;firewall&#8221; che escludono i partiti di estrema destra dal governo.<\/p>\n<p style=\"text-align: justify\"><em>(Traduzione de l&#8217;AntiDiplomatico)<\/em><\/p>\n<p style=\"text-align: justify\"><strong>Fonte:\u00a0<a href=\"https:\/\/www.lantidiplomatico.it\/dettnews-politico_il_sostegno_a_trump_divide_lestrema_destra_europea\/45289_64147\/\">https:\/\/www.lantidiplomatico.it\/dettnews-politico_il_sostegno_a_trump_divide_lestrema_destra_europea\/45289_64147\/<\/a><\/strong><\/p>\n","protected":false},"excerpt":{"rendered":"<p>di L&#8217;ANTIDIPLOMATICO (Politico)\u00a0 L&#8217;aperta adesione del presidente degli Stati Uniti Donald Trump ai nazionalisti europei sta mettendo in luce una frattura tra i maggiori partiti di estrema destra. Mentre il partito di estrema destra tedesco Alternativa per la Germania (AfD) ha accolto con favore il sostegno morale di Trump, considerandolo un modo per ottenere legittimit\u00e0 interna e porre fine all&#8217;ostracismo politico , il Rassemblement National francese ha mantenuto le distanze, considerando il sostegno diretto degli&#46;&#46;&#46;<\/p>\n","protected":false},"author":95,"featured_media":91597,"comment_status":"open","ping_status":"open","sticky":false,"template":"","format":"standard","meta":{"jetpack_post_was_ever_published":false,"_jetpack_newsletter_access":"","_jetpack_dont_email_post_to_subs":false,"_jetpack_newsletter_tier_id":0,"_jetpack_memberships_contains_paywalled_content":false,"_jetpack_memberships_contains_paid_content":false,"footnotes":"","jetpack_publicize_message":"","jetpack_publicize_feature_enabled":true,"jetpack_social_post_already_shared":true,"jetpack_social_options":{"image_generator_settings":{"template":"highway","enabled":false},"version":2}},"categories":[32],"tags":[],"jetpack_publicize_connections":[],"jetpack_featured_media_url":"https:\/\/appelloalpopolo.it\/wp-content\/uploads\/2025\/09\/Lantidiplomatico.jpg","jetpack_sharing_enabled":true,"jetpack_shortlink":"https:\/\/wp.me\/p7ZaJ4-oeE","_links":{"self":[{"href":"https:\/\/appelloalpopolo.it\/index.php?rest_route=\/wp\/v2\/posts\/93164"}],"collection":[{"href":"https:\/\/appelloalpopolo.it\/index.php?rest_route=\/wp\/v2\/posts"}],"about":[{"href":"https:\/\/appelloalpopolo.it\/index.php?rest_route=\/wp\/v2\/types\/post"}],"author":[{"embeddable":true,"href":"https:\/\/appelloalpopolo.it\/index.php?rest_route=\/wp\/v2\/users\/95"}],"replies":[{"embeddable":true,"href":"https:\/\/appelloalpopolo.it\/index.php?rest_route=%2Fwp%2Fv2%2Fcomments&post=93164"}],"version-history":[{"count":2,"href":"https:\/\/appelloalpopolo.it\/index.php?rest_route=\/wp\/v2\/posts\/93164\/revisions"}],"predecessor-version":[{"id":93167,"href":"https:\/\/appelloalpopolo.it\/index.php?rest_route=\/wp\/v2\/posts\/93164\/revisions\/93167"}],"wp:featuredmedia":[{"embeddable":true,"href":"https:\/\/appelloalpopolo.it\/index.php?rest_route=\/wp\/v2\/media\/91597"}],"wp:attachment":[{"href":"https:\/\/appelloalpopolo.it\/index.php?rest_route=%2Fwp%2Fv2%2Fmedia&parent=93164"}],"wp:term":[{"taxonomy":"category","embeddable":true,"href":"https:\/\/appelloalpopolo.it\/index.php?rest_route=%2Fwp%2Fv2%2Fcategories&post=93164"},{"taxonomy":"post_tag","embeddable":true,"href":"https:\/\/appelloalpopolo.it\/index.php?rest_route=%2Fwp%2Fv2%2Ftags&post=93164"}],"curies":[{"name":"wp","href":"https:\/\/api.w.org\/{rel}","templated":true}]}}