{"id":93168,"date":"2025-12-12T09:00:19","date_gmt":"2025-12-12T08:00:19","guid":{"rendered":"https:\/\/appelloalpopolo.it\/?p=93168"},"modified":"2025-12-11T08:42:04","modified_gmt":"2025-12-11T07:42:04","slug":"gaza-perche-malgrado-il-cessate-il-fuoco-il-genocidio-continua","status":"publish","type":"post","link":"https:\/\/appelloalpopolo.it\/?p=93168","title":{"rendered":"Gaza: perch\u00e9 malgrado il \u201ccessate il fuoco\u201d il genocidio continua"},"content":{"rendered":"<p style=\"text-align: justify\"><strong>di INTELLIGENCE FOR THE PEOPLE (Roberto Iannuzzi)<\/strong><\/p>\n<div class=\"pencraft pc-display-flex pc-flexDirection-column pc-paddingTop-16 pc-paddingBottom-16 pc-reset\" style=\"text-align: justify\">\n<div class=\"pencraft pc-display-flex pc-gap-12 pc-alignItems-center pc-reset byline-wrapper\">\n<div class=\"pencraft pc-display-flex pc-flexDirection-column pc-reset\">\n<div class=\"pencraft pc-display-flex pc-gap-4 pc-reset\">\n<div class=\"pencraft pc-reset color-pub-secondary-text-hGQ02T line-height-20-t4M0El font-meta-MWBumP size-11-NuY2Zx weight-medium-fw81nC transform-uppercase-yKDgcq reset-IxiVJZ meta-EgzBVA\"><\/div>\n<\/div>\n<\/div>\n<\/div>\n<\/div>\n<div class=\"pencraft pc-display-flex pc-gap-16 pc-paddingTop-16 pc-paddingBottom-16 pc-justifyContent-space-between pc-alignItems-center pc-reset flex-grow-rzmknG border-top-detail-themed-k9TZAY border-bottom-detail-themed-Ua9186 post-ufi\" style=\"text-align: justify\">\n<div class=\"pencraft pc-display-flex pc-gap-8 pc-reset\"><\/div>\n<\/div>\n<div class=\"visibility-check\" style=\"text-align: justify\"><\/div>\n<div style=\"text-align: justify\">\n<div class=\"available-content\">\n<div class=\"body markup\" dir=\"auto\">\n<div class=\"captioned-image-container\">\n<figure>\n<div class=\"image2-inset can-restack\"><img loading=\"lazy\" decoding=\"async\" class=\"sizing-normal\" src=\"https:\/\/substackcdn.com\/image\/fetch\/$s_!9vp3!,w_1456,c_limit,f_auto,q_auto:good,fl_progressive:steep\/https%3A%2F%2Fsubstack-post-media.s3.amazonaws.com%2Fpublic%2Fimages%2F8fe1b488-0555-45c7-8f80-efd3db6d931d_1050x700.jpeg\" alt=\"\" width=\"1050\" height=\"700\" data-attrs=\"{&quot;src&quot;:&quot;https:\/\/substack-post-media.s3.amazonaws.com\/public\/images\/8fe1b488-0555-45c7-8f80-efd3db6d931d_1050x700.jpeg&quot;,&quot;srcNoWatermark&quot;:null,&quot;fullscreen&quot;:null,&quot;imageSize&quot;:null,&quot;height&quot;:700,&quot;width&quot;:1050,&quot;resizeWidth&quot;:null,&quot;bytes&quot;:301728,&quot;alt&quot;:null,&quot;title&quot;:null,&quot;type&quot;:&quot;image\/jpeg&quot;,&quot;href&quot;:null,&quot;belowTheFold&quot;:false,&quot;topImage&quot;:true,&quot;internalRedirect&quot;:&quot;https:\/\/robertoiannuzzi.substack.com\/i\/180791933?img=https%3A%2F%2Fsubstack-post-media.s3.amazonaws.com%2Fpublic%2Fimages%2F8fe1b488-0555-45c7-8f80-efd3db6d931d_1050x700.jpeg&quot;,&quot;isProcessing&quot;:false,&quot;align&quot;:null,&quot;offset&quot;:false}\" \/><\/p>\n<div class=\"image-link-expand\">\n<div class=\"pencraft pc-display-flex pc-gap-8 pc-reset\"><\/div>\n<\/div>\n<\/div>\n<\/figure>\n<\/div>\n<\/div>\n<\/div>\n<\/div>\n<div class=\"captioned-image-container\" style=\"text-align: justify\">\n<figure><figcaption class=\"image-caption\">(<a href=\"https:\/\/commons.wikimedia.org\/wiki\/File:Fars_Photo_of_Destruction_in_Gaza_Strip_during_2023_War_03.jpg\" rel=\"\">Fars Media<\/a>, <a href=\"https:\/\/creativecommons.org\/licenses\/by\/4.0\/deed.en\" rel=\"\">CC BY 4.0<\/a>)<\/figcaption><\/figure>\n<\/div>\n<p style=\"text-align: justify\">\u201cIl cessate il fuoco rischia di creare la pericolosa illusione che la vita a Gaza stia tornando alla normalit\u00e0. Ma [\u2026] il mondo non deve lasciarsi ingannare. Il genocidio israeliano non \u00e8 finito\u201d.<\/p>\n<p style=\"text-align: justify\">A <a href=\"https:\/\/www.amnesty.org\/en\/latest\/news\/2025\/11\/israels-genocide-against-palestinians-in-gaza-continues-unabated-despite-ceasefire\/\" rel=\"\">pronunciare<\/a> queste parole \u00e8 stata Agn\u00e8s Callamard, gi\u00e0 relatrice speciale dell\u2019ONU, attualmente alla guida di Amnesty International. Un parere analogo lo ha <a href=\"https:\/\/www.theguardian.com\/commentisfree\/2025\/nov\/28\/the-genocide-in-gaza-is-far-from-over\" rel=\"\">espresso<\/a> lo storico israeliano Raz Segal, professore di studi sull\u2019Olocausto e sui genocidi presso la Stockton University, nel New Jersey. Segal ha affermato che i leader israeliani continuano a proferire dichiarazioni dall\u2019intento chiaramente genocidario. Un rapporto dell\u2019UNCTAD (United Nations Conference on Trade and Development) ha <a href=\"https:\/\/unctad.org\/system\/files\/official-document\/tdb72_d3_en.pdf\" rel=\"\">rilevato<\/a> che Israele ha causato nella Striscia \u201cil peggior collasso economico mai registrato\u201d. Il PIL pro capite nell\u2019enclave palestinese \u00e8 crollato a 161 dollari l\u2019anno, meno di 50 centesimi al giorno. Uno dei pi\u00f9 bassi al mondo. <a href=\"https:\/\/una-oic.org\/en\/palestinians\/2025\/01\/20\/UN%3A-92-Gaza-homes-destroyed-or-damaged\/\" rel=\"\">Oltre il 92%<\/a> degli edifici residenziali \u00e8 stato distrutto e danneggiato. Secondo Callamard, \u201cle autorit\u00e0 israeliane perseverano nelle loro politiche spietate, limitando l\u2019accesso agli aiuti umanitari vitali e ai servizi essenziali, e imponendo deliberatamente condizioni calcolate per distruggere fisicamente i palestinesi a Gaza\u201d. Amnesty afferma che gli israeliani continuano a impedire la ricostruzione di infrastrutture essenziali per il sostegno alla vita.<\/p>\n<p style=\"text-align: justify\"><a href=\"https:\/\/app.un2720.org\/tracking\/offloaded\" rel=\"\">Secondo l\u2019ONU<\/a>, dal 10 ottobre (data di inizio della tregua) al 1\u00b0 dicembre sono effettivamente entrati nella Striscia poco pi\u00f9 di 100 camion al giorno, invece dei 600 stipulati dall\u2019accordo sul cessate il fuoco. Il cibo \u00e8 insufficiente, e Israele non permette l\u2019ingresso di tende e prefabbricati, di cui vi sarebbe urgente bisogno con l\u2019arrivo delle piogge e della stagione fredda. Oltre <a href=\"https:\/\/www.timesofisrael.com\/as-winter-arrives-gazans-in-ruined-strip-fear-tents-no-match-for-cold-and-rain\/\" rel=\"\">un milione e mezzo<\/a> di palestinesi a Gaza vive nelle tende e in altri ricoveri di fortuna. Le ultime piogge torrenziali hanno distrutto pi\u00f9 di <a href=\"https:\/\/www.reuters.com\/business\/environment\/gaza-storms-bring-flooding-sewage-misery-tent-camps-2025-11-19\/\" rel=\"\">22.000 tende<\/a>. Il sovraffollamento e l\u2019esposizione ai liquami, a causa del sistema fognario distrutto, rendono ancor pi\u00f9 grave la situazione.<\/p>\n<p style=\"text-align: justify\">Come ha <a href=\"https:\/\/www.ips-journal.eu\/interviews\/the-two-state-solution-is-back-on-the-agenda-8713\/\" rel=\"\">affermato<\/a> l\u2019ex ministro israeliano Yossi Beilin, non esiste in realt\u00e0 un piano di pace perch\u00e9 non vi \u00e8 accordo su quel piano. Esso parla di uno stato palestinese a cui il premier israeliano Benjamin Netanyahu ha dichiarato di <a href=\"https:\/\/www.timesofisrael.com\/netanyahu-there-will-not-be-a-palestinian-state-even-at-cost-of-ties-with-saudis\/\" rel=\"\">opporsi<\/a> irrevocabilmente. Neanche sul disarmo di Hamas vi \u00e8 accordo fra le parti. Al pi\u00f9 vi \u00e8 un cessate il fuoco, sostiene Beilin, che viene continuamente violato. Dal 10 ottobre, data di inizio della tregua, Israele ha <a href=\"https:\/\/www.aljazeera.com\/news\/2025\/12\/3\/israel-accused-of-manoeuvring-as-it-says-gaza-crossing-open-one-way-only\" rel=\"\">ucciso<\/a> almeno 360 palestinesi.<\/p>\n<p style=\"text-align: justify\">Pur affermando di volersi attenere al piano Trump, lo stato ebraico continua a compiere operazioni militari nella Striscia. Per anni Israele ha dichiarato di rispettare il processo di pace mentre imponeva \u201cfatti sul terreno\u201d che ne hanno determinato il fallimento. Il governo Netanyahu ha ora \u201cimportato\u201d lo stesso modello a Gaza. L\u2019ingresso nella Striscia della forza internazionale di stabilizzazione prevista dal piano Trump rischia di incancrenire la crisi dell\u2019enclave palestinese invece di alleviarla, supportando di fatto l\u2019occupazione israeliana. La quasi totalit\u00e0 della popolazione palestinese \u00e8 ammassata in meno della met\u00e0 della Striscia, quella controllata da Hamas. La parte occupata da Israele \u00e8 spopolata. Nell\u2019enclave palestinese vi \u00e8 una partizione di fatto.<\/p>\n<p style=\"text-align: justify\">L\u2019amministrazione Trump prevede la <a href=\"https:\/\/thesoufancenter.org\/intelbrief-2025-december-1\/\" rel=\"\">costruzione<\/a> di \u201ccomunit\u00e0 alternative sicure\u201d solo nella cosiddetta \u201czona verde\u201d controllata da Israele, con l\u2019obiettivo di attirarvi i palestinesi con la promessa di cibo, medicine e rifugi. Ma tali comunit\u00e0 rischiano di trasformarsi in campi di concentramento <a href=\"https:\/\/www.nytimes.com\/2025\/11\/25\/world\/middleeast\/us-compounds-palestinians-israel-gaza-strip.html\" rel=\"\">controllati<\/a> da muri, telecamere di sorveglianza, e avamposti militari israeliani. I palestinesi che vorranno accedervi potrebbero essere <a href=\"https:\/\/www.haaretz.com\/israel-news\/2025-11-11\/ty-article\/.premium\/u-s-reportedly-mulls-temporary-housing-for-palestinians-in-idf-controlled-parts-of-gaza\/0000019a-726f-db1e-a1df-f77f8b4d0000\" rel=\"\">arrestati<\/a> anche solo per aver lavorato nella pubblica amministrazione di Hamas, e coloro che vi saranno ammessi rischiano di non poterne uscire. La zona controllata da Hamas rimarr\u00e0 invece senza ricostruzione ed esposta alle incursioni militari israeliane.<\/p>\n<p style=\"text-align: justify\">Alla gestione della Striscia divisa in due partecipa il cosiddetto Centro di Controllo Civile-Militare (CCCM) <a href=\"https:\/\/www.timesofisrael.com\/optimism-abounds-at-gaza-coordination-center-but-violence-puts-truce-at-risk\/\" rel=\"\">creato<\/a> dagli Stati Uniti a Kiryat Gat, nel sud di Israele. Alla conduzione del centro contribuiscono 40 paesi ed almeno <a href=\"https:\/\/www.972mag.com\/ai-surveillance-gaza-palantir-dataminr\/\" rel=\"\">due compagnie<\/a> statunitensi specializzate nella creazione di software e sistemi di sorveglianza basati sull\u2019intelligenza artificiale (IA): Palantir e Dataminr. Palantir ha una stretta collaborazione con Israele, ed \u00e8 accusata di <a href=\"https:\/\/www.business-humanrights.org\/en\/latest-news\/palantir-spacex-allegedly-complicit-in-war-crimes-amid-israels-war-in-gaza\/\" rel=\"\">complicit\u00e0<\/a> nei crimini di guerra commessi dalle forze israeliane a Gaza negli ultimi due anni.<\/p>\n<p style=\"text-align: justify\">La presenza di queste due compagnie all\u2019interno del CCCM lascia intendere che il controllo israeliano su Gaza, ora in collaborazione con gli USA, rimarr\u00e0 ferreo ed incentrato su sistemi d\u2019arma e di sorveglianza gestiti dall\u2019IA. Tali sistemi sono in grado di controllare movimenti e comunicazioni della popolazione di Gaza, monitorando social, chat, contatti telefonici e internet. L\u2019enclave palestinese sembra tragicamente destinata a rimanere un distopico laboratorio di sperimentazione di queste tecnologie, in un labirinto spettrale di macerie e disperazione apparentemente senza uscita. In questo inferno, l\u2019agonia dovuta al mancato ingresso degli aiuti e all\u2019impossibilit\u00e0 di ricostruire potrebbe in ogni momento sfociare in altri massacri determinati dalla ripresa delle operazioni militari israeliane. Ma sull\u2019ininterrotta tragedia di Gaza \u00e8 di nuovo caduto il silenzio. Il mondo sembra ancora una volta aver distolto lo sguardo.<\/p>\n<p style=\"text-align: justify\"><em>Questo articolo \u00e8 apparso sul <a href=\"https:\/\/www.ilfattoquotidiano.it\/2025\/12\/05\/genocidio-gaza-amnesty-aiuti-limitati-oggi\/8216801\/\" rel=\"\">Fatto Quotidiano<\/a><\/em><\/p>\n<p style=\"text-align: justify\"><strong>FONTE:<a href=\"https:\/\/robertoiannuzzi.substack.com\/p\/gaza-perche-malgrado-il-cessate-il\">https:\/\/robertoiannuzzi.substack.com\/p\/gaza-perche-malgrado-il-cessate-il<\/a><\/strong><\/p>\n","protected":false},"excerpt":{"rendered":"<p>di INTELLIGENCE FOR THE PEOPLE (Roberto Iannuzzi) (Fars Media, CC BY 4.0) \u201cIl cessate il fuoco rischia di creare la pericolosa illusione che la vita a Gaza stia tornando alla normalit\u00e0. Ma [\u2026] il mondo non deve lasciarsi ingannare. Il genocidio israeliano non \u00e8 finito\u201d. A pronunciare queste parole \u00e8 stata Agn\u00e8s Callamard, gi\u00e0 relatrice speciale dell\u2019ONU, attualmente alla guida di Amnesty International. Un parere analogo lo ha espresso lo storico israeliano Raz Segal, professore&#46;&#46;&#46;<\/p>\n","protected":false},"author":109,"featured_media":84587,"comment_status":"open","ping_status":"open","sticky":false,"template":"","format":"standard","meta":{"jetpack_post_was_ever_published":false,"_jetpack_newsletter_access":"","_jetpack_dont_email_post_to_subs":false,"_jetpack_newsletter_tier_id":0,"_jetpack_memberships_contains_paywalled_content":false,"_jetpack_memberships_contains_paid_content":false,"footnotes":"","jetpack_publicize_message":"","jetpack_publicize_feature_enabled":true,"jetpack_social_post_already_shared":true,"jetpack_social_options":{"image_generator_settings":{"template":"highway","enabled":false},"version":2}},"categories":[32],"tags":[],"jetpack_publicize_connections":[],"jetpack_featured_media_url":"https:\/\/appelloalpopolo.it\/wp-content\/uploads\/2024\/03\/intelligence-iannuzzi.jpg","jetpack_sharing_enabled":true,"jetpack_shortlink":"https:\/\/wp.me\/p7ZaJ4-oeI","_links":{"self":[{"href":"https:\/\/appelloalpopolo.it\/index.php?rest_route=\/wp\/v2\/posts\/93168"}],"collection":[{"href":"https:\/\/appelloalpopolo.it\/index.php?rest_route=\/wp\/v2\/posts"}],"about":[{"href":"https:\/\/appelloalpopolo.it\/index.php?rest_route=\/wp\/v2\/types\/post"}],"author":[{"embeddable":true,"href":"https:\/\/appelloalpopolo.it\/index.php?rest_route=\/wp\/v2\/users\/109"}],"replies":[{"embeddable":true,"href":"https:\/\/appelloalpopolo.it\/index.php?rest_route=%2Fwp%2Fv2%2Fcomments&post=93168"}],"version-history":[{"count":1,"href":"https:\/\/appelloalpopolo.it\/index.php?rest_route=\/wp\/v2\/posts\/93168\/revisions"}],"predecessor-version":[{"id":93169,"href":"https:\/\/appelloalpopolo.it\/index.php?rest_route=\/wp\/v2\/posts\/93168\/revisions\/93169"}],"wp:featuredmedia":[{"embeddable":true,"href":"https:\/\/appelloalpopolo.it\/index.php?rest_route=\/wp\/v2\/media\/84587"}],"wp:attachment":[{"href":"https:\/\/appelloalpopolo.it\/index.php?rest_route=%2Fwp%2Fv2%2Fmedia&parent=93168"}],"wp:term":[{"taxonomy":"category","embeddable":true,"href":"https:\/\/appelloalpopolo.it\/index.php?rest_route=%2Fwp%2Fv2%2Fcategories&post=93168"},{"taxonomy":"post_tag","embeddable":true,"href":"https:\/\/appelloalpopolo.it\/index.php?rest_route=%2Fwp%2Fv2%2Ftags&post=93168"}],"curies":[{"name":"wp","href":"https:\/\/api.w.org\/{rel}","templated":true}]}}