{"id":93306,"date":"2025-12-22T10:29:20","date_gmt":"2025-12-22T09:29:20","guid":{"rendered":"https:\/\/appelloalpopolo.it\/?p=93306"},"modified":"2025-12-22T10:29:20","modified_gmt":"2025-12-22T09:29:20","slug":"e-tutto-finito","status":"publish","type":"post","link":"https:\/\/appelloalpopolo.it\/?p=93306","title":{"rendered":"\u00c8 tutto finito"},"content":{"rendered":"<p><strong>di STEFANO D&#8217;ANDREA (pagina Facebook)<\/strong><\/p>\n<p>\u00c8 TUTTO FINITO<\/p>\n<p>Libert\u00e0 di manifestazione del pensiero,<\/p>\n<p>libert\u00e0 di ricerca e di insegnamento,<\/p>\n<p>democrazia anche soltanto &#8220;formale&#8221;, ossia come puro mezzo,<\/p>\n<p>democrazia &#8220;sostanziale&#8221;, ossia come fine,<\/p>\n<p>presupposto necessario della democrazia &#8220;sosta ziale&#8221;, ossia il conflitto politico tra partiti popolari,<\/p>\n<p>scuola pubblica come strumento di promozione sociale,<\/p>\n<p>equilibrio demografico, sentimento di appartenenza a una comunit\u00e0 di destino, e omogeneit\u00e0 linguistico-culturale come obiettivo, ossia la nazione,<\/p>\n<p>libert\u00e0 dello Stato, ossia l&#8217;indipendenza,<\/p>\n<p>sovranit\u00e0 dello Stato, ossia la possibilita di libert\u00e0 dello Stato,<\/p>\n<p>sano individualismo, che non \u00e8 il singolarismo (patologico) attuale,<\/p>\n<p>piena occupazione, produzione di beni, di servizi soltanto essenziali, con repressione della finanza e delle rendite in generale, ossia sano liberalsocialismo,<\/p>\n<p>formazioni sociali nelle quali si forma(va) la personalit\u00e0: famiglia, isolato, quartiere, citt\u00e0, partito, sindacato, sezione, parrocchia,<\/p>\n<p>Presidente della Repubblica garante,<\/p>\n<p>mezzi di informazione statalisti o non filocapitalisti,<\/p>\n<p>in generale la Politica con la p maiuscola, che implica grandi ideologie declamate, diffuse e vissute, e non le microideologie ridicole (dobbiamo salvare il pianeta), false credenze (debito pubblico e inflazione brutti e cattivi) o suprematismi moralistici demenziali (dobbiamo esportare democrazia e diriti umani; dobbiamo combattere dittatori e autocrati malvagi),<\/p>\n<p>tutto il sostrato materiale e tutte le strutture formali della Costituzione della Repubblica italiana sono andati perduti.<br \/>\nMancando anche il sostrato materiale, non si pu\u00f2 nemmeno ri-cominciare: non ci sar\u00e0 un nuovo inizio democratico.<\/p>\n<p>Potrebbe esservi. astrattamente, un nuovo inizio autoritario.<\/p>\n<p>Tuttavia mancano anche minoranze coraggiose e capaci.<\/p>\n<p>Perci\u00f2 quando arriver\u00e0 anche formalmente un governo autoritario, sar\u00e0 a difesa dell&#8217;ordine e niente altro, insomma a difesa del nulla, contro il rischio che sorgano minoranze coraggiose e capaci.<\/p>\n<p>Se dopo il liberalismo \u00e8 arrivato il fascismo, dopo il neoliberalismo arriver\u00e0 il neofascismo, che sar\u00e0 peggiore del fascismo, visto che emerger\u00e0 a tutela del neoliberalismo, che \u00e8 stato molto peggiore del liberalismo (il quale ha avuto anche moltissimi lati positivi).<\/p>\n<p><strong>FONTE:\u00a0<a href=\"https:\/\/m.facebook.com\/story.php?story_fbid=pfbid0Uv56zdAQkUcc6SNsLifQEAAqRqwywUCSVuUyNs5uQiRe2WNbcRTz6c9wyBN46abHl&amp;id=100002422616001\">https:\/\/m.facebook.com\/story.php?story_fbid=pfbid0Uv56zdAQkUcc6SNsLifQEAAqRqwywUCSVuUyNs5uQiRe2WNbcRTz6c9wyBN46abHl&amp;id=100002422616001<\/a><\/strong><\/p>\n","protected":false},"excerpt":{"rendered":"<p>di STEFANO D&#8217;ANDREA (pagina Facebook) \u00c8 TUTTO FINITO Libert\u00e0 di manifestazione del pensiero, libert\u00e0 di ricerca e di insegnamento, democrazia anche soltanto &#8220;formale&#8221;, ossia come puro mezzo, democrazia &#8220;sostanziale&#8221;, ossia come fine, presupposto necessario della democrazia &#8220;sosta ziale&#8221;, ossia il conflitto politico tra partiti popolari, scuola pubblica come strumento di promozione sociale, equilibrio demografico, sentimento di appartenenza a una comunit\u00e0 di destino, e omogeneit\u00e0 linguistico-culturale come obiettivo, ossia la nazione, libert\u00e0 dello Stato, ossia l&#8217;indipendenza,&#46;&#46;&#46;<\/p>\n","protected":false},"author":103,"featured_media":93307,"comment_status":"open","ping_status":"open","sticky":false,"template":"","format":"standard","meta":{"jetpack_post_was_ever_published":false,"_jetpack_newsletter_access":"","_jetpack_dont_email_post_to_subs":false,"_jetpack_newsletter_tier_id":0,"_jetpack_memberships_contains_paywalled_content":false,"_jetpack_memberships_contains_paid_content":false,"footnotes":"","jetpack_publicize_message":"","jetpack_publicize_feature_enabled":true,"jetpack_social_post_already_shared":true,"jetpack_social_options":{"image_generator_settings":{"template":"highway","enabled":false},"version":2}},"categories":[32],"tags":[],"jetpack_publicize_connections":[],"jetpack_featured_media_url":"https:\/\/appelloalpopolo.it\/wp-content\/uploads\/2025\/12\/FB_IMG_1766395513297.jpg","jetpack_sharing_enabled":true,"jetpack_shortlink":"https:\/\/wp.me\/p7ZaJ4-ogW","_links":{"self":[{"href":"https:\/\/appelloalpopolo.it\/index.php?rest_route=\/wp\/v2\/posts\/93306"}],"collection":[{"href":"https:\/\/appelloalpopolo.it\/index.php?rest_route=\/wp\/v2\/posts"}],"about":[{"href":"https:\/\/appelloalpopolo.it\/index.php?rest_route=\/wp\/v2\/types\/post"}],"author":[{"embeddable":true,"href":"https:\/\/appelloalpopolo.it\/index.php?rest_route=\/wp\/v2\/users\/103"}],"replies":[{"embeddable":true,"href":"https:\/\/appelloalpopolo.it\/index.php?rest_route=%2Fwp%2Fv2%2Fcomments&post=93306"}],"version-history":[{"count":1,"href":"https:\/\/appelloalpopolo.it\/index.php?rest_route=\/wp\/v2\/posts\/93306\/revisions"}],"predecessor-version":[{"id":93308,"href":"https:\/\/appelloalpopolo.it\/index.php?rest_route=\/wp\/v2\/posts\/93306\/revisions\/93308"}],"wp:featuredmedia":[{"embeddable":true,"href":"https:\/\/appelloalpopolo.it\/index.php?rest_route=\/wp\/v2\/media\/93307"}],"wp:attachment":[{"href":"https:\/\/appelloalpopolo.it\/index.php?rest_route=%2Fwp%2Fv2%2Fmedia&parent=93306"}],"wp:term":[{"taxonomy":"category","embeddable":true,"href":"https:\/\/appelloalpopolo.it\/index.php?rest_route=%2Fwp%2Fv2%2Fcategories&post=93306"},{"taxonomy":"post_tag","embeddable":true,"href":"https:\/\/appelloalpopolo.it\/index.php?rest_route=%2Fwp%2Fv2%2Ftags&post=93306"}],"curies":[{"name":"wp","href":"https:\/\/api.w.org\/{rel}","templated":true}]}}