{"id":93309,"date":"2025-12-22T10:50:50","date_gmt":"2025-12-22T09:50:50","guid":{"rendered":"https:\/\/appelloalpopolo.it\/?p=93309"},"modified":"2025-12-22T10:56:18","modified_gmt":"2025-12-22T09:56:18","slug":"il-governo-meloni-ha-modificato-la-legge-di-bilancio-aumentando-leta-pensionabile","status":"publish","type":"post","link":"https:\/\/appelloalpopolo.it\/?p=93309","title":{"rendered":"Il governo Meloni ha modificato la legge di bilancio aumentando l\u2019et\u00e0 pensionabile"},"content":{"rendered":"<p><strong>da L&#8217;INDIPENDENTE ONLINE (Stefano Budino)<\/strong><\/p>\n<p><img loading=\"lazy\" decoding=\"async\" class=\"alignnone size-medium wp-image-93310\" src=\"https:\/\/appelloalpopolo.it\/wp-content\/uploads\/2025\/12\/governo-meloni-300x200.jpg\" alt=\"\" width=\"300\" height=\"200\" srcset=\"https:\/\/appelloalpopolo.it\/wp-content\/uploads\/2025\/12\/governo-meloni-300x200.jpg 300w, https:\/\/appelloalpopolo.it\/wp-content\/uploads\/2025\/12\/governo-meloni-768x512.jpg 768w, https:\/\/appelloalpopolo.it\/wp-content\/uploads\/2025\/12\/governo-meloni.jpg 1000w\" sizes=\"(max-width: 300px) 100vw, 300px\" \/><\/p>\n<p class=\"pf0\"><span class=\"cf0\">Il governo Meloni ha inserito nella legge di bilancio una serie di modifiche che rialzano i requisiti per il pensionamento e allungano i tempi di decorrenza dell\u2019assegno, con effetti progressivi dal 2027 in poi. Accanto al ritorno dell\u2019adeguamento automatico dei requisiti alla speranza di vita (con +1 mese nel 2027 e scatti pi\u00f9 consistenti dal 2028), il maxiemendamento introduce anche <strong>l\u2019allungamento della \u201cfinestra\u201d tra maturazione dei requisiti e percezione della pensione<\/strong>, nonch\u00e9 <strong>una parziale sterilizzazione del riscatto della laurea<\/strong>. Le misure hanno scatenato contestazioni sindacali e dissensi nella maggioranza, mentre la premier ha escluso effetti retroattivi sul riscatto gi\u00e0 perfezionato. Tale mossa viene inquadrata dai critici come <strong>l\u2019ennesimo tradimento al mandato elettorale da parte delle forze di governo<\/strong>, che pi\u00f9 volte avevano attaccato gli effetti della riforma Fornero sulle pensioni, ma che ora l\u2019hanno resa addirittura pi\u00f9 restrittiva.<\/span><\/p>\n<p class=\"pf0\"><span class=\"cf0\">L\u2019intervento principale conferma il <a href=\"https:\/\/www.senato.it\/service\/PDF\/PDFServer\/BGT\/1477487.pdf#page=30\" target=\"_blank\" rel=\"noopener\">meccanismo <\/a>di adeguamento dei requisiti pensionistici all\u2019aspettativa di vita. Dopo un aumento \u201csoft\u201d di un mese nel 2027, il sistema torna a regime pieno dal 2028. Secondo le ultime proiezioni,<strong> ci\u00f2 comporter\u00e0 un progressivo innalzamento dei contributi necessari<\/strong>. Per la pensione anticipata, ad esempio, si passer\u00e0 dagli attuali 42 anni e 10 mesi per gli uomini a 43 anni e 1 mese nel 2028, fino a raggiungere 43 anni e 9 mesi dal 2037. La vera novit\u00e0 dell\u2019emendamento riguarda la cosiddetta \u201cfinestra mobile\u201d, il periodo di attesa tra la maturazione dei requisiti e la decorrenza della pensione. Attualmente fissata a tre mesi, <strong>sar\u00e0 gradualmente allungata<\/strong>: salir\u00e0 a quattro mesi per chi matura i requisiti nel 2032-2033, a cinque mesi per il 2034 e a sei mesi a partire dal 2035. Questo posticipo, unito all\u2019adeguamento demografico, <strong>comporter\u00e0 un significativo rinvio dell\u2019uscita effettiva dal lavoro<\/strong>. \u00abFormalmente la finestra non \u00e8 un requisito contributivo, ma nei fatti costringe lavoratrici e lavoratori a restare pi\u00f9 a lungo nel lavoro o senza reddito, rinviando la decorrenza della pensione\u00bb, hanno fatto notare i sindacati.<\/span><\/p>\n<p class=\"pf0\"><span class=\"cf0\">La misura che ha scatenato le polemiche politiche, anche all\u2019interno della maggioranza, riguarda il riscatto della laurea. Il testo originario prevedeva una penalizzazione progressiva di questo strumento a partire dal 2031: nel conteggio dei contributi utili per la pensione anticipata, <strong>verrebbero \u201csterilizzati\u201d dai 6 ai 30 mesi degli anni riscattati<\/strong>. Dopo le proteste, la premier Meloni \u00e8 intervenuta correggendo il tiro: \u00abNessuno che ha riscattato la laurea vedr\u00e0 cambiata l\u2019attuale situazione. Qualsiasi modifica che dovesse intervenire varr\u00e0 solo per il futuro\u00bb. La Lega, attraverso il senatore Claudio Borghi, ha presentato un subemendamento per cancellare completamente le misure sulle finestre e sul riscatto, definendole \u00ab<strong>clausole di salvaguardia inserite da qualche tecnico troppo zelante<\/strong>\u00bb. Ma Meloni appare intenzionata a tirare dritto.<\/span><\/p>\n<p class=\"pf0\"><span class=\"cf0\">L\u2019impatto sociale \u00e8 al centro delle critiche: la Cgil evidenzia come l\u2019aumento dei requisiti non colpisca tutti allo stesso modo <strong>ma pesi in modo sproporzionato sui redditi pi\u00f9 bassi e sulle carriere discontinue<\/strong>. L\u2019analisi del sindacato segnala che 5,1 milioni di dipendenti del settore privato <\/span><span class=\"cf1\">\u2014 il 29% del totale \u2014 non riescono oggi a maturare un anno pieno di contributi, spesso per contratti brevi, part-time involontari o salari che restano sotto il <\/span><span class=\"cf0\">\u00abminimale contributivo\u00bb. Dal 2022 al 2026 tale soglia \u00e8 salita del 16,5%, pi\u00f9 rapidamente delle retribuzioni, e <strong>per il 2026 per far valere 12 mesi saranno necessari almeno 12.551 euro annui<\/strong>: chi resta al di sotto \u201cperde\u201d settimane di contribuzione anche lavorando tutto l\u2019anno.<\/span><\/p>\n<p class=\"pf0\"><span class=\"cf0\">A nemmeno due settimane dalla scadenza della conversione in legge alle Camere, per venire incontro ai <em>desiderata <\/em>di Confindustria <strong>il governo <\/strong><\/span><span class=\"cf1\"><strong>ha proposto di prolungare per altri tre anni agevolazioni fiscali sugli investimenti<\/strong>; inoltre, ha stanziato risorse aggiuntive \u2014 1,3 miliardi e 532 milioni \u2014 destinate rispettivamente a incentivi legati a Transizione 4.0 e ai crediti d\u2019imposta per gli investimenti nelle Zone economiche speciali (ZES). Parallelamente, c\u2019<\/span><span class=\"cf0\">\u00e8 stato l\u2019intervento sulle pensioni. Il paradosso evidenziato dai sindacati \u00e8 che <strong>un governo che aveva promesso il superamento della legge Fornero ne ripristina invece la logica degli adeguamenti automatici<\/strong>, scaricando gli oneri della sostenibilit\u00e0 del sistema proprio sulle categorie pi\u00f9 fragili. \u00abFlessibilit\u00e0 in uscita dal mondo del lavoro e accesso facilitato alla pensione, favorendo al contempo il ricambio generazionale\u00bb, \u00abstop all\u2019adeguamento automatico dell\u2019et\u00e0 pensionabile all\u2019aspettativa di vita\u00bb, \u00abun sistema pensionistico che garantisca anche le giovani generazioni e chi percepir\u00e0 l\u2019assegno solo in base al regime contributivo\u00bb, si <a href=\"https:\/\/www.programmafdi2022.it\/il-diritto-a-una-vecchiaia-serena\/\" target=\"_blank\" rel=\"noopener\">leggeva <\/a>a chiare lettere nel programma con cui Fratelli D\u2019Italia ha vinto le elezioni nel 2022. Il vicepremier Matteo Salvini, nel corso degli anni, <strong>ha pi\u00f9 volte parlato della legge Fornero come di \u00abuna schifezza\u00bb e qualcosa di \u00abdisumano\u00bb e \u00abimmorale\u00bb<\/strong>, <a href=\"https:\/\/www.facebook.com\/watch\/?v=10155489535523155\" target=\"_blank\" rel=\"noopener\">annunciando <\/a>che la sua cancellazione \u2013 definita <\/span><span class=\"cf0\">un \u00abimpegno <\/span><span class=\"cf0\">morale\u00bb <\/span><span class=\"cf1\">\u2013 sarebbe stata <span class=\"cf0\">\u00ab<\/span>la prima cosa da fare una volta al governo<span class=\"cf0\">\u00bb<\/span>. Dal 2018 Salvini \u00e8 salito al governo per tre volte, ma la Legge Fornero \u00e8 ancora l\u00ec.<\/span><\/p>\n<p><strong>FONTE:\u00a0<a href=\"https:\/\/www.lindipendente.online\/2025\/12\/18\/il-governo-meloni-ha-modificato-la-legge-di-bilancio-aumentando-leta-pensionabile\/\">https:\/\/www.lindipendente.online\/2025\/12\/18\/il-governo-meloni-ha-modificato-la-legge-di-bilancio-aumentando-leta-pensionabile\/<\/a><\/strong><\/p>\n","protected":false},"excerpt":{"rendered":"<p>da L&#8217;INDIPENDENTE ONLINE (Stefano Budino) Il governo Meloni ha inserito nella legge di bilancio una serie di modifiche che rialzano i requisiti per il pensionamento e allungano i tempi di decorrenza dell\u2019assegno, con effetti progressivi dal 2027 in poi. Accanto al ritorno dell\u2019adeguamento automatico dei requisiti alla speranza di vita (con +1 mese nel 2027 e scatti pi\u00f9 consistenti dal 2028), il maxiemendamento introduce anche l\u2019allungamento della \u201cfinestra\u201d tra maturazione dei requisiti e percezione della&#46;&#46;&#46;<\/p>\n","protected":false},"author":103,"featured_media":84764,"comment_status":"open","ping_status":"open","sticky":false,"template":"","format":"standard","meta":{"jetpack_post_was_ever_published":false,"_jetpack_newsletter_access":"","_jetpack_dont_email_post_to_subs":false,"_jetpack_newsletter_tier_id":0,"_jetpack_memberships_contains_paywalled_content":false,"_jetpack_memberships_contains_paid_content":false,"footnotes":"","jetpack_publicize_message":"","jetpack_publicize_feature_enabled":true,"jetpack_social_post_already_shared":true,"jetpack_social_options":{"image_generator_settings":{"template":"highway","enabled":false},"version":2}},"categories":[32],"tags":[],"jetpack_publicize_connections":[],"jetpack_featured_media_url":"https:\/\/appelloalpopolo.it\/wp-content\/uploads\/2024\/04\/LIndipendente.online.jpg","jetpack_sharing_enabled":true,"jetpack_shortlink":"https:\/\/wp.me\/p7ZaJ4-ogZ","_links":{"self":[{"href":"https:\/\/appelloalpopolo.it\/index.php?rest_route=\/wp\/v2\/posts\/93309"}],"collection":[{"href":"https:\/\/appelloalpopolo.it\/index.php?rest_route=\/wp\/v2\/posts"}],"about":[{"href":"https:\/\/appelloalpopolo.it\/index.php?rest_route=\/wp\/v2\/types\/post"}],"author":[{"embeddable":true,"href":"https:\/\/appelloalpopolo.it\/index.php?rest_route=\/wp\/v2\/users\/103"}],"replies":[{"embeddable":true,"href":"https:\/\/appelloalpopolo.it\/index.php?rest_route=%2Fwp%2Fv2%2Fcomments&post=93309"}],"version-history":[{"count":4,"href":"https:\/\/appelloalpopolo.it\/index.php?rest_route=\/wp\/v2\/posts\/93309\/revisions"}],"predecessor-version":[{"id":93314,"href":"https:\/\/appelloalpopolo.it\/index.php?rest_route=\/wp\/v2\/posts\/93309\/revisions\/93314"}],"wp:featuredmedia":[{"embeddable":true,"href":"https:\/\/appelloalpopolo.it\/index.php?rest_route=\/wp\/v2\/media\/84764"}],"wp:attachment":[{"href":"https:\/\/appelloalpopolo.it\/index.php?rest_route=%2Fwp%2Fv2%2Fmedia&parent=93309"}],"wp:term":[{"taxonomy":"category","embeddable":true,"href":"https:\/\/appelloalpopolo.it\/index.php?rest_route=%2Fwp%2Fv2%2Fcategories&post=93309"},{"taxonomy":"post_tag","embeddable":true,"href":"https:\/\/appelloalpopolo.it\/index.php?rest_route=%2Fwp%2Fv2%2Ftags&post=93309"}],"curies":[{"name":"wp","href":"https:\/\/api.w.org\/{rel}","templated":true}]}}