{"id":93318,"date":"2025-12-23T10:15:11","date_gmt":"2025-12-23T09:15:11","guid":{"rendered":"https:\/\/appelloalpopolo.it\/?p=93318"},"modified":"2025-12-23T08:54:42","modified_gmt":"2025-12-23T07:54:42","slug":"il-caso-jacques-baud-perche-lue-e-ridicola-anche-quando-e-autoritaria","status":"publish","type":"post","link":"https:\/\/appelloalpopolo.it\/?p=93318","title":{"rendered":"Il caso Jacques Baud. Perch\u00e9 l\u2019UE \u00e8 ridicola anche quando \u00e8 autoritaria"},"content":{"rendered":"<p><strong>da LA FIONDA (Emanuele Maggio)<\/strong><\/p>\n<p><img loading=\"lazy\" decoding=\"async\" class=\"alignnone size-medium wp-image-93319\" src=\"https:\/\/appelloalpopolo.it\/wp-content\/uploads\/2025\/12\/Il-caso-Baud-paradigma-del-nuovo-Regime-europeo-la-pedagogia-della-paura-300x178.webp\" alt=\"\" width=\"300\" height=\"178\" srcset=\"https:\/\/appelloalpopolo.it\/wp-content\/uploads\/2025\/12\/Il-caso-Baud-paradigma-del-nuovo-Regime-europeo-la-pedagogia-della-paura-300x178.webp 300w, https:\/\/appelloalpopolo.it\/wp-content\/uploads\/2025\/12\/Il-caso-Baud-paradigma-del-nuovo-Regime-europeo-la-pedagogia-della-paura-1024x608.webp 1024w, https:\/\/appelloalpopolo.it\/wp-content\/uploads\/2025\/12\/Il-caso-Baud-paradigma-del-nuovo-Regime-europeo-la-pedagogia-della-paura-768x456.webp 768w, https:\/\/appelloalpopolo.it\/wp-content\/uploads\/2025\/12\/Il-caso-Baud-paradigma-del-nuovo-Regime-europeo-la-pedagogia-della-paura.webp 1061w\" sizes=\"(max-width: 300px) 100vw, 300px\" \/><\/p>\n<p>L\u2019omicidio civile di Jacques Baud, per mano dell\u2019Unione Europea, preoccupa tutte le persone con un QI pari o superiore alla temperatura ambiente (in Celsius, non in Kelvin), di qualunque schieramento politico.<\/p>\n<p>Sul pover\u2019uomo, ex colonnello svizzero ed ex collaboratore Onu e Nato, si \u00e8 abbattuta la Santa Inquisizione del debanking, che colpisce l\u00e0 dove non pu\u00f2 nulla il debunking.<\/p>\n<p>Conti bancari bloccati, sanzioni potenziali ai familiari, divieto di circolazione in UE, divieto di diffondere il proprio pensiero.<\/p>\n<p>La sua colpa: aver scritto sul conflitto ucraino quello che scrivo pure io e mille altri, ma con il supporto di documenti desecretati dei servizi segreti inglesi e americani. E francesi.<\/p>\n<p>Si tende a sottovalutare il ruolo della Francia nell\u2019impegno UE contro \u201cl\u2019attacco ibrido russo alle democrazie\u201d. L\u2019iniziativa regolamentare \u00e8 partita proprio dalla Francia, e insieme a Jacques Baud (che scrive e pubblica in francese) \u00e8 stato colpito anche Xavier Moreau, ex ufficiale militare francese.<\/p>\n<p>Se si scorre l\u2019elenco delle 54 entit\u00e0 sanzionate fino a questo momento, si scopre che molte sono agenzie di influenza russe in Africa (non in Europa, in Africa), in competizione con i francesi.<\/p>\n<p>L\u2019elettore di Calenda sperava che lo strumento servisse per chiudere la bocca a un Travaglio, e invece viene usato soprattutto per gli affari colonialisti francesi. Che delusione.<\/p>\n<p>Ci\u00f2 non toglie che parliamo di un pericolo esteso, che riguarda tutti (anche l\u2019ignaro e ingenuo elettore di Calenda).<\/p>\n<p>Nell\u2019Unione Europea il GOVERNO (semplifico), e non un tribunale, pu\u00f2 incriminare senza prove un cittadino, che poi dovr\u00e0 dimostrare la propria innocenza. Nel frattempo gli viene negata la possibilit\u00e0 di comprarsi un panino.<\/p>\n<p>Ora, questa prassi oscurantista \u00e8 molto inquietante, tuttavia al momento non sembra molto efficace. Non dobbiamo mai dimenticare che tutto ci\u00f2 che ha a che fare con l\u2019Unione Europea, persino l\u2019oscurantismo, \u00e8 condannato ad essere ridicolo.<\/p>\n<p>Jacques Baud \u00e8 stato sanzionato, ma il suo libro aumenta le vendite su Amazon (che non \u00e8 europea e non rischia sanzioni).<\/p>\n<p>Le ultime misure europee contro la \u201cguerra ibrida\u201d russa si riducono alla persecuzione di qualche gruppetto di hacker russi e di un settantenne svizzero che, siccome la Svizzera non \u00e8 in UE, potrebbe comunque ricevere denaro da un conto in patria.<\/p>\n<p>Vorremmo tanto immaginarci l\u2019UE con gli occhi \u201cscuri e penetranti\u201d del Big Brother di Orwell, ma quello che vediamo \u00e8 solo lo sguardo da cernia di Kaja Kallas.<\/p>\n<p>Sono stupidi anche quando sono cattivi, e sono pericolosi perch\u00e9 sono stupidi.<\/p>\n<p>Con questo non voglio sminuire la gravit\u00e0 della situazione. Voglio anzi dire che \u00e8 ancora pi\u00f9 grave, perch\u00e9 mossa da imprevedibile idiozia.<\/p>\n<p>Anche il DSA europeo (la censura sui social) ha seguito lo stesso destino tragicomico. In quel caso la volont\u00e0 di censura ha incontrato un limite giuridico e uno economico.<\/p>\n<p>Nessuno si chiede come mai, con il DSA in vigore, non si fa piazza pulita della \u201cguerra ibrida\u201d sui social, chiudendo decine di migliaia di profili con un click? Avere un elenco di questi profili \u00e8 facile. Il problema viene dopo.<\/p>\n<p>Un testo unico di regolamentazione come il DSA ha inevitabilmente comportato un sistema automatico di ricorsi e indennizzi a disposizione dei censurati, per non intasare i tribunali comunitari.<\/p>\n<p>Con chiusure di massa dei profili (immotivate), soprattutto di profili \u201cmilitanti\u201d con un seguito e magari una conversione economica dell\u2019audience, i prevedibili risarcimenti non sarebbero gestibili.<\/p>\n<p>Non solo. Censure di massa colpirebbero ci\u00f2 da cui le piattaforme americane estraggono il profitto: il traffico. Per questo i social si stanno orientando pi\u00f9 verso la marginalizzazione della dissidenza, rinchiusa all\u2019interno di bolle a cui l\u2019algoritmo impedisce di crescere. La censura non paga.<\/p>\n<p>Il debanking \u00e8 pi\u00f9 preoccupante, perch\u00e9 ancora agisce in uno spazio non regolamentato, di puro arbitrio.<\/p>\n<p>Certo, negli Usa molte vittime di questo sistema hanno gi\u00e0 ottenuto giustizia nei tribunali, e presto succeder\u00e0 pure in Europa, anche in virt\u00f9 della Direttiva UE 2014\/92 (ciascun cittadino ha diritto a un conto di base, che non pu\u00f2 essere chiuso o rifiutato per motivazioni politiche o per presunti \u201crischi reputazionali\u201d dell\u2019ente bancario).<\/p>\n<p>Inoltre, l\u2019articolo 3 comma 1 del Regolamento UE 2024\/2642 (quello contro la \u201cguerra ibrida russa\u201d) prevede curiosamente che le autorit\u00e0 competenti degli Stati Membri possano attivarsi per garantire le spese essenziali del soggetto escluso dal circuito finanziario.<\/p>\n<p>Tuttavia, questo non basta. Nel frattempo che si aspettano ricorsi e tempi della giustizia, la Commissione ti ha colpito e danneggiato. E riguardo ai ricorsi, se la UE aderisse alla CEDU staremmo pi\u00f9 tranquilli.<\/p>\n<p>(E gi\u00e0, perch\u00e9 l\u2019Unione Europea NON ADERISCE alla Convenzione Europea dei Diritti dell\u2019Uomo).<\/p>\n<p>Insomma, non credo sia mai esistito nella storia umana un apparato repressivo cos\u00ec crudele contro l\u2019individuo e cos\u00ec inefficace e demenziale nei suoi effetti sociali.<\/p>\n<p>Mi sovvengono certe ironie di Musil sulla \u201cCacania\u201d, l\u2019ottusa macchina asburgica, la decadenza di una burocrazia tanto rigida quanto irrazionale. Un\u2019evidente eredit\u00e0 culturale di questa Europa \u201cteutonica\u201d (nel senso ampio di \u201cgermanica\u201d).<\/p>\n<p>Ma pi\u00f9 che i fatti si temono le tendenze. Rischiamo di andare verso una societ\u00e0 del credito sociale priva di contante, o verso la repressione esplicita dell\u2019Inghilterra, dove le cose si fanno alla vecchia maniera: arresti e manganelli.<\/p>\n<p>Posti seri, mica come l\u2019UE, che fa ridere anche quando fa piangere.<\/p>\n<p><strong>FONTE:\u00a0<a href=\"https:\/\/www.lafionda.org\/2025\/12\/22\/il-caso-jacques-baud-perche-lue-e-ridicola-anche-quando-e-autoritaria\/\">https:\/\/www.lafionda.org\/2025\/12\/22\/il-caso-jacques-baud-perche-lue-e-ridicola-anche-quando-e-autoritaria\/<\/a><\/strong><\/p>\n","protected":false},"excerpt":{"rendered":"<p>da LA FIONDA (Emanuele Maggio) L\u2019omicidio civile di Jacques Baud, per mano dell\u2019Unione Europea, preoccupa tutte le persone con un QI pari o superiore alla temperatura ambiente (in Celsius, non in Kelvin), di qualunque schieramento politico. Sul pover\u2019uomo, ex colonnello svizzero ed ex collaboratore Onu e Nato, si \u00e8 abbattuta la Santa Inquisizione del debanking, che colpisce l\u00e0 dove non pu\u00f2 nulla il debunking. Conti bancari bloccati, sanzioni potenziali ai familiari, divieto di circolazione in&#46;&#46;&#46;<\/p>\n","protected":false},"author":103,"featured_media":89999,"comment_status":"open","ping_status":"open","sticky":false,"template":"","format":"standard","meta":{"jetpack_post_was_ever_published":false,"_jetpack_newsletter_access":"","_jetpack_dont_email_post_to_subs":false,"_jetpack_newsletter_tier_id":0,"_jetpack_memberships_contains_paywalled_content":false,"_jetpack_memberships_contains_paid_content":false,"footnotes":"","jetpack_publicize_message":"","jetpack_publicize_feature_enabled":true,"jetpack_social_post_already_shared":true,"jetpack_social_options":{"image_generator_settings":{"template":"highway","enabled":false},"version":2}},"categories":[32],"tags":[],"jetpack_publicize_connections":[],"jetpack_featured_media_url":"https:\/\/appelloalpopolo.it\/wp-content\/uploads\/2025\/05\/IMG_0516-1.jpeg","jetpack_sharing_enabled":true,"jetpack_shortlink":"https:\/\/wp.me\/p7ZaJ4-oh8","_links":{"self":[{"href":"https:\/\/appelloalpopolo.it\/index.php?rest_route=\/wp\/v2\/posts\/93318"}],"collection":[{"href":"https:\/\/appelloalpopolo.it\/index.php?rest_route=\/wp\/v2\/posts"}],"about":[{"href":"https:\/\/appelloalpopolo.it\/index.php?rest_route=\/wp\/v2\/types\/post"}],"author":[{"embeddable":true,"href":"https:\/\/appelloalpopolo.it\/index.php?rest_route=\/wp\/v2\/users\/103"}],"replies":[{"embeddable":true,"href":"https:\/\/appelloalpopolo.it\/index.php?rest_route=%2Fwp%2Fv2%2Fcomments&post=93318"}],"version-history":[{"count":1,"href":"https:\/\/appelloalpopolo.it\/index.php?rest_route=\/wp\/v2\/posts\/93318\/revisions"}],"predecessor-version":[{"id":93320,"href":"https:\/\/appelloalpopolo.it\/index.php?rest_route=\/wp\/v2\/posts\/93318\/revisions\/93320"}],"wp:featuredmedia":[{"embeddable":true,"href":"https:\/\/appelloalpopolo.it\/index.php?rest_route=\/wp\/v2\/media\/89999"}],"wp:attachment":[{"href":"https:\/\/appelloalpopolo.it\/index.php?rest_route=%2Fwp%2Fv2%2Fmedia&parent=93318"}],"wp:term":[{"taxonomy":"category","embeddable":true,"href":"https:\/\/appelloalpopolo.it\/index.php?rest_route=%2Fwp%2Fv2%2Fcategories&post=93318"},{"taxonomy":"post_tag","embeddable":true,"href":"https:\/\/appelloalpopolo.it\/index.php?rest_route=%2Fwp%2Fv2%2Ftags&post=93318"}],"curies":[{"name":"wp","href":"https:\/\/api.w.org\/{rel}","templated":true}]}}