{"id":93321,"date":"2025-12-24T08:30:03","date_gmt":"2025-12-24T07:30:03","guid":{"rendered":"https:\/\/appelloalpopolo.it\/?p=93321"},"modified":"2025-12-23T15:03:37","modified_gmt":"2025-12-23T14:03:37","slug":"lo-squadrista-bamboccione","status":"publish","type":"post","link":"https:\/\/appelloalpopolo.it\/?p=93321","title":{"rendered":"Lo squadrista bamboccione"},"content":{"rendered":"<p style=\"text-align: justify\"><strong>di FERDINANDO PASTORE (Pagina FB)<\/strong><\/p>\n<p style=\"text-align: justify\"><img loading=\"lazy\" decoding=\"async\" class=\"alignnone size-medium wp-image-93322\" src=\"https:\/\/appelloalpopolo.it\/wp-content\/uploads\/2025\/12\/FB_IMG_1766498508539-300x224.jpg\" alt=\"\" width=\"300\" height=\"224\" srcset=\"https:\/\/appelloalpopolo.it\/wp-content\/uploads\/2025\/12\/FB_IMG_1766498508539-300x224.jpg 300w, https:\/\/appelloalpopolo.it\/wp-content\/uploads\/2025\/12\/FB_IMG_1766498508539-1024x763.jpg 1024w, https:\/\/appelloalpopolo.it\/wp-content\/uploads\/2025\/12\/FB_IMG_1766498508539-768x573.jpg 768w, https:\/\/appelloalpopolo.it\/wp-content\/uploads\/2025\/12\/FB_IMG_1766498508539.jpg 1434w\" sizes=\"(max-width: 300px) 100vw, 300px\" \/><\/p>\n<p style=\"text-align: justify\">Uno dei grandi guai dei nostri tempi \u00e8 aver riabilitato i repressi. L&#8217;attenzione alla sensibilit\u00e0 politicamente corretta ha dovuto tendere una mano a quelli che venivano chiamati bambini impuniti. A Roma si chiamavano &#8220;puzzoni&#8221;. Un po&#8217; frignoni, tanto figli di mamm\u00e0, se ne andavano piangendo alla prima presa in giro, in genere col pallone sottobraccio. La loro socialit\u00e0 era trasfigurata da madri iper-apprensive capaci di trasmettere quel panico relazionale che si sarebbe trasformato in aggressivit\u00e0 latente.<\/p>\n<p style=\"text-align: justify\">Non si divertivano mai. La loro sfida era provocare negli altri una reazione per poi impermalosirsi in pianti accusatori pieni di bile. Ecco, questi prototipi di essere umano crescevano mantenendo le stesse caratteristiche di bimbo, per\u00f2 imprigionato nel corpo di un gigante. Quella suscettibilit\u00e0 impunita non l&#8217;avrebbero mai dispersa. I videogiochi sarebbero diventati il loro amico immaginario, anche in et\u00e0 adulta. Il risentimento la loro coperta di Linus.<\/p>\n<p style=\"text-align: justify\">Negli anni dell&#8217;inclusione programmata dal Ministero della Verit\u00e0, la loro personalit\u00e0 \u00e8 stata socializzata, idealizzata in modello algoritmico. Quell&#8217;indole, potenzialmente nazista e un tempo giustamente nascosta nelle camerette, \u00e8 stata utilizzata per modellare gli influencer virtuali e la loro propaganda ideologica tutta ottimismo, occidente e mercato. E ora anche guerra. Azione, Pi\u00f9 Europa, Partito Radicale e Italia Viva raggruppano in un unico agglomerato questi squadristi glabri, questi fanciulli verbosi sempre rassicurati dai tripli saloni dove mamma e pap\u00e0 leggono le riviste pi\u00f9 glamour pianificando la prossima Courmayeur. Arrivano, infatti, le vacanze di Natale, immancabilmente col bamboccione al seguito.<\/p>\n<p style=\"text-align: justify\"><strong>Fonte:\u00a0<a href=\"https:\/\/www.facebook.com\/share\/p\/1CHTxMYHPb\/\">https:\/\/www.facebook.com\/share\/p\/1CHTxMYHPb\/<\/a><\/strong><\/p>\n","protected":false},"excerpt":{"rendered":"<p>di FERDINANDO PASTORE (Pagina FB) Uno dei grandi guai dei nostri tempi \u00e8 aver riabilitato i repressi. L&#8217;attenzione alla sensibilit\u00e0 politicamente corretta ha dovuto tendere una mano a quelli che venivano chiamati bambini impuniti. A Roma si chiamavano &#8220;puzzoni&#8221;. Un po&#8217; frignoni, tanto figli di mamm\u00e0, se ne andavano piangendo alla prima presa in giro, in genere col pallone sottobraccio. La loro socialit\u00e0 era trasfigurata da madri iper-apprensive capaci di trasmettere quel panico relazionale che&#46;&#46;&#46;<\/p>\n","protected":false},"author":95,"featured_media":89105,"comment_status":"open","ping_status":"open","sticky":false,"template":"","format":"standard","meta":{"jetpack_post_was_ever_published":false,"_jetpack_newsletter_access":"","_jetpack_dont_email_post_to_subs":false,"_jetpack_newsletter_tier_id":0,"_jetpack_memberships_contains_paywalled_content":false,"_jetpack_memberships_contains_paid_content":false,"footnotes":"","jetpack_publicize_message":"","jetpack_publicize_feature_enabled":true,"jetpack_social_post_already_shared":true,"jetpack_social_options":{"image_generator_settings":{"template":"highway","enabled":false},"version":2}},"categories":[32],"tags":[],"jetpack_publicize_connections":[],"jetpack_featured_media_url":"https:\/\/appelloalpopolo.it\/wp-content\/uploads\/2025\/02\/Ferdinando-Pastore.jpg","jetpack_sharing_enabled":true,"jetpack_shortlink":"https:\/\/wp.me\/p7ZaJ4-ohb","_links":{"self":[{"href":"https:\/\/appelloalpopolo.it\/index.php?rest_route=\/wp\/v2\/posts\/93321"}],"collection":[{"href":"https:\/\/appelloalpopolo.it\/index.php?rest_route=\/wp\/v2\/posts"}],"about":[{"href":"https:\/\/appelloalpopolo.it\/index.php?rest_route=\/wp\/v2\/types\/post"}],"author":[{"embeddable":true,"href":"https:\/\/appelloalpopolo.it\/index.php?rest_route=\/wp\/v2\/users\/95"}],"replies":[{"embeddable":true,"href":"https:\/\/appelloalpopolo.it\/index.php?rest_route=%2Fwp%2Fv2%2Fcomments&post=93321"}],"version-history":[{"count":1,"href":"https:\/\/appelloalpopolo.it\/index.php?rest_route=\/wp\/v2\/posts\/93321\/revisions"}],"predecessor-version":[{"id":93323,"href":"https:\/\/appelloalpopolo.it\/index.php?rest_route=\/wp\/v2\/posts\/93321\/revisions\/93323"}],"wp:featuredmedia":[{"embeddable":true,"href":"https:\/\/appelloalpopolo.it\/index.php?rest_route=\/wp\/v2\/media\/89105"}],"wp:attachment":[{"href":"https:\/\/appelloalpopolo.it\/index.php?rest_route=%2Fwp%2Fv2%2Fmedia&parent=93321"}],"wp:term":[{"taxonomy":"category","embeddable":true,"href":"https:\/\/appelloalpopolo.it\/index.php?rest_route=%2Fwp%2Fv2%2Fcategories&post=93321"},{"taxonomy":"post_tag","embeddable":true,"href":"https:\/\/appelloalpopolo.it\/index.php?rest_route=%2Fwp%2Fv2%2Ftags&post=93321"}],"curies":[{"name":"wp","href":"https:\/\/api.w.org\/{rel}","templated":true}]}}