{"id":93331,"date":"2025-12-24T14:06:32","date_gmt":"2025-12-24T13:06:32","guid":{"rendered":"https:\/\/appelloalpopolo.it\/?p=93331"},"modified":"2025-12-24T14:07:52","modified_gmt":"2025-12-24T13:07:52","slug":"spaccata-in-tre-il-vaso-di-pandora-intervista-gaiani","status":"publish","type":"post","link":"https:\/\/appelloalpopolo.it\/?p=93331","title":{"rendered":"Adesso l\u2019Europa \u00e8 spaccata in tre. Il Vaso di Pandora intervista Gaiani"},"content":{"rendered":"<p><strong>da ANALISI DIFESA (Redazione)<\/strong><\/p>\n<div class=\"post-gallery\">\n<div class=\"thumb-wrap\"><img loading=\"lazy\" decoding=\"async\" class=\"attachment-post-thumbnail size-post-thumbnail wp-post-image\" src=\"https:\/\/www.analisidifesa.it\/wp-content\/uploads\/2025\/12\/hq720-1.jpg\" alt=\"\" width=\"686\" height=\"386\" \/><\/div>\n<\/div>\n<div class=\"the-content\">\n<p>L\u2019Unione Europea prova a fornire un\u2019immagine di compattezza dando, dopo alcuni giorni di smarrimento, l\u2019ok all\u2019iniziativa di Macron che ha proposto a Putin un incontro. Macron andr\u00e0 da solo al possibile (probabile) incontro? Chi potrebbe aggregarsi? Cosa andr\u00e0 a dire Macron a Putin?<\/p>\n<p>Che postura manterr\u00e0 in quell\u2019eventuale incontro? E cosa dir\u00e0 Putin a Macron? L\u2019Unione Europea con i prestito di 90mld di \u20ac per il biennio 2026-2027 ha di fatto scommesso sulla sua vittoria e quindi sulla sconfitta della Russia. Il conflitto sul campo intanto prosegue. Ecco la vera situazione delle operazioni militari, al netto della propaganda di guerra.<\/p>\n<p><strong>La nostra intervista a al direttore della rivista \u201cAnalisi Difesa\u201d, il giornalista e saggista Gianandrea Gaiani. Conduce Carlo Svegnago.<\/strong><\/p>\n<p>Intervista realizzata nel pomeriggio del 23 dicembre.<\/p>\n<p>Guarda il video qui sotto o a questo link.<\/p>\n<p><iframe loading=\"lazy\" class=\" map_do_not_touch\" title=\"Putin, una grande vittoria diplomatica nel cuore dell\u2019Europa - Gianandrea Gaiani\" src=\"https:\/\/www.youtube.com\/embed\/rdbrVI9kKhE?feature=oembed\" width=\"604\" height=\"340\" frameborder=\"0\" allowfullscreen=\"allowfullscreen\" data-gtm-yt-inspected-12=\"true\" data-mce-fragment=\"1\"><\/iframe><\/p>\n<\/div>\n<p><strong>FONTE:\u00a0<a href=\"https:\/\/www.analisidifesa.it\/2025\/12\/adesso-leuropa-e-spaccata-in-tre-il-vaso-di-pandora-intervista-gaiani\/\">https:\/\/www.analisidifesa.it\/2025\/12\/adesso-leuropa-e-spaccata-in-tre-il-vaso-di-pandora-intervista-gaiani\/<\/a><\/strong><\/p>\n","protected":false},"excerpt":{"rendered":"<p>da ANALISI DIFESA (Redazione) L\u2019Unione Europea prova a fornire un\u2019immagine di compattezza dando, dopo alcuni giorni di smarrimento, l\u2019ok all\u2019iniziativa di Macron che ha proposto a Putin un incontro. Macron andr\u00e0 da solo al possibile (probabile) incontro? Chi potrebbe aggregarsi? Cosa andr\u00e0 a dire Macron a Putin? Che postura manterr\u00e0 in quell\u2019eventuale incontro? E cosa dir\u00e0 Putin a Macron? L\u2019Unione Europea con i prestito di 90mld di \u20ac per il biennio 2026-2027 ha di fatto&#46;&#46;&#46;<\/p>\n","protected":false},"author":103,"featured_media":34021,"comment_status":"open","ping_status":"open","sticky":false,"template":"","format":"standard","meta":{"jetpack_post_was_ever_published":false,"_jetpack_newsletter_access":"","_jetpack_dont_email_post_to_subs":false,"_jetpack_newsletter_tier_id":0,"_jetpack_memberships_contains_paywalled_content":false,"_jetpack_memberships_contains_paid_content":false,"footnotes":"","jetpack_publicize_message":"","jetpack_publicize_feature_enabled":true,"jetpack_social_post_already_shared":true,"jetpack_social_options":{"image_generator_settings":{"template":"highway","enabled":false},"version":2}},"categories":[32],"tags":[],"jetpack_publicize_connections":[],"jetpack_featured_media_url":"https:\/\/appelloalpopolo.it\/wp-content\/uploads\/2017\/09\/analisidifesa.png","jetpack_sharing_enabled":true,"jetpack_shortlink":"https:\/\/wp.me\/p7ZaJ4-ohl","_links":{"self":[{"href":"https:\/\/appelloalpopolo.it\/index.php?rest_route=\/wp\/v2\/posts\/93331"}],"collection":[{"href":"https:\/\/appelloalpopolo.it\/index.php?rest_route=\/wp\/v2\/posts"}],"about":[{"href":"https:\/\/appelloalpopolo.it\/index.php?rest_route=\/wp\/v2\/types\/post"}],"author":[{"embeddable":true,"href":"https:\/\/appelloalpopolo.it\/index.php?rest_route=\/wp\/v2\/users\/103"}],"replies":[{"embeddable":true,"href":"https:\/\/appelloalpopolo.it\/index.php?rest_route=%2Fwp%2Fv2%2Fcomments&post=93331"}],"version-history":[{"count":3,"href":"https:\/\/appelloalpopolo.it\/index.php?rest_route=\/wp\/v2\/posts\/93331\/revisions"}],"predecessor-version":[{"id":93334,"href":"https:\/\/appelloalpopolo.it\/index.php?rest_route=\/wp\/v2\/posts\/93331\/revisions\/93334"}],"wp:featuredmedia":[{"embeddable":true,"href":"https:\/\/appelloalpopolo.it\/index.php?rest_route=\/wp\/v2\/media\/34021"}],"wp:attachment":[{"href":"https:\/\/appelloalpopolo.it\/index.php?rest_route=%2Fwp%2Fv2%2Fmedia&parent=93331"}],"wp:term":[{"taxonomy":"category","embeddable":true,"href":"https:\/\/appelloalpopolo.it\/index.php?rest_route=%2Fwp%2Fv2%2Fcategories&post=93331"},{"taxonomy":"post_tag","embeddable":true,"href":"https:\/\/appelloalpopolo.it\/index.php?rest_route=%2Fwp%2Fv2%2Ftags&post=93331"}],"curies":[{"name":"wp","href":"https:\/\/api.w.org\/{rel}","templated":true}]}}